{"id":20432,"date":"2022-08-17T12:31:08","date_gmt":"2022-08-17T09:31:08","guid":{"rendered":"http:\/\/akdenizolaygazetesi.com\/?p=20432"},"modified":"2022-08-17T12:31:08","modified_gmt":"2022-08-17T09:31:08","slug":"mersin-idman-yurduna-siyaset-ustu-bir-anlayisla-sahip-cikacagiz","status":"publish","type":"post","link":"https:\/\/akdenizolaygazetesi.com\/?p=20432","title":{"rendered":"&#8220;MERS\u0130N \u0130DMAN YURDU&#8217;NA S\u0130YASET \u00dcST\u00dc B\u0130R ANLAYI\u015eLA SAH\u0130P \u00c7IKACA\u011eIZ&#8221;"},"content":{"rendered":"<p>Mersin B\u00fcy\u00fck\u015fehir Belediye Ba\u015fkan\u0131 Vahap Se\u00e7er, Yeni Mersin \u0130dman Yurdu Kul\u00fcb\u00fc taraf\u0131ndan kentin as\u0131rl\u0131k \u00e7\u0131nar\u0131 Mersin \u0130dman Yurdu&#8217;nun 97. kurulu\u015f y\u0131ld\u00f6n\u00fcm\u00fcnde d\u00fczenlenen co\u015fkulu etkinli\u011fe kat\u0131ld\u0131.<br \/>\nKutlama etkinli\u011fine; Ba\u015fkan Se\u00e7er&#8217;in yan\u0131 s\u0131ra Mersin Valisi Ali Hamza Pehlivan, Toroslar Belediye Ba\u015fkan\u0131 Ats\u0131z Af\u015fin Y\u0131lmaz, Mersin Gen\u00e7lik ve Spor \u0130l M\u00fcd\u00fcr\u00fc \u00d6kke\u015f Demir, Yeni Mersin \u0130dman Yurdu Kul\u00fcp Ba\u015fkan\u0131 Metin Salt\u0131k, Tarsus Organize ve Sanayi B\u00f6lgesi Ba\u015fkan\u0131 Sabri Tekli ile B\u00fcy\u00fck\u015fehir Belediyesi b\u00fcrokratlar\u0131 kat\u0131ld\u0131.<br \/>\n&#8220;Bug\u00fcn Mersin \u0130dman Yurdu tekrar k\u00fcllerinden do\u011fuyor&#8221;<br \/>\nKonu\u015fmas\u0131na, Mersin \u0130dman Yurdu&#8217;nun kurulu\u015f y\u0131ld\u00f6n\u00fcm\u00fcn\u00fc kutlayarak ba\u015flayan Ba\u015fkan Se\u00e7er, &#8220;Mersin \u0130dman Yurdu as\u0131rl\u0131k bir \u00e7\u0131nar. \u00dcz\u00fcnt\u00fcl\u00fc y\u0131llar ya\u015fand\u0131, ama bug\u00fcn Mersin \u0130dman Yurdu tekrar k\u00fcllerinden do\u011fuyor. Mersin \u0130dman Yurdu&#8217;nun Mersin&#8217;e kataca\u011f\u0131 en \u00f6nemli \u015fey; Mersin&#8217;in huzuruna, birli\u011fine, beraberli\u011fine yapaca\u011f\u0131 katk\u0131d\u0131r. Biz onun i\u00e7in spor diyoruz, onun i\u00e7in spor kul\u00fcplerimiz diyoruz, onun i\u00e7in Mersin \u0130dman Yurdu diyoruz. Ge\u00e7ici bir kriz d\u00f6nemi ya\u015fand\u0131. Say\u0131n Metin Ba\u015fkan\u0131n ve nezdinde t\u00fcm y\u00f6netim kurulu \u00fcyelerinin \u00fcst\u00fcn \u00e7abalar\u0131yla, Mersin \u0130dman Yurdu&#8217;nun o g\u00fczel g\u00fcnlerine, ba\u015far\u0131dan ba\u015far\u0131ya ko\u015fan g\u00fcnlerine y\u00fcr\u00fcmesinin form\u00fcl\u00fc belli. Bu ilac\u0131n ad\u0131 Mersin&#8217;in birli\u011fi, beraberli\u011fi, herkesin bu davaya, bu m\u00fccadeleye sahip \u00e7\u0131kmas\u0131&#8221; ifadelerini kulland\u0131.<br \/>\n&#8220;Mersin \u0130dman Yurdu&#8217;na siyaset \u00fcst\u00fc bir anlay\u0131\u015fla sahip \u00e7\u0131kaca\u011f\u0131z&#8221;<br \/>\nMersin&#8217;in \u00e7e\u015fitli zenginliklere sahip bir kent oldu\u011funu belirten Ba\u015fkan Se\u00e7er, &#8220;Mersin zengin bir kent, \u00f6v\u00fcn\u00fcyoruz. Liman\u0131m\u0131z, i\u015f insanlar\u0131m\u0131z var, muazzam \u00fcreten bir kent. Kul\u00fcplerimizin desteklenmesi laz\u0131m. Ge\u00e7mi\u015ften kaynaklanan hatalar\u0131m\u0131z\u0131 tekrar yapmamam\u0131z laz\u0131m. Mersin \u0130dman Yurdu siyaset \u00fcst\u00fcd\u00fcr. Hangi siyasi partiye mensup olursak olal\u0131m, Mersin&#8217;in spor kul\u00fcb\u00fc Mersin \u0130dman Yurdu&#8217;na siyaset \u00fcst\u00fc bir anlay\u0131\u015fla sahip \u00e7\u0131kaca\u011f\u0131z. Bunun s\u00f6z\u00fcn\u00fc de ben B\u00fcy\u00fck\u015fehir Belediye Ba\u015fkan\u0131n\u0131z olarak veriyorum. Bundan sonra trib\u00fcnlerin dolmas\u0131n\u0131 arzu ediyoruz. Bizler de orada olaca\u011f\u0131z. Ba\u015fkan\u0131m\u0131z\u0131n daha iyi transferler yapmas\u0131na, biz de katk\u0131 vermeyi s\u00fcrd\u00fcrece\u011fiz&#8221; dedi.<br \/>\n&#8220;Yeni Mersin \u0130dman Yurdu Meydan\u0131&#8217;n\u0131 buradan s\u00f6z veriyorum&#8221;<br \/>\nMersin \u0130dman Yurdu Meydan\u0131&#8217;na baz\u0131 ele\u015ftiriler ald\u0131klar\u0131n\u0131 da belirten Ba\u015fkan Se\u00e7er, bu ele\u015ftirilere ili\u015fkin \u015fu a\u00e7\u0131klamay\u0131 yapt\u0131:<br \/>\n&#8220;\u0130\u00e7inde bulundu\u011fumuz meydan, Mersin \u0130dman Yurdu Meydan\u0131. Mersin \u0130dman Yurdu Meydan\u0131&#8217;n\u0131n daha g\u00fczel bir \u015fekilde olmas\u0131 laz\u0131m diye bana \u00e7ok ele\u015ftiri geldi. Buras\u0131 Mersin B\u00fcy\u00fck\u015fehir Belediyesi&#8217;ne ait bir park, ancak tahsis sorunu y\u00fcz\u00fcnden Hilton&#8217;a kadar olan b\u00f6l\u00fcmde yenileme \u00e7al\u0131\u015fmalar\u0131n\u0131 yapam\u0131yoruz. Ben Say\u0131n Valimizi ziyaret etti\u011fimde de kendisine, kurumlardan ya da bakanl\u0131klardan beklentilerimizi aktard\u0131m. Bu tahsis konusunu da o dosyan\u0131n i\u00e7ine koymu\u015ftum. Mersin \u0130dman Yurdu ile ilgili yeni meydan projemiz de haz\u0131r. Mersin \u0130dman Yurdu Meydan\u0131 ile Hilton aras\u0131nda kalan b\u00f6l\u00fcmde yapaca\u011f\u0131m\u0131z yenileme \u00e7al\u0131\u015fmalar\u0131nda, yeni Mersin \u0130dman Yurdu Meydan\u0131&#8217;n\u0131 hayata ge\u00e7irmeye buradan s\u00f6z veriyorum. Tarsus&#8217;tan Anamur&#8217;a kadar de\u011fi\u015fik liglerde m\u00fccadele eden kul\u00fcplerimizle, Mersin&#8217;in ismini her platformda tan\u0131tmak i\u00e7in gayretimizi s\u00fcrd\u00fcrece\u011fiz. Do\u011fum g\u00fcn\u00fcn\u00fcz kutlu olsun. Nice ya\u015flara olsun. \u0130n\u015fallah bu sezon sonunda, yine burada bir kutlama yapaca\u011f\u0131z. Mersin \u0130dman Yurdu&#8217;nun \u015fampiyonluk kutlamas\u0131n\u0131 yapaca\u011f\u0131z. \u0130lle de Mersin \u0130dman Yurdu&#8221; \u015feklinde tamamlad\u0131.<\/p>\n","protected":false},"excerpt":{"rendered":"<p>Mersin B\u00fcy\u00fck\u015fehir Belediye Ba\u015fkan\u0131 Vahap Se\u00e7er, Yeni Mersin \u0130dman Yurdu Kul\u00fcb\u00fc taraf\u0131ndan kentin as\u0131rl\u0131k \u00e7\u0131nar\u0131 Mersin \u0130dman Yurdu&#8217;nun 97. kurulu\u015f y\u0131ld\u00f6n\u00fcm\u00fcnde d\u00fczenlenen co\u015fkulu etkinli\u011fe kat\u0131ld\u0131. Kutlama etkinli\u011fine; Ba\u015fkan Se\u00e7er&#8217;in yan\u0131 &hellip; <a href=\"https:\/\/akdenizolaygazetesi.com\/?p=20432\" class=\"more-link\">Devam\u0131n\u0131 Oku&#8230;<\/a><\/p>\n","protected":false},"author":2,"featured_media":20433,"comment_status":"open","ping_status":"open","sticky":false,"template":"","format":"standard","meta":[],"categories":[3,5,10],"tags":[],"_links":{"self":[{"href":"https:\/\/akdenizolaygazetesi.com\/index.php?rest_route=\/wp\/v2\/posts\/20432"}],"collection":[{"href":"https:\/\/akdenizolaygazetesi.com\/index.php?rest_route=\/wp\/v2\/posts"}],"about":[{"href":"https:\/\/akdenizolaygazetesi.com\/index.php?rest_route=\/wp\/v2\/types\/post"}],"author":[{"embeddable":true,"href":"https:\/\/akdenizolaygazetesi.com\/index.php?rest_route=\/wp\/v2\/users\/2"}],"replies":[{"embeddable":true,"href":"https:\/\/akdenizolaygazetesi.com\/index.php?rest_route=%2Fwp%2Fv2%2Fcomments&post=20432"}],"version-history":[{"count":1,"href":"https:\/\/akdenizolaygazetesi.com\/index.php?rest_route=\/wp\/v2\/posts\/20432\/revisions"}],"predecessor-version":[{"id":20434,"href":"https:\/\/akdenizolaygazetesi.com\/index.php?rest_route=\/wp\/v2\/posts\/20432\/revisions\/20434"}],"wp:featuredmedia":[{"embeddable":true,"href":"https:\/\/akdenizolaygazetesi.com\/index.php?rest_route=\/wp\/v2\/media\/20433"}],"wp:attachment":[{"href":"https:\/\/akdenizolaygazetesi.com\/index.php?rest_route=%2Fwp%2Fv2%2Fmedia&parent=20432"}],"wp:term":[{"taxonomy":"category","embeddable":true,"href":"https:\/\/akdenizolaygazetesi.com\/index.php?rest_route=%2Fwp%2Fv2%2Fcategories&post=20432"},{"taxonomy":"post_tag","embeddable":true,"href":"https:\/\/akdenizolaygazetesi.com\/index.php?rest_route=%2Fwp%2Fv2%2Ftags&post=20432"}],"curies":[{"name":"wp","href":"https:\/\/api.w.org\/{rel}","templated":true}]}}