{"id":20437,"date":"2022-08-18T12:10:29","date_gmt":"2022-08-18T09:10:29","guid":{"rendered":"http:\/\/akdenizolaygazetesi.com\/?p=20437"},"modified":"2022-08-18T12:10:29","modified_gmt":"2022-08-18T09:10:29","slug":"akdeniz-belediye-baskani-gultak-bahce-ve-kultur-mahallelerini-ziyaret-etti","status":"publish","type":"post","link":"https:\/\/akdenizolaygazetesi.com\/?p=20437","title":{"rendered":"AKDEN\u0130Z BELED\u0130YE BA\u015eKANI  G\u00dcLTAK, BAH\u00c7E VE K\u00dcLT\u00dcR MAHALLELER\u0130N\u0130 Z\u0130YARET ETT\u0130"},"content":{"rendered":"<p>Akdeniz Belediye Ba\u015fkan\u0131 G\u00fcltak, beraberinde Mersin Milletvekili Zeynep G\u00fcl Y\u0131lmaz ve AK Parti \u0130l\u00e7e Ba\u015fkanl\u0131\u011f\u0131 y\u00f6neticileri ile birlikte Bah\u00e7e ve K\u00fclt\u00fcr Mahalleleri sakinlerini ziyaret etti. Ba\u015fkan G\u00fcltak, mahalle muhtarlar\u0131n\u0131n su, elektrik, telefon ve internet faturalar\u0131n\u0131 kolayl\u0131kla \u00f6deyebilmeleri i\u00e7in hayata ge\u00e7irdikleri 500 TL\u2019lik ayni yard\u0131m miktar\u0131n\u0131, Eyl\u00fcl ay\u0131nda yap\u0131lacak meclis toplant\u0131s\u0131nda alacaklar\u0131 kararla artt\u0131racaklar\u0131n\u0131 belirtti.<br \/>\nBah\u00e7e ve K\u00fclt\u00fcr mahallelerinde, a\u00e7\u0131k havada d\u00fczenlenen toplant\u0131larda; Ba\u015fkan G\u00fcltak,  Milletvekili Y\u0131lmaz ve beraberindeki heyet, Bah\u00e7e Mahallesi Muhtar\u0131 Mehmet Dane ile K\u00fclt\u00fcr Mahallesi Muhtar\u0131 Ali Karadeniz, vatanda\u015flar ve \u00c7aml\u0131bel Bal\u0131k\u00e7\u0131 Bar\u0131na\u011f\u0131\u2019nda bal\u0131k-ekmek satan esnafla bir araya geldi. Ziyaret nedeniyle memnuniyetlerini dile getiren muhtarlar Dane ve Karadeniz, mahallelerine yap\u0131lan hizmetler nedeniyle Ba\u015fkan G\u00fcltak\u2019a te\u015fekk\u00fcr ettiler, kalan hizmetlerin de en k\u0131sa zamanda gelmesini talep ettiler.<br \/>\nG\u00fcltak; \u201cMahallelerin asfalt sorunu yak\u0131n zamanda \u00e7\u00f6z\u00fclecek\u201d<br \/>\nBulu\u015fmada konu\u015fan Ba\u015fkan Mustafa G\u00fcltak ise, g\u00f6reve geldikleri ilk g\u00fcnden beri halkla i\u00e7 i\u00e7e olduklar\u0131n\u0131 vurgulad\u0131; ziyaret etmedik mahalle b\u0131rakmad\u0131klar\u0131n\u0131, vatanda\u015f ve esnaf\u0131 yerinde dinlediklerini s\u00f6yledi. Akdeniz\u2019in baz\u0131 mahallelerinde asfalt s\u0131k\u0131nt\u0131s\u0131n\u0131n s\u00fcrd\u00fc\u011f\u00fcn\u00fc belirten Ba\u015fkan G\u00fcltak; \u201cBu sorunu da \u00e7ok yak\u0131nda \u00e7\u00f6z\u00fcyoruz. Meclis\u2019ten bor\u00e7lanma yetkisini ald\u0131k. \u015eu an bankalarla da g\u00f6r\u00fc\u015f\u00fcyoruz. Krediyi \u00e7ekti\u011fimiz andan itibaren, \u00fcretime haz\u0131r olan asfalt tesisimiz sayesinde ihtiya\u00e7 duyan mahallelerimizin sokaklar\u0131na s\u0131cak asfalt d\u00f6kmeye ba\u015flayaca\u011f\u0131z. Akdeniz\u2019e kazand\u0131rd\u0131\u011f\u0131m\u0131z ve bug\u00fcnk\u00fc de\u011feri 100 milyon liray\u0131 bulan tesisimiz hizmet vermeye ba\u015flayacak. Akdeniz, kuruldu\u011fundan bug\u00fcne dek ilk kez b\u00f6ylesi bir tesis kazan\u0131yor\u201d dedi. Ba\u015fkan G\u00fcltak; Akdeniz\u2019e yeni spor tesisleri kazand\u0131rd\u0131klar\u0131n\u0131, Bah\u00e7e ve Bar\u0131\u015f Mahallelerinde bulunan t\u00fcrbeleri yenilediklerini de s\u00f6yledi.<br \/>\n\u201cMuhtarlara \u00f6denen ayni destek miktar\u0131n\u0131 artt\u0131r\u0131yoruz\u201d<br \/>\nMersin\u2019de, muhtarlara ayni yard\u0131m ba\u015flatan ilk belediye olduklar\u0131n\u0131 da belirten Ba\u015fkan G\u00fcltak, muhtarlar\u0131n elektrik, su, telefon ve internet faturalar\u0131n\u0131n 500 TL\u2019ye kadarl\u0131k k\u0131sm\u0131n\u0131 \u00f6dediklerini, Eyl\u00fcl ay\u0131nda yap\u0131lacak Meclis toplant\u0131s\u0131nda alacaklar\u0131 kararla, bu miktar\u0131 daha da artt\u0131racaklar\u0131n\u0131 ifade etti. Akdeniz Belediye Ba\u015fkan\u0131 Mustafa G\u00fcltak; \u201cCumhurba\u015fkan\u0131m\u0131z gibi bizler de muhtarlar\u0131m\u0131z\u0131 \u00e7ok \u00f6nemsiyoruz. Muhtarlar\u0131m\u0131z ger\u00e7ekten halk\u0131n iradesi ile se\u00e7ilip g\u00f6reve gelen, \u00e7ile \u00e7eken insanlar. Dolay\u0131s\u0131yla biz de onlara destek olduk\u201d ifadelerini kulland\u0131.<br \/>\n\u201cAkdenizli 2 bin 500 kad\u0131n; tarih, do\u011fa ve k\u00fclt\u00fcr gezilerine kat\u0131ld\u0131\u201d<br \/>\nBirka\u00e7 hafta \u00f6nce Turgut Reis Mahallesi\u2019ne, 11\u2019inci k\u00fclt\u00fcr ve sanat evini kazand\u0131rd\u0131klar\u0131n\u0131 da hat\u0131rlatan Ba\u015fkan Mustafa G\u00fctak, Bar\u0131\u015f Mahallesi kentsel d\u00f6n\u00fc\u015f\u00fcm projesi kapsam\u0131nda b\u00f6lgeye 800 metre geni\u015fli\u011finde bir k\u00fclt\u00fcr ve sanat evi yap\u0131laca\u011f\u0131n\u0131 vurgulad\u0131. Ba\u015fkan G\u00fcltak, bug\u00fcne dek Akdenizli 2 bin 500 civar\u0131nda kad\u0131n\u0131 da Hatay, Gaziantep, Nev\u015fehir, \u015eanl\u0131urfa ve Mut\u2019a tarih, k\u00fclt\u00fcr ve do\u011fa gezilerine g\u00f6t\u00fcrd\u00fcklerini s\u00f6yledi, se\u00e7ime kadar bu say\u0131n\u0131n 5 binlere kadar \u00e7\u0131kaca\u011f\u0131n\u0131 kaydetti.<br \/>\n\u201cAkdenizli gen\u00e7ler e\u011fitimde ba\u015far\u0131 hik\u00e2yeleri yaz\u0131yor\u201d<br \/>\nGen\u00e7lere sunulan \u00fccretsiz e\u011fitim deste\u011finden de bahseden Ba\u015fkan Mustafa G\u00fcltak; \u201cGen\u00e7lerimize sa\u011flad\u0131\u011f\u0131m\u0131z e\u011fitim destekleri sayesinde \u00e7ok b\u00fcy\u00fck ba\u015far\u0131 hik\u00e2yeleri de do\u011fuyor. Ge\u00e7en sene \u0130clal k\u0131z\u0131m\u0131z, online e\u011fitim akademisi program\u0131m\u0131z \u00fczerinden \u00e7al\u0131\u015farak Amasya T\u0131p Fak\u00fcltesi\u2019ni kazand\u0131. Yine bu program \u00fczerinden \u00fcniversite s\u0131nav\u0131na haz\u0131rlanan Deniz adl\u0131 \u00c7ay Mahallesi\u2019nde ya\u015fayan gencimiz de YKS say\u0131salda T\u00fcrkiye 496\u2019\u0131nc\u0131s\u0131 olma ba\u015far\u0131s\u0131 elde etti. Kendisiyle bu sabah g\u00f6r\u00fc\u015ft\u00fcm, tercihlerini yapm\u0131\u015f. Sabanc\u0131 \u00dcniversitesi\u2019nde tam burslu bilgisayar m\u00fchendisli\u011fi b\u00f6l\u00fcm\u00fcn\u00fc okuyacak. Kad\u0131nlara, gen\u00e7lere ve \u00f6\u011frencilere y\u00f6nelik projelerimiz sayesinde art\u0131k Akdeniz\u2019de uyu\u015fturucu veya ter\u00f6r\u00fcn esamesi kalmad\u0131\u201d dedi. Yenileme \u00e7al\u0131\u015fmalar\u0131nda sona gelinen Y\u0131lmaz G\u00fcney Gen\u00e7lik Merkezi bah\u00e7esinde bulunan y\u00fczme havuzunu da hizmete a\u00e7t\u0131klar\u0131n\u0131 belirten Ba\u015fkan G\u00fcltak, 13-17 ya\u015f aral\u0131\u011f\u0131ndaki \u00e7ocuklara \u00fccretsiz y\u00fczme kursu vermeye ba\u015flad\u0131klar\u0131n\u0131 da s\u00f6yledi.<br \/>\n\u201cKad\u0131nlar \u00fcretiyor, gen\u00e7ler ders \u00e7al\u0131\u015f\u0131p hedeflerine ula\u015f\u0131yor\u201d<br \/>\nHer t\u00fcrl\u00fc zorlu\u011fa ra\u011fmen Akdeniz\u2019de de\u011fi\u015fim ve d\u00f6n\u00fc\u015f\u00fcm ba\u015flatt\u0131klar\u0131n\u0131 anlatan Ba\u015fkan G\u00fcltak; \u201cB\u00fct\u00fcn bu hizmet ve projeleri, ba\u015fta Cumhurba\u015fkan\u0131m\u0131z Say\u0131n Recep Tayyip Erdo\u011fan olmak \u00fczere, Bakanlar\u0131m\u0131z ve Milletvekillerimizin destekleri ile yapabiliyoruz. G\u00f6revi devrald\u0131\u011f\u0131m\u0131zda Akdeniz Belediyesi, en bor\u00e7lu belediye idi, bitirmi\u015fler, kasas\u0131nda para yok, ekside\u2026 Ama vekillerimizin sa\u011flad\u0131\u011f\u0131 destekler sayesinde projelerimizi hayata ge\u00e7iriyoruz, b\u00f6ylelikle Akdeniz h\u0131zla de\u011fi\u015fiyor ve geli\u015fiyor. Kad\u0131nlar \u00fcretiyor ve hayata at\u0131l\u0131yor; gen\u00e7lerimiz derslerine \u00e7al\u0131\u015f\u0131p hedeflerine ula\u015f\u0131yor\u201d \u015feklinde konu\u015ftu.<br \/>\nBergen filmini, a\u00e7\u0131k havada 5 bin ki\u015fi izledi<br \/>\nSosyal, k\u00fclt\u00fcrel ve e\u011fitime y\u00f6nelik projelerin artarak s\u00fcrece\u011fini belirten Belediye Ba\u015fkan\u0131 G\u00fcltak, Akdeniz\u2019de yine ilk kez hayata katt\u0131klar\u0131 geleneksel a\u00e7\u0131k hava film g\u00f6sterimlerini en \u00fccra mahallelere dek ula\u015ft\u0131rd\u0131klar\u0131n\u0131 s\u00f6yledi; son olarak Millet Bah\u00e7esi\u2019nde g\u00f6sterimi yap\u0131lan Bergen filmine yakla\u015f\u0131k 5 bin ki\u015finin kat\u0131larak izledi\u011fini ifade etti.<br \/>\n\u201cKentsel d\u00f6n\u00fc\u015f\u00fcm, farkl\u0131 mahallelerimizde devam edecek\u201d<br \/>\nKentsel d\u00f6n\u00fc\u015f\u00fcm\u00fcn \u00f6nemine bir kez daha vurgu yapan Ba\u015fkan G\u00fcltak, s\u00f6zlerini \u015f\u00f6yle s\u00fcrd\u00fcrd\u00fc; \u201c2024 y\u0131l\u0131 se\u00e7imlerinde yeniden g\u00f6reve gelmemiz halinde, Bah\u00e7e, Bar\u0131\u015f, Turgut Reis ve \u00c7ay Mahallesi d\u0131\u015f\u0131nda, \u00c7ilek Mahallesi ile birlikte 4-5 mahalleyi daha kentsel d\u00f6n\u00fc\u015f\u00fcm projesine ekleyece\u011fiz. Be\u015f sene i\u00e7inde ki \u00e7ok h\u0131zl\u0131 gidiyor, 5 sene i\u00e7inde bir il\u00e7e belediyesi TOK\u0130 ile birlikte bin konutu bitiremez ama bitiyor. \u0130n\u015fallah sonraki d\u00f6nem bu b\u00f6lgemizde daha h\u0131zl\u0131 ilerleyece\u011fiz. Buras\u0131 deprem b\u00f6lgesi de\u011fil demeyin. AFAD, 10 g\u00fcn \u00f6nce bir apartman\u0131 tamamen bo\u015faltt\u0131, \u00c7evre ve \u015eehircilik M\u00fcd\u00fcrl\u00fc\u011f\u00fc de m\u00fch\u00fcrledi. \u00c7\u00fcnk\u00fc bu binalar\u0131n \u00f6mr\u00fc bitti, bu b\u00f6lgenin tek kurtulu\u015fu da kentsel d\u00f6n\u00fc\u015f\u00fcm. Tabi ger\u00e7ekten riskli bir i\u015f ama halk\u0131m\u0131z\u0131n deste\u011fi sayesinde bu i\u015fe girdik ve ba\u015fard\u0131k.\u201d<br \/>\nY\u0131lmaz; \u201cAkdeniz\u2019e daha nice hay\u0131rl\u0131 proje ve hizmetler kazand\u0131raca\u011f\u0131z\u201d<br \/>\nAK Parti Mersin Milletvekili Zeynep G\u00fcl Y\u0131lmaz da konu\u015fmas\u0131nda, Akdeniz sakinlerinin y\u0131llarca mahrum kald\u0131\u011f\u0131 hizmet ve projeleri vatanda\u015flara kazand\u0131rmas\u0131 nedeniyle Ba\u015fkan G\u00fcltak\u2019a te\u015fekk\u00fcr etti. \u201c\u00c7ok b\u00fcy\u00fck bir yol kat ettik. Kalan eksikleri de en k\u0131sa zamanda Say\u0131n Belediye Ba\u015fkan\u0131m\u0131z tamamlayacakt\u0131r\u201d diyen Y\u0131lmaz, \u201cH\u00fck\u00fcmetin imk\u00e2nlar\u0131n\u0131 do\u011fru kullanabilmek, ne zaman, nas\u0131l kullanaca\u011f\u0131n\u0131 yolunu y\u00f6ntemini bilebilmek de \u00e7ok \u00f6nemli bir \u015fey. Tabi say\u0131n ba\u015fkan\u0131m\u0131z da ge\u00e7mi\u015f tecr\u00fcbelerine dayanarak vizyonuyla da bunlar\u0131 biliyor. Bizlerin de deste\u011fi ve elbirli\u011fi ile in\u015fallah Akdeniz\u2019imize daha hay\u0131rl\u0131 nice i\u015fler ve hizmetler yapaca\u011f\u0131z\u201d \u015feklinde konu\u015ftu.<br \/>\nBa\u015fkan G\u00fcltak ve Milletvekili Y\u0131lmaz\u2019\u0131n konu\u015fmalar\u0131ndan sonra mahalle sakinleri de s\u00f6z alarak \u00e7e\u015fitli talep, g\u00f6r\u00fc\u015f ve ele\u015ftirilerini dile getirdi. Heyet, ard\u0131ndan da Bah\u00e7e ve K\u00fclt\u00fcr mahallelerinde faaliyet g\u00f6steren esnaflar ile \u00c7aml\u0131bel Bal\u0131k\u00e7\u0131 Bar\u0131na\u011f\u0131\u2019nda tekne i\u00e7inde bal\u0131k-ekmek satan vatanda\u015flar\u0131 ziyaret etti. <\/p>\n","protected":false},"excerpt":{"rendered":"<p>Akdeniz Belediye Ba\u015fkan\u0131 G\u00fcltak, beraberinde Mersin Milletvekili Zeynep G\u00fcl Y\u0131lmaz ve AK Parti \u0130l\u00e7e Ba\u015fkanl\u0131\u011f\u0131 y\u00f6neticileri ile birlikte Bah\u00e7e ve K\u00fclt\u00fcr Mahalleleri sakinlerini ziyaret etti. Ba\u015fkan G\u00fcltak, mahalle muhtarlar\u0131n\u0131n su, &hellip; <a href=\"https:\/\/akdenizolaygazetesi.com\/?p=20437\" class=\"more-link\">Devam\u0131n\u0131 Oku&#8230;<\/a><\/p>\n","protected":false},"author":2,"featured_media":20438,"comment_status":"open","ping_status":"open","sticky":false,"template":"","format":"standard","meta":[],"categories":[1,2,3,5,6],"tags":[],"_links":{"self":[{"href":"https:\/\/akdenizolaygazetesi.com\/index.php?rest_route=\/wp\/v2\/posts\/20437"}],"collection":[{"href":"https:\/\/akdenizolaygazetesi.com\/index.php?rest_route=\/wp\/v2\/posts"}],"about":[{"href":"https:\/\/akdenizolaygazetesi.com\/index.php?rest_route=\/wp\/v2\/types\/post"}],"author":[{"embeddable":true,"href":"https:\/\/akdenizolaygazetesi.com\/index.php?rest_route=\/wp\/v2\/users\/2"}],"replies":[{"embeddable":true,"href":"https:\/\/akdenizolaygazetesi.com\/index.php?rest_route=%2Fwp%2Fv2%2Fcomments&post=20437"}],"version-history":[{"count":1,"href":"https:\/\/akdenizolaygazetesi.com\/index.php?rest_route=\/wp\/v2\/posts\/20437\/revisions"}],"predecessor-version":[{"id":20439,"href":"https:\/\/akdenizolaygazetesi.com\/index.php?rest_route=\/wp\/v2\/posts\/20437\/revisions\/20439"}],"wp:featuredmedia":[{"embeddable":true,"href":"https:\/\/akdenizolaygazetesi.com\/index.php?rest_route=\/wp\/v2\/media\/20438"}],"wp:attachment":[{"href":"https:\/\/akdenizolaygazetesi.com\/index.php?rest_route=%2Fwp%2Fv2%2Fmedia&parent=20437"}],"wp:term":[{"taxonomy":"category","embeddable":true,"href":"https:\/\/akdenizolaygazetesi.com\/index.php?rest_route=%2Fwp%2Fv2%2Fcategories&post=20437"},{"taxonomy":"post_tag","embeddable":true,"href":"https:\/\/akdenizolaygazetesi.com\/index.php?rest_route=%2Fwp%2Fv2%2Ftags&post=20437"}],"curies":[{"name":"wp","href":"https:\/\/api.w.org\/{rel}","templated":true}]}}