{"id":2044,"date":"2020-11-04T18:22:32","date_gmt":"2020-11-04T15:22:32","guid":{"rendered":"http:\/\/mersinekonomipolitikagazetesi.com\/?p=2044"},"modified":"2020-11-04T18:22:32","modified_gmt":"2020-11-04T15:22:32","slug":"findikpinari-futbol-turnuvasi-heyecani-basliyor","status":"publish","type":"post","link":"https:\/\/akdenizolaygazetesi.com\/?p=2044","title":{"rendered":"F\u0131nd\u0131kp\u0131nar\u0131 Futbol Turnuvas\u0131 Heyecan\u0131 Ba\u015fl\u0131yor"},"content":{"rendered":"<p>Mersin B\u00fcy\u00fck\u015fehir Belediyesi taraf\u0131ndan bu y\u0131l \u00fc\u00e7\u00fcnc\u00fc kez, 30 A\u011fustos Zafer Kupas\u0131 kapsam\u0131nda d\u00fczenlenecek olan F\u0131nd\u0131kp\u0131nar\u0131 Futbol Turnuvas\u0131 i\u00e7in kar\u015f\u0131la\u015facak tak\u0131mlar i\u00e7in fikst\u00fcr \u00e7ekimi yap\u0131ld\u0131. \u00c7ekimin ard\u0131ndan turnuvaya kat\u0131lacak tak\u0131mlar\u0131n oyuncular\u0131na malzeme da\u011f\u0131t\u0131m\u0131 ger\u00e7ekle\u015ftirildi. Mersin B\u00fcy\u00fck\u015fehir Belediye Ba\u015fkan\u0131 Burhanettin Kocamaz taraf\u0131ndan ger\u00e7ekle\u015ftirildi.<\/p>\n<p class=\"p1\">Mersin B\u00fcy\u00fck\u015fehir Belediyesi Spor Tesisleri\u2019nde d\u00fczenlenen fikst\u00fcr \u00e7ekimi ve malzeme da\u011f\u0131t\u0131m t\u00f6renine Mersin B\u00fcy\u00fck\u015fehir Belediye Ba\u015fkan\u0131 Burhanettin Kocamaz, MHP Mersin \u0130l Ba\u015fkan\u0131 Zeynel U\u011fur G\u00f6lgeli, MHP Mezitli \u0130l\u00e7e Ba\u015fkan\u0131 Serdar Soydan,\u00a0 Tarsus \u0130dman Yurdu Teknik Direkt\u00f6r\u00fc \u00d6zcan K\u0131z\u0131ltan, muhtarlar, antren\u00f6rler ve her tak\u0131mdan bir temsilci yer ald\u0131.<\/p>\n<p class=\"p2\">\u00a0<\/p>\n<p class=\"p3\">Ba\u015fkan Kocamaz, \u201cTurnuvalardaki amac\u0131m\u0131z vatanda\u015flar\u0131n Mersin ortak paydas\u0131nda birle\u015fmesi\u201d<\/p>\n<p class=\"p4\">\u00a0<\/p>\n<p class=\"p1\">Mersin B\u00fcy\u00fck\u015fehir Belediyesi taraf\u0131ndan bu y\u0131l \u00fc\u00e7\u00fcnc\u00fcs\u00fc ger\u00e7ekle\u015ftirilen ve A\u011fr\u0131&#8217;n\u0131n Ele\u015fkirt il\u00e7esi k\u0131rsal\u0131nda g\u00fcvenlik g\u00fc\u00e7leri ile ter\u00f6ristler aras\u0131nda \u00e7\u0131kan \u00e7at\u0131\u015fmada \u015fehit olan Uzman \u00c7avu\u015f \u0130smail Hakk\u0131 Do\u011fan an\u0131s\u0131na ger\u00e7ekle\u015ftirilen F\u0131nd\u0131kp\u0131nar\u0131 Futbol Turnuvas\u0131 Fikst\u00fcr \u00e7ekiminde konu\u015fan Ba\u015fkan Kocamaz, \u201cBizim bu turnuvalar\u0131 yaparken amac\u0131m\u0131z yerle\u015fim birimlerimizde ya\u015fayan vatanda\u015flar\u0131m\u0131z bir araya gelsin, insanlar birbirlerini daha yak\u0131ndan tan\u0131s\u0131n, hem\u015fericilik bilinci geli\u015fsin, bar\u0131\u015f ve karde\u015flik ortam\u0131 sa\u011flanm\u0131\u015f olsun ve herkes Mersin ortak paydas\u0131nda birle\u015fsin. Tabi ki bunu yaparken oraya vatanda\u015flar\u0131m\u0131z da gelip, ma\u00e7lar\u0131 seyrediyor.\u00a0 Zaman zaman Mersin\u2019deki ma\u00e7lardan daha fazla seyirci geldi\u011fini g\u00f6r\u00fcyoruz. K\u00f6ylerimiz kendi tak\u0131mlar\u0131na sahip \u00e7\u0131k\u0131yorlar. Futbol oynayan karde\u015flerimizin de orada centilmence m\u00fccadele etmesi, herhangi bir istenmeyen olaya meydan vermemesi, trib\u00fcnleri tahrik etmemesi ya da trib\u00fcnlerin futbolcuyu tahrik etmemesi en b\u00fcy\u00fck dile\u011fimiz\u201d dedi.<\/p>\n<p class=\"p2\">\u00a0<\/p>\n<p class=\"p3\">\u201cBizim tek dile\u011fimiz bu sahalarda ahlakl\u0131 futbolcular\u0131n yeti\u015fmesi\u201d<\/p>\n<p class=\"p4\">\u00a0<\/p>\n<p class=\"p1\">Gen\u00e7leri bir araya getirmek, birle\u015ftirmek, b\u00fct\u00fcnle\u015ftirmek, kayna\u015ft\u0131rmak amac\u0131yla turnuvalara destek verdiklerini ve vermeye devam edeceklerini s\u00f6zlerine ekleyen Ba\u015fkan Kocamaz, \u201cAmat\u00f6r kul\u00fcplerimize ger\u00e7ekten bug\u00fcne kadar verilmeyen derecede destekler veriyoruz. Biz bunu Tarsus\u2019ta y\u0131llar \u00f6nce ba\u015flatm\u0131\u015ft\u0131k. Bizim tek dile\u011fimiz bu sahalardan Aziz Atat\u00fcrk\u2019\u00fcn de belirtti\u011fi gibi zeki, \u00e7evik, ayn\u0131 zamanda ahlakl\u0131 futbolcular\u0131n yeti\u015fmesi. Gerek Mersin tak\u0131mlar\u0131m\u0131zda, gerek \u00fclke tak\u0131mlar\u0131nda ve Milli Tak\u0131m\u2019da Mersin\u2019i en iyi \u015fekilde temsil etmesi. Ben kazas\u0131z, belas\u0131z, kavgas\u0131z, g\u00fcr\u00fclt\u00fcs\u00fcz g\u00fczel bir turnuva olmas\u0131n\u0131 temenni ediyorum. \u015eimdiden b\u00fct\u00fcn tak\u0131mlar\u0131m\u0131za ba\u015far\u0131lar diliyorum. Tabi ki bu turnuvalarda mutlaka bir yenen, bir yenilen olacak. Neticede herkesin birinci olma \u015fans\u0131 yok. Onun i\u00e7in kavgaya da, g\u00fcr\u00fclt\u00fcye de gerek yok. Allah hepinizin yard\u0131mc\u0131s\u0131 olsun, ba\u015far\u0131lar diliyorum\u201d diye belirtti.<\/p>\n<p class=\"p2\">\u00a0<\/p>\n<p class=\"p3\">Gruplar belli oldu<\/p>\n<p class=\"p2\">\u00a0<\/p>\n<p class=\"p1\">Ba\u015fkan Kocamaz\u2019\u0131n konu\u015fmas\u0131n\u0131n ard\u0131ndan, F\u0131nd\u0131kp\u0131nar\u0131 Futbol Turnuvas\u0131\u2019nda m\u00fccadele edecek tak\u0131mlar\u0131n fikst\u00fcr \u00e7ekimi ger\u00e7ekle\u015ftirildi. Ard\u0131ndan turnuvada yer alan her tak\u0131ma, forma tak\u0131m\u0131, antrenman topu, ma\u00e7 topu, \u00e7anta, tozluk, kaptanl\u0131k band\u0131, kaleci tak\u0131m\u0131 gibi malzemeler da\u011f\u0131t\u0131ld\u0131.<\/p>\n<p class=\"p2\">\u00a0<\/p>\n<p class=\"p1\">Bu y\u0131l 9 Haziran- 30 A\u011fustos tarihleri aras\u0131nda ger\u00e7ekle\u015ftirilecek olan F\u0131nd\u0131kp\u0131nar\u0131 Futbol Turnuvas\u0131, F\u0131nd\u0131kp\u0131nar\u0131 Futbol Sahas\u0131&#8217;nda oynanan 1. hafta ma\u00e7lar\u0131 ile ba\u015flayacak. Turnuvada, 27 k\u00f6y tak\u0131m\u0131, her cumartesi ve pazar g\u00fcnleri 2&#8217;\u015fer grup halinde oynanacak ma\u00e7larda \u015fampiyon olabilmek i\u00e7in m\u00fccadele edecek.<\/p>\n<p class=\"p2\">\u00a0<\/p>\n<p class=\"p1\">4-5 A\u011fustos tarihlerinde oynanacak olan \u00e7eyrek finalin ard\u0131ndan, 11-12 A\u011fustos\u2019ta yar\u0131 final, 19 A\u011fustos\u2019ta da Final m\u00fcsabakalar\u0131 ger\u00e7ekle\u015fecek.<\/p>\n<p class=\"p1\">\u00a0<\/p>\n","protected":false},"excerpt":{"rendered":"<p>Mersin B\u00fcy\u00fck\u015fehir Belediyesi taraf\u0131ndan bu y\u0131l \u00fc\u00e7\u00fcnc\u00fc kez, 30 A\u011fustos Zafer Kupas\u0131 kapsam\u0131nda d\u00fczenlenecek olan F\u0131nd\u0131kp\u0131nar\u0131 Futbol Turnuvas\u0131 i\u00e7in kar\u015f\u0131la\u015facak tak\u0131mlar i\u00e7in fikst\u00fcr \u00e7ekimi yap\u0131ld\u0131. \u00c7ekimin ard\u0131ndan turnuvaya kat\u0131lacak tak\u0131mlar\u0131n &hellip; <a href=\"https:\/\/akdenizolaygazetesi.com\/?p=2044\" class=\"more-link\">Devam\u0131n\u0131 Oku&#8230;<\/a><\/p>\n","protected":false},"author":1,"featured_media":0,"comment_status":"open","ping_status":"open","sticky":false,"template":"","format":"standard","meta":[],"categories":[],"tags":[],"_links":{"self":[{"href":"https:\/\/akdenizolaygazetesi.com\/index.php?rest_route=\/wp\/v2\/posts\/2044"}],"collection":[{"href":"https:\/\/akdenizolaygazetesi.com\/index.php?rest_route=\/wp\/v2\/posts"}],"about":[{"href":"https:\/\/akdenizolaygazetesi.com\/index.php?rest_route=\/wp\/v2\/types\/post"}],"author":[{"embeddable":true,"href":"https:\/\/akdenizolaygazetesi.com\/index.php?rest_route=\/wp\/v2\/users\/1"}],"replies":[{"embeddable":true,"href":"https:\/\/akdenizolaygazetesi.com\/index.php?rest_route=%2Fwp%2Fv2%2Fcomments&post=2044"}],"version-history":[{"count":0,"href":"https:\/\/akdenizolaygazetesi.com\/index.php?rest_route=\/wp\/v2\/posts\/2044\/revisions"}],"wp:attachment":[{"href":"https:\/\/akdenizolaygazetesi.com\/index.php?rest_route=%2Fwp%2Fv2%2Fmedia&parent=2044"}],"wp:term":[{"taxonomy":"category","embeddable":true,"href":"https:\/\/akdenizolaygazetesi.com\/index.php?rest_route=%2Fwp%2Fv2%2Fcategories&post=2044"},{"taxonomy":"post_tag","embeddable":true,"href":"https:\/\/akdenizolaygazetesi.com\/index.php?rest_route=%2Fwp%2Fv2%2Ftags&post=2044"}],"curies":[{"name":"wp","href":"https:\/\/api.w.org\/{rel}","templated":true}]}}