{"id":20440,"date":"2022-08-18T12:12:29","date_gmt":"2022-08-18T09:12:29","guid":{"rendered":"http:\/\/akdenizolaygazetesi.com\/?p=20440"},"modified":"2022-08-18T12:12:29","modified_gmt":"2022-08-18T09:12:29","slug":"toroslar-belediyesinde-en-dusuk-isci-maasi-7-bin-70-tl-oldu","status":"publish","type":"post","link":"https:\/\/akdenizolaygazetesi.com\/?p=20440","title":{"rendered":"&#8220;TOROSLAR BELED\u0130YES\u0130NDE EN D\u00dc\u015e\u00dcK \u0130\u015e\u00c7\u0130 MAA\u015eI 7 B\u0130N 70 TL OLDU&#8221;"},"content":{"rendered":"<p>Toroslar Belediyesinde yap\u0131lan Toplu \u0130\u015f S\u00f6zle\u015fmesi ile en d\u00fc\u015f\u00fck i\u015f\u00e7i maa\u015f\u0131 7 bin 70 TL&#8217;ye y\u00fckseltildi.<\/p>\n<p>Toroslar Belediye Ba\u015fkan\u0131 Ats\u0131z Af\u015f\u0131n Y\u0131lmaz; &#8220;\u00c7al\u0131\u015fanlar\u0131m\u0131z\u0131n sosyal haklar\u0131n\u0131 da g\u00f6zeterek ve iyile\u015ftirmeler yaparak enflasyon kar\u015f\u0131s\u0131nda ekonomik olarak en y\u00fcksek oranda faydalanmalar\u0131n\u0131 sa\u011flad\u0131k&#8221; dedi.<\/p>\n<p>Toroslar Belediyesi ve Belediye \u0130\u015f Sendikas\u0131 aras\u0131nda ek protokol s\u00f6zle\u015fmesi imzaland\u0131.<\/p>\n<p>696 Say\u0131l\u0131 Kanun H\u00fckm\u00fcnde Kararname (KHK) ile Toroslar Belediyesi Personel Limited \u015eirketi&#8217;nde en d\u00fc\u015f\u00fck \u00fccretle \u00e7al\u0131\u015fan personelin maa\u015f\u0131na 1 Temmuz 2022 tarihi itibariyle y\u00fczde 20, ek protokolle y\u00fczde 22 olmak \u00fczere toplamda y\u00fczde 42 zam yap\u0131l\u0131rken, Toroslar Belediyesinde en d\u00fc\u015f\u00fck maa\u015f 7 bin 70 TL oldu.<\/p>\n<p>SEV\u0130N\u00c7LE KAR\u015eILADILAR!<\/p>\n<p>\u00c7al\u0131\u015fanlar\u0131 sevindiren ek protokol\u00fcn imzalanmas\u0131 i\u00e7in Toroslar Belediyesinin Yunus Emre K\u00fclt\u00fcr Merkezinde t\u00f6ren d\u00fczenlendi.<\/p>\n<p>Personelinin yo\u011fun sevgi g\u00f6sterileri aras\u0131nda davul zurnayla kar\u015f\u0131lanan Toroslar Belediye Ba\u015fkan\u0131 Ats\u0131z Af\u015f\u0131n Y\u0131lmaz, t\u00fcm personeline hitap ederek toplu s\u00f6zle\u015fmenin hay\u0131rl\u0131 olmas\u0131n\u0131 diledi.<\/p>\n<p>Toroslar&#8217;\u0131 daha ya\u015fan\u0131labilir ve g\u00fczel k\u0131labilmek ad\u0131na gece g\u00fcnd\u00fcz demeden \u00e7aba g\u00f6steren t\u00fcm \u00e7al\u0131\u015fma arkada\u015flar\u0131na te\u015fekk\u00fcr eden Ba\u015fkan Y\u0131lmaz; &#8220;Bug\u00fcn bu \u00e7at\u0131 alt\u0131nda hep beraber olmaktan b\u00fcy\u00fck mutluluk duyuyorum. Toroslar&#8217;daki bu uyum, birlik ve beraberlik Mersin&#8217;in de s\u0131n\u0131rlar\u0131n\u0131 a\u015ft\u0131 ve t\u00fcm T\u00fcrkiye&#8217;de biliniyor. Ba\u015far\u0131n\u0131n s\u0131rr\u0131 el ele, g\u00f6n\u00fcl g\u00f6n\u00fcle olmak. Sizler, Toroslar Belediyesinin kurumsal kimli\u011finin, Toroslar halk\u0131na verilen hizmetin mimar\u0131s\u0131n\u0131z. Emek \u00e7ekiyorsunuz. Toroslar i\u00e7in, bizim i\u00e7in k\u0131ymetlisiniz&#8221; dedi.<\/p>\n<p>&#8220;Anketlerde Memnuniyet Oran\u0131m\u0131z Son Derece Y\u00fcksek&#8221;<\/p>\n<p>&#8220;Bir\u00e7ok proje ve \u00e7al\u0131\u015fmalar\u0131m\u0131z bizi ikinci kez T\u00fcrkiye&#8217;nin ba\u015far\u0131 listesine ta\u015f\u0131d\u0131. Yap\u0131lan anketlerde memnuniyet oran\u0131m\u0131z son derece y\u00fcksek&#8221; diyen Ba\u015fkan Y\u0131lmaz; &#8220;G\u00f6revde 3,5 y\u0131l\u0131 tamaml\u0131yoruz. \u00c7ok b\u00fcy\u00fck ilerleme kaydettik. Birbirimizi daha iyi anlad\u0131k ve s\u00fcre\u00e7lerimizi iyile\u015ftirdik. Bunda da ba\u015far\u0131l\u0131 olduk. Sizlere te\u015fekk\u00fcr ediyorum. Gurur duydu\u011fum ve te\u015fekk\u00fcr ald\u0131\u011f\u0131m bir\u00e7ok arkada\u015f\u0131m\u0131z var. Bu beni de gururland\u0131r\u0131yor. Her biriniz ayr\u0131 ayr\u0131 k\u0131ymetli ve Toroslar halk\u0131na hizmet eden insanlar oldu\u011funuz i\u00e7in sizleri \u00f6nemsiyoruz. Daha iyi \u015fartlarda, daha g\u00fczel \u015fekilde ya\u015faman\u0131z i\u00e7in \u00e7aba g\u00f6steriyoruz. \u00dccretlerinizde y\u00fczde 42 zam yapt\u0131k. Toroslar Belediyesinde en d\u00fc\u015f\u00fck \u00fccret 7 bin 70 TL oldu. Hay\u0131rl\u0131 u\u011furlu olsun&#8221; ifadelerini kulland\u0131.<\/p>\n<p>&#8220;Vatanda\u015f\u0131m\u0131z\u0131n Her Zaman Yan\u0131nday\u0131z&#8221;<br \/>\nUlu \u00d6nder Gazi Mustafa Kemal Atat\u00fcrk&#8217;\u00fcn; &#8220;Vatan\u0131n\u0131 en \u00e7ok seven g\u00f6revini en iyi yapand\u0131r&#8221; s\u00f6z\u00fcne at\u0131fta bulunan Ba\u015fkan Y\u0131lmaz; &#8220;17 g\u00fcnl\u00fck tam kapanma d\u00f6neminde belediyemizde seferberlik ilan ettik. Ne ihtiyac\u0131n\u0131z olursa 444 41 33 numaral\u0131 telefonu aray\u0131n, biz gelelim dedik. \u0130htiya\u00e7 sahibi herkesin aya\u011f\u0131na gittik. Vatanda\u015f\u0131m\u0131z\u0131n her zaman yan\u0131nday\u0131z. Biz duruma ve \u015fartlara g\u00f6re pozisyon al\u0131r\u0131z. Yine \u00f6yle yapaca\u011f\u0131z. Toplum yarar\u0131na \u00e7al\u0131\u015f\u0131yorsunuz. Bu sadece maa\u015f kar\u015f\u0131l\u0131\u011f\u0131 de\u011fil ayn\u0131 zamanda ahlakl\u0131 ve g\u00fczel bir durum. K\u00fc\u00e7\u00fck bir \u00e7ocu\u011fun bile y\u00fcz\u00fcn\u00fc g\u00fcld\u00fcrd\u00fc\u011f\u00fcm\u00fczde mutlu oluyoruz. Sizlerden beklentimiz g\u00fcler y\u00fczle, tatl\u0131 dille g\u00f6revinizi en iyi \u015fekilde yapmaya devam etmeniz. Sizler var olduk\u00e7a, bir ve beraber olduk\u00e7a hi\u00e7bir g\u00fc\u00e7 bizi y\u0131kamayacakt\u0131r in\u015fallah&#8221; \u015feklinde konu\u015ftu.<\/p>\n<p>Belediye \u0130\u015f Sendikas\u0131 Ba\u015fkan Vekili G\u00fcven\u00e7li; &#8220;Hay\u0131rl\u0131 U\u011furlu Olsun&#8221;<\/p>\n<p>Belediye \u0130\u015f Sendikas\u0131 1 Nolu Mersin \u015eubesi Ba\u015fkan Vekili Tahsin Eren G\u00fcven\u00e7li de Toplu \u0130\u015f S\u00f6zle\u015fmesinin hay\u0131rl\u0131 olmas\u0131n\u0131 dileyerek; &#8220;Personelini enflasyonda ezdirmeyen ve s\u00f6zle\u015fme d\u00f6nemi olmamas\u0131na ra\u011fmen ek protokolle \u00fccretlerine zam yapan Toroslar  Belediye Ba\u015fkan\u0131m\u0131z Say\u0131n Ats\u0131z  Af\u015f\u0131n Y\u0131lmaz&#8217;a te\u015fekk\u00fcr ediyoruz&#8221; diye konu\u015ftu.<\/p>\n<p>Konu\u015fmalar\u0131n ard\u0131ndan Ba\u015fkan Y\u0131lmaz, Belediye \u0130\u015f Sendikas\u0131 Ba\u015fkan Vekili G\u00fcven\u00e7li ile Toplu \u0130\u015f S\u00f6zle\u015fmesi ek protokol\u00fcn\u00fc imzalad\u0131.<\/p>\n<p>T\u00f6rende Temizlik \u0130\u015fleri M\u00fcd\u00fcrl\u00fc\u011f\u00fc personelinin te\u015fekk\u00fcr pankart\u0131 dikkat \u00e7ekerken, Ba\u015fkan Y\u0131lmaz personeliyle tek tek tokala\u015farak maa\u015flarda yapt\u0131klar\u0131 zamm\u0131n hay\u0131rl\u0131 olmas\u0131n\u0131 diledi.<\/p>\n","protected":false},"excerpt":{"rendered":"<p>Toroslar Belediyesinde yap\u0131lan Toplu \u0130\u015f S\u00f6zle\u015fmesi ile en d\u00fc\u015f\u00fck i\u015f\u00e7i maa\u015f\u0131 7 bin 70 TL&#8217;ye y\u00fckseltildi. Toroslar Belediye Ba\u015fkan\u0131 Ats\u0131z Af\u015f\u0131n Y\u0131lmaz; &#8220;\u00c7al\u0131\u015fanlar\u0131m\u0131z\u0131n sosyal haklar\u0131n\u0131 da g\u00f6zeterek ve iyile\u015ftirmeler yaparak &hellip; <a href=\"https:\/\/akdenizolaygazetesi.com\/?p=20440\" class=\"more-link\">Devam\u0131n\u0131 Oku&#8230;<\/a><\/p>\n","protected":false},"author":2,"featured_media":20441,"comment_status":"open","ping_status":"open","sticky":false,"template":"","format":"standard","meta":[],"categories":[8,34,2,3,5],"tags":[],"_links":{"self":[{"href":"https:\/\/akdenizolaygazetesi.com\/index.php?rest_route=\/wp\/v2\/posts\/20440"}],"collection":[{"href":"https:\/\/akdenizolaygazetesi.com\/index.php?rest_route=\/wp\/v2\/posts"}],"about":[{"href":"https:\/\/akdenizolaygazetesi.com\/index.php?rest_route=\/wp\/v2\/types\/post"}],"author":[{"embeddable":true,"href":"https:\/\/akdenizolaygazetesi.com\/index.php?rest_route=\/wp\/v2\/users\/2"}],"replies":[{"embeddable":true,"href":"https:\/\/akdenizolaygazetesi.com\/index.php?rest_route=%2Fwp%2Fv2%2Fcomments&post=20440"}],"version-history":[{"count":1,"href":"https:\/\/akdenizolaygazetesi.com\/index.php?rest_route=\/wp\/v2\/posts\/20440\/revisions"}],"predecessor-version":[{"id":20442,"href":"https:\/\/akdenizolaygazetesi.com\/index.php?rest_route=\/wp\/v2\/posts\/20440\/revisions\/20442"}],"wp:featuredmedia":[{"embeddable":true,"href":"https:\/\/akdenizolaygazetesi.com\/index.php?rest_route=\/wp\/v2\/media\/20441"}],"wp:attachment":[{"href":"https:\/\/akdenizolaygazetesi.com\/index.php?rest_route=%2Fwp%2Fv2%2Fmedia&parent=20440"}],"wp:term":[{"taxonomy":"category","embeddable":true,"href":"https:\/\/akdenizolaygazetesi.com\/index.php?rest_route=%2Fwp%2Fv2%2Fcategories&post=20440"},{"taxonomy":"post_tag","embeddable":true,"href":"https:\/\/akdenizolaygazetesi.com\/index.php?rest_route=%2Fwp%2Fv2%2Ftags&post=20440"}],"curies":[{"name":"wp","href":"https:\/\/api.w.org\/{rel}","templated":true}]}}