{"id":20443,"date":"2022-08-18T12:14:46","date_gmt":"2022-08-18T09:14:46","guid":{"rendered":"http:\/\/akdenizolaygazetesi.com\/?p=20443"},"modified":"2022-08-18T12:14:46","modified_gmt":"2022-08-18T09:14:46","slug":"en-dusuk-isci-maasi-7-bin-268-tl-oldu","status":"publish","type":"post","link":"https:\/\/akdenizolaygazetesi.com\/?p=20443","title":{"rendered":"EN D\u00dc\u015e\u00dcK \u0130\u015e\u00c7\u0130 MAA\u015eI 7 B\u0130N 268 TL OLDU"},"content":{"rendered":"<p>Mersin B\u00fcy\u00fck\u015fehir Belediye Ba\u015fkan\u0131 Vahap Se\u00e7er; B\u00fcy\u00fck\u015fehir Belediyesi ve MESK\u0130 \u00e7al\u0131\u015fanlar\u0131n\u0131 kapsayan; Mersin B\u00fcy\u00fck\u015fehir Belediyesi, Belediye \u0130\u015f Sendikas\u0131 ve D\u0130SK Genel \u0130\u015f aras\u0131nda yap\u0131lan Toplu \u0130\u015f S\u00f6zle\u015fmesi ve kadrolu i\u015f\u00e7iler i\u00e7in ek protokol\u00fcn \u0130mza T\u00f6reni&#8217;ne kat\u0131ld\u0131. 8 bin 243 personeli kapsayan 2 y\u0131ll\u0131k Toplu \u0130\u015f S\u00f6zle\u015fmesi ile en d\u00fc\u015f\u00fck i\u015f\u00e7i maa\u015f\u0131 7 bin 268 TL oldu. Se\u00e7er, &#8220;Ben iyi insan\u0131n, do\u011fru insan\u0131n yan\u0131nday\u0131m. Ben al\u0131n teri ile \u00e7olu\u011funa \u00e7ocu\u011funa r\u0131zk\u0131n\u0131 g\u00f6t\u00fcren mesai arkada\u015f\u0131m\u0131n her zaman yan\u0131nday\u0131m. Herkes kendini iyi hissetsin. Ben sizin baban\u0131z\u0131m, abinizim, arkada\u015f\u0131n\u0131z\u0131m, karde\u015finizim&#8221; dedi.<br \/>\n\u0130mza t\u00f6reninden \u00f6nce i\u015f\u00e7iler taraf\u0131ndan davul, zurna ve alk\u0131\u015flarla kar\u015f\u0131lanan Ba\u015fkan Se\u00e7er, Toplu \u0130\u015f S\u00f6zle\u015fmesi&#8217;nin imzalar\u0131n\u0131 att\u0131ktan sonra da, Atat\u00fcrk K\u00fclt\u00fcr Merkezi&#8217;nin bah\u00e7esinde i\u015f\u00e7i emek\u00e7ilerle birlikte omuz omuza halay \u00e7ekti.<br \/>\nYeni\u015fehir Atat\u00fcrk K\u00fclt\u00fcr Merkezi&#8217;nde ger\u00e7ekle\u015fen t\u00f6rene; Mersin B\u00fcy\u00fck\u015fehir Belediye Ba\u015fkan\u0131 Vahap Se\u00e7er, Cumhuriyet Halk Partisi (CHP) Mersin \u0130l Ba\u015fkan\u0131 Adil Aktay, Belediye \u0130\u015f Sendikas\u0131 Mersin 1 Nolu \u015eube Ba\u015fkan\u0131 Nail Kaya, D\u0130SK-Genel \u0130\u015f Mersin \u015eube Ba\u015fkan\u0131 Kemal G\u00f6ksoy, Meclis \u00fcyeleri, siyasi parti temsilcileri, Mersin B\u00fcy\u00fck\u015fehir Belediyesi ve MESK\u0130 b\u00fcrokratlar\u0131 ile daire ba\u015fkanlar\u0131 ve i\u015f\u00e7iler kat\u0131ld\u0131.<br \/>\nYeni s\u00f6zle\u015fme ile enflasyon fark\u0131na g\u00f6re her 6 ayda art\u0131\u015f uygulanacak<br \/>\nYeni Toplu \u0130\u015f S\u00f6zle\u015fmesi K\u00fclt\u00fcr A.\u015e.&#8217;de 4 bin 994, \u0130mar A.\u015e.&#8217;de 1343 ve MESK\u0130 A.\u015e.&#8217;de 1906 personel olmak \u00fczere toplam 8 bin 243 personeli kaps\u0131yor ve taban \u00fccreti 250 TL&#8217;ye y\u00fckseltildi. Temmuz ay\u0131 itibariyle en d\u00fc\u015f\u00fck \u00fccret 7 bin 268 TL oldu. 6 ayl\u0131k s\u00fcre i\u00e7erisinde enflasyon fark\u0131na g\u00f6re hesaplanacak ve her 6 ayda art\u0131\u015f uygulanacak.<br \/>\nMersin B\u00fcy\u00fck\u015fehir Belediyesi&#8217;nde 556, MESK\u0130&#8217;de 282 kadrolu i\u015f\u00e7inin 245 TL ile 272 TL aras\u0131nda olan yevmiyesi ise 1 Eyl\u00fcl itibariyle 286 TL&#8217;ye y\u00fckseltildi. Ayr\u0131ca toplamda 848 kadrolu i\u015f\u00e7iye 1 Eyl\u00fcl itibariyle ortalama yevmiyeye uygulanacak %5 zam, yeni taban \u00fccreti \u00fczerinden 286 TL&#8217;ye % 10 zam olarak g\u00fcncellendi. 1 Eyl\u00fcl itibariyle ek protokol sonucu uygulanacak zamlar ile B\u00fcy\u00fck\u015fehir Belediyesi&#8217;ndeki en d\u00fc\u015f\u00fck kadrolu i\u015f\u00e7inin g\u00fcnl\u00fck \u00fccreti 314,60 TL oldu.<\/p>\n<p>Ba\u015fkan Se\u00e7er: &#8220;Beni halk\u0131ma mahcup etmedi\u011finiz i\u00e7in hepinizle gurur duyuyorum&#8221;<br \/>\nYeni\u015fehir Belediyesi Atat\u00fcrk K\u00fclt\u00fcr Merkezi&#8217;nde d\u00fczenlenen imza t\u00f6reninde Mersin B\u00fcy\u00fck\u015fehir Belediye Ba\u015fkan\u0131 Vahap Se\u00e7er, &#8216;\u0130\u015f\u00e7iler seninle gurur duyuyor&#8217; sloganlar\u0131 ile sahneye \u00e7\u0131kt\u0131 ve i\u015f\u00e7i emek\u00e7ilere seslenerek; &#8220;Ben de sizlerle gurur duyuyorum. G\u00f6rev s\u00fcrem olan 31 Mart&#8217;tan bu yana beni halk\u0131ma mahcup etmedi\u011finiz i\u00e7in, sizlerle gurur duyuyorum. Kafalar de\u011fi\u015fince ne \u00e7ok \u015fey de\u011fi\u015fti, de\u011fi\u015fmeye de devam edecek. Kimsenin endi\u015fesi olmas\u0131n&#8221; dedi. Ba\u015fkan Se\u00e7er, i\u015f\u00e7i emek\u00e7ilere; &#8220;Bizi var eden, bizimle beraber y\u00fcr\u00fcyen, gecesini g\u00fcnd\u00fcz\u00fcne katan, ya\u011fmur \u00e7amur demeden, \u00e7ocu\u011fum hasta demeden, a\u00e7 kald\u0131m, tok kald\u0131m diye \u015fikayette bulunmadan Mersin halk\u0131na hizmet eden mesai arkada\u015flar\u0131m, hepinizi sayg\u0131yla selaml\u0131yorum&#8221; \u015feklinde seslenerek, &#8220;Samimi bir itirafta bulunay\u0131m; ben sizi \u00e7ok seviyorum, herkesten de daha fazla seviyorum. \u00c7\u00fcnk\u00fc hayat\u0131m boyunca hep \u00e7al\u0131\u015fan\u0131n, al\u0131n teri d\u00f6kenin, hakk\u0131yla evine r\u0131zk\u0131n\u0131 g\u00f6t\u00fcrenin yan\u0131nda oldum. \u00c7\u00fcnk\u00fc benim hayat\u0131m da b\u00f6yle ge\u00e7ti, onun i\u00e7in sizleri \u00e7ok seviyorum. Hep beraber \u00e7ok daha g\u00fczel i\u015fler yapaca\u011f\u0131z emin olun. Bizim kafam\u0131z\u0131n arkas\u0131nda hi\u00e7bir plan yok. Bizim d\u00fcnya mal\u0131nda g\u00f6z\u00fcm\u00fcz yok. Bizim hayattan hi\u00e7bir beklentimiz yok. Bizim hayattan beklentimiz kendimiz ad\u0131na de\u011fil; \u00fclkemiz ad\u0131na, \u00e7ocuklar\u0131m\u0131z ad\u0131na, torunlar\u0131m\u0131z ad\u0131na. Onun i\u00e7in inatla, \u015fevkle, azimle, h\u0131rsla \u00e7ok daha iyi i\u015fler yapaca\u011f\u0131z. Bunu da hep beraber yapaca\u011f\u0131z&#8221; diye konu\u015ftu.<br \/>\n&#8220;Kafalar de\u011fi\u015fince ne \u00e7ok \u015fey de\u011fi\u015fti&#8221;<br \/>\nBug\u00fcne kadar, b\u00fct\u00fcn idari ve mali s\u0131k\u0131nt\u0131lara ra\u011fmen \u00e7ok de\u011ferli i\u015fler yapt\u0131klar\u0131n\u0131n alt\u0131n\u0131 \u00e7izen Ba\u015fkan Se\u00e7er, &#8220;\u0130\u015f ba\u015f\u0131na geldi\u011fimizde hem mali a\u00e7\u0131dan, hem de idari a\u00e7\u0131dan bizim al\u0131\u015f\u0131k olmad\u0131\u011f\u0131m\u0131z konseptte y\u00f6netilen bir kurumla kar\u015f\u0131la\u015ft\u0131k. \u00d6rne\u011fin bizim kitab\u0131m\u0131zda ayr\u0131mc\u0131l\u0131k, haks\u0131zl\u0131k yazmaz. B\u00f6yle bir felsefemiz yok. Biz kul hakk\u0131 yeme\u011fi reddederiz, biz israf\u0131 reddederiz.  Deriz ki halk\u0131n kesesinden a\u011fal\u0131k olmaz. \u0130\u015fte bunlar de\u011fi\u015fti\u011fi i\u00e7in, yani kafalar de\u011fi\u015fti\u011fi i\u00e7in, Mersin Belediyesi&#8217;nde \u00e7ok \u015fey de\u011fi\u015fti&#8221; diye belirtti.<br \/>\nB\u00fcy\u00fck\u015fehir Belediyesi&#8217;nde 11 bin personelin g\u00f6rev yapt\u0131\u011f\u0131n\u0131 hat\u0131rlatan Ba\u015fkan Se\u00e7er, \u015funlar\u0131 s\u00f6yledi:<br \/>\n&#8220;\u0130\u015fini yapmayan, i\u015fini savsaklayan, bankamatik memurlar\u0131yla ilgili, e\u011fer idare bir disiplin soru\u015fturmas\u0131 y\u00fcr\u00fct\u00fcrse, &#8216;benim siyasi g\u00f6r\u00fc\u015f\u00fcmden dolay\u0131 benim i\u015fime son verdiler ya da hakk\u0131mda tutanak tuttular&#8217; demek inand\u0131r\u0131c\u0131 de\u011fil. 11 bin insan \u00e7al\u0131\u015f\u0131yor bu belediyede, 11 bin insan. Bu belediyede \u00e7al\u0131\u015fan insanlar\u0131n tamam\u0131 31 Mart 2019 se\u00e7imlerinden sonra m\u0131 bu belediyeye al\u0131nd\u0131? Peki, bu 11 bin insan, bug\u00fcn B\u00fcy\u00fck\u015fehir Belediyesi&#8217;ni y\u00f6neten Ba\u015fkan&#8217;a, partisine oy veren insanlar m\u0131 ya da oy vermek zorunda olan insanlar m\u0131? Biz bug\u00fcn T\u00fcrkiye&#8217;de ayr\u0131mc\u0131l\u0131ktan, adaletsizlikten dem vuruyoruz. Ba\u015fkan olarak diyorum ki, &#8216;bana ayr\u0131mc\u0131l\u0131k yapmay\u0131n, ben Cumhuriyet Halk Partili bir Belediye Ba\u015fkan\u0131y\u0131m, partimle de gurur duyuyorum, ben Mustafa Kemal Atat\u00fcrk&#8217;\u00fcn kurdu\u011fu partinin belediye ba\u015fkan\u0131y\u0131m. Benim i\u00e7in bundan daha b\u00fcy\u00fck hangi onur olabilir?&#8217;. Bize adaletsizlik yapmay\u0131n diyoruz. Bizim belediyemiz bar\u0131\u015f, huzur, karde\u015fli\u011fin h\u00fck\u00fcm s\u00fcrd\u00fc\u011f\u00fc bir belediyedir. Tek amac\u0131 halk\u0131na hizmet olan bir belediyedir.&#8221;<\/p>\n<p>&#8220;Biz y\u00f6netime geldik, insanlar\u0131n y\u00fcz\u00fc g\u00fcld\u00fc&#8221;<br \/>\n3 y\u0131l\u0131 a\u015fk\u0131n bir s\u00fcredir \u00e7ok g\u00fczel i\u015fler yapt\u0131klar\u0131n\u0131 yineleyen Ba\u015fkan Se\u00e7er, &#8220;Biz y\u00f6netime geldik, insanlar\u0131n y\u00fcz\u00fc g\u00fcld\u00fc. \u00c7\u00fcnk\u00fc, biz kimseye \u015fiddet dili ile hitap etmiyoruz. Biz nefret g\u00f6z\u00fc ile bakm\u0131yoruz. Biz sevgi dilini kullan\u0131yoruz, sayg\u0131 dilini kullan\u0131yoruz, h\u00fcrmet dilini kullan\u0131yoruz. Biz bir aileyiz. Mersin&#8217;de g\u00fclen bir toplum var. Mersin&#8217;de mutlu bir hem\u015fehricilik var. Bu duygular\u0131 y\u00fckselttik. Fakat baz\u0131 engellemeler oldu. Belediyenin finansal a\u00e7\u0131dan s\u0131k\u0131nt\u0131ya girmesi, hizmetlerini yapmamas\u0131 i\u00e7in engellemelerle kar\u015f\u0131la\u015ft\u0131k. Peki Noldu? Ac\u0131m\u0131zdan m\u0131 \u00f6ld\u00fck? \u00c7ok \u015f\u00fck\u00fcr mutluyuz, \u00e7al\u0131\u015f\u0131yoruz. Zaman\u0131nda maa\u015f\u0131n\u0131z\u0131 al\u0131yorsunuz, yollar\u0131 yap\u0131yoruz, fakir fukaraya, garip gurebaya yard\u0131mc\u0131 oluyoruz, Allah&#8217;\u0131n yaratt\u0131\u011f\u0131 canl\u0131 varl\u0131klar bize emanet ilkesi ile \u00e7al\u0131\u015f\u0131yoruz. Onun i\u00e7in daha fazla \u00e7al\u0131\u015faca\u011f\u0131z, \u00e7ok daha g\u00fczel, b\u00fcy\u00fck hizmetler yapaca\u011f\u0131z. Bunu hep beraber yapaca\u011f\u0131z&#8221; dedi.<br \/>\n&#8220;Mersin&#8217;e hizmet etmeye hep beraber devam edece\u011fiz&#8221;<br \/>\nHelali ile kazanmaya, Mersin&#8217;e hizmet etmeye hep beraber devam edeceklerini dile getiren Se\u00e7er, &#8220;De\u011ferli mesai arkada\u015flar\u0131m, de\u011ferli emek\u00e7i karde\u015flerim, sizden istedi\u011fim; oyunu verip bana g\u00fcvenen, bu \u00fclkeye, bu memlekete hizmet edecek bir Belediye Ba\u015fkan\u0131 olmamda katk\u0131 sunan, hatta bana oy vermeyen t\u00fcm vatanda\u015flar\u0131ma beni mahcup etmeyin. Benim sizden tek istedi\u011fim bu. Herkes r\u0131zk\u0131na sahip olsun. Hepinizin ailesi var, \u00e7oluk \u00e7ocu\u011fu var. Burada \u015ferefimizle, al\u0131n terimizle, hakk\u0131m\u0131zla \u00e7al\u0131\u015f\u0131p, kazanal\u0131m. Herkes kendini iyi hissetsin. Ben sizin baban\u0131z\u0131m, ben sizin abinizim, ben sizin arkada\u015f\u0131n\u0131z\u0131m, ben sizin karde\u015finizim. Belediye ba\u015fkanl\u0131\u011f\u0131n\u0131 bir tarafa b\u0131rak\u0131n, makamlar ge\u00e7icidir. Helali ile kazanmaya, Mersin&#8217;e hizmet etmeye hep beraber devam edece\u011fiz, sonuna kadar inan\u0131yorum size&#8221; diye konu\u015ftu.<br \/>\n&#8220;Yapt\u0131\u011f\u0131m\u0131z bu d\u00fczenleme ile Haziran ve Temmuz aras\u0131ndaki \u00fccret fark\u0131 %50 oldu&#8221;<br \/>\nK\u00fclt\u00fcr A.\u015e., \u0130mar A.\u015e., MESK\u0130 A.\u015e. olmak \u00fczere toplam 8 bin 243 personeli kapsayan bir Toplu S\u00f6zle\u015fme imzalad\u0131klar\u0131n\u0131n vurgusunu yapan Ba\u015fkan Se\u00e7er s\u00f6zlerine \u015f\u00f6yle devam etti:<br \/>\n&#8220;Bir kere \u015funu bilmenizi istiyorum; T\u00fcrkiye ekonomik anlamda sabit \u00fccretliyi, yoksulu etkileyen bir ekonomik kriz ya\u015f\u0131yor. Bunun ad\u0131n\u0131 b\u00f6yle koymak laz\u0131m. Biz bu atmosfer i\u00e7erisinde bug\u00fcnk\u00fc ekonomik konjonkt\u00fcr\u00fc \u00f6n\u00fcm\u00fcze koyduk. Sendikalar\u0131m\u0131zla oturduk konu\u015ftuk. Yapt\u0131\u011f\u0131m\u0131z \u00e7al\u0131\u015fmalar sonucunda her \u015feyin makul\u00fcnden yanay\u0131m. Ben kamu kaynaklar\u0131n\u0131 kullan\u0131yorum, bu i\u015fin vebali \u00e7ok b\u00fcy\u00fckt\u00fcr. Onun i\u00e7in dengeyi kurmam laz\u0131m, ama siz de kamu g\u00f6revi yapan bir emek\u00e7isiniz. Taban \u00fccretinizi br\u00fct 250 TL&#8217;ye y\u00fckseltme karar\u0131 ald\u0131k. Daha \u00f6nce 166.8 TL idi. Yine sosyal haklarla beraber, Haziran ay\u0131 itibariyle en d\u00fc\u015f\u00fck olan 5 bin 30 TL \u00fccreti, 7 bin 268 TL&#8217;ye \u00e7\u0131karma karar\u0131 ald\u0131k. Bizim yapt\u0131\u011f\u0131m\u0131z bu d\u00fczenleme ile Haziran ve Temmuz aras\u0131ndaki \u00fccret fark\u0131 %50 oldu.&#8221;<br \/>\nYap\u0131lan yeni d\u00fczenleme hakk\u0131nda da detayl\u0131 bilgiler veren Ba\u015fkan Se\u00e7er, &#8220;Ancak yapt\u0131\u011f\u0131m\u0131z yeni bir d\u00fczenleme ki, bu da sizi \u00e7ok ilgilendiriyor. Elbette \u015fu anda a\u00e7\u0131klad\u0131\u011f\u0131m fiyatlar da \u00e7ok \u00f6nemli, ama T\u00fcrkiye&#8217;de her ne kadar reddedilse de a\u00e7\u0131klanan\u0131n \u00e7ok \u00fczerinde enflasyon var. Biz 6 ayda bir \u00fccretlerinizi d\u00fczenleyece\u011fiz. Enflasyon fark\u0131n\u0131 da her 6 ayda bir \u00fccretlerinize ilave edece\u011fiz&#8221; dedi.<\/p>\n<p>&#8220;\u015eubat ay\u0131nda kadrolu i\u015flerimizle de bir toplu s\u00f6zle\u015fme imzalayaca\u011f\u0131z&#8221;<br \/>\nKadrolu i\u015f\u00e7ileri ilgilendiren konularda da konu\u015fan Se\u00e7er, &#8220;MESK\u0130 b\u00fcnyesinde ve Mersin B\u00fcy\u00fck\u015fehir b\u00fcnyesinde toplam 848 kadrolu \u00e7al\u0131\u015fan\u0131m\u0131z var. Bu arkada\u015flar\u0131m\u0131z 245 TL ile 272 TL aras\u0131nda yevmiye al\u0131yorlar \u015fu anda. 1 Eyl\u00fcl itibariyle Toplu S\u00f6zle\u015fme gere\u011fi %5 bir \u00fccret fark\u0131 alacaklar. Kadrolu i\u015f\u00e7ilerimiz normalde \u015eubat ay\u0131nda bizimle masaya oturacaklar, Toplu S\u00f6zle\u015fme yapacaklar ama o s\u00fcreye kadar bu ola\u011fan\u00fcst\u00fc geli\u015fmelerden en az \u015fekilde etkilensinler, biz de bir katk\u0131 yapal\u0131m diye %5&#8217;in \u00fczerine, yani yeni taban \u00fccretleri olan 286 TL&#8217;nin \u00fczerine, %10&#8217;da biz ilave yapt\u0131k. \u015eu anda yap\u0131lan d\u00fczenlemeyle en d\u00fc\u015f\u00fck kadrolu i\u015f\u00e7inin g\u00fcnl\u00fck \u00fccreti 314.6 TL&#8217;ye y\u00fckselmi\u015f oldu. Yani A\u011fustos ay\u0131ndaki net \u00fccreti 9 bin 424 TL olan kadrolu bir \u00e7al\u0131\u015fan\u0131m\u0131z, Eyl\u00fcl ay\u0131 itibariyle 11 bin 719 TL \u00fccret alacak. \u015eubat ay\u0131nda da oturaca\u011f\u0131z, yine kadrolu i\u015flerimizle de bir toplu s\u00f6zle\u015fme imzalayaca\u011f\u0131z&#8221; ifadelerine yer verdi.<br \/>\nKaya: &#8220;1 Nisan 2019&#8217;dan beri Mersin B\u00fcy\u00fck\u015fehir Belediye \u00e7al\u0131\u015fanlar\u0131 mutlu&#8221;<br \/>\nBelediye \u0130\u015f Sendikas\u0131 Mersin 1 Nolu \u015eube Ba\u015fkan\u0131 Nail Kaya, toplu s\u00f6zle\u015fme s\u00fcrecini ba\u015far\u0131 ile tamamlad\u0131klar\u0131n\u0131 belirterek, &#8220;Bu s\u00fcre\u00e7te i\u015f\u00e7inin al\u0131n terinin kar\u015f\u0131l\u0131\u011f\u0131n\u0131 almas\u0131 i\u00e7in, belediyemizin imkanlar\u0131n\u0131 i\u015f\u00e7i i\u00e7in seferber eden, her zaman oldu\u011fu gibi tavr\u0131n\u0131 emekten yana sergileyen i\u015f\u00e7i ve emek\u00e7i dostu Mersin B\u00fcy\u00fck\u015fehir Belediye Ba\u015fkan\u0131m\u0131z Say\u0131n Vahap Se\u00e7er&#8217;e sizlerin huzurunda, Belediye \u0130\u015f Sendikas\u0131 olarak tekrar te\u015fekk\u00fcr ederim. 1 Nisan 2019&#8217;dan beri Mersin halk\u0131 mutlu, Mersin B\u00fcy\u00fck\u015fehir Belediye \u00e7al\u0131\u015fanlar\u0131 mutlu. Y\u00f6netim kurulu \u00fcyelerim, sendika temsilcilerim ve t\u00fcm emek\u00e7i arkada\u015flar\u0131m ad\u0131na bir kez daha te\u015fekk\u00fcr ederim&#8221; dedi.<br \/>\nG\u00f6ksoy: &#8220;Mersin&#8217;deki bu birlikteli\u011fin mimar\u0131 Vahap Se\u00e7er&#8217;i \u00f6nemsiyoruz&#8221;<br \/>\nD\u0130SK Genel \u0130\u015f Mersin \u015eube Ba\u015fkan\u0131 Kemal G\u00f6ksoy ise toplu s\u00f6zle\u015fme s\u00fcrecinde eme\u011fi ge\u00e7enlere te\u015fekk\u00fcr etti. G\u00f6ksoy, sendika olarak her zaman birli\u011fin ve b\u00fct\u00fcnl\u00fc\u011f\u00fcn \u00f6nc\u00fcs\u00fc olmaya \u00e7al\u0131\u015ft\u0131klar\u0131n\u0131 ifade ederek, &#8220;Burada g\u00f6rd\u00fc\u011f\u00fcm\u00fcz tabloda yine bu birli\u011fin, b\u00fct\u00fcnl\u00fc\u011f\u00fcn bir g\u00f6stergesidir. Burada gerek siyasal, gerek sosyal, gerek k\u00fclt\u00fcrel anlamda bu birli\u011fi, b\u00fct\u00fcnl\u00fc\u011f\u00fc sa\u011flayan B\u00fcy\u00fck\u015fehir Belediye Ba\u015fkan\u0131 Vahap Se\u00e7er&#8217;e \u00f6zellikle te\u015fekk\u00fcr ediyoruz. T\u00fcrkiye ne zaman ki bu anlay\u0131\u015fla hareket ederse; herkesi bir araya getirir, herkesle b\u00fct\u00fcnle\u015fip ortak hareket ederse T\u00fcrkiye o zaman ayd\u0131nl\u0131\u011fa kavu\u015facakt\u0131r. Biz Mersin&#8217;deki bu \u00e7\u0131k\u0131\u015f\u0131n, Mersin&#8217;deki bu birlikteli\u011fin mimar\u0131 Say\u0131n Vahap Se\u00e7er&#8217;i \u00f6nemsiyoruz, \u00f6nemsemeye de devam edece\u011fiz&#8221; diye konu\u015ftu.<br \/>\nG\u00f6ksoy, ger\u00e7ekle\u015fen toplu s\u00f6zle\u015fme s\u00fcrecinin \u00f6nemine vurgu yaparak, &#8220;\u00c7\u00fcnk\u00fc herkes; i\u015f\u00e7i arkada\u015flar\u0131m\u0131z, i\u015f\u00e7i yolda\u015flar\u0131m\u0131z, ge\u00e7mi\u015ften gelen arkada\u015flar\u0131m\u0131z da bilir. Biz bu belediyede sendikal aray\u0131\u015f i\u00e7erisine girenleri tehdit edenleri de g\u00f6rd\u00fck. Tehdit eden belediye ba\u015fkanlar\u0131n\u0131 da biliyoruz. &#8216;Kimse sendikal aray\u0131\u015fa girmesin. Biz gere\u011fini yap\u0131yoruz. Sendikal aray\u0131\u015fa girenlere de gere\u011fini yapar\u0131z&#8217; dediler mi dediler, ama onun yan\u0131 s\u0131ra ba\u015fka bir Belediye Ba\u015fkan\u0131; bug\u00fcn burada oturuyor Say\u0131n Vahap Se\u00e7er; &#8216;\u00f6rg\u00fcts\u00fcz i\u015f\u00e7i kalmas\u0131n, sendikas\u0131z i\u015f\u00e7i kalmas\u0131n. \u00d6rg\u00fctl\u00fc olsun, eme\u011fin de\u011ferine k\u0131ymet bi\u00e7ilsin&#8217; dedi&#8221; ifadelerini kulland\u0131.<br \/>\nKonu\u015fmalar\u0131n ard\u0131ndan Mersin B\u00fcy\u00fck\u015fehir Belediye Ba\u015fkan\u0131 Vahap Se\u00e7er, Belediye \u0130\u015f Sendikas\u0131 Mersin 1 Nolu \u015eube Ba\u015fkan\u0131 Nail Kaya, D\u0130SK Genel \u0130\u015f Mersin \u015eube Ba\u015fkan\u0131 Kemal G\u00f6ksoy, Mersin B\u00fcy\u00fck\u015fehir Belediyesi Genel Sekreteri Olcay Tok, MESK\u0130 Genel M\u00fcd\u00fcr\u00fc \u0130rfan Korkmaz,  Mersin B\u00fcy\u00fck\u015fehir Belediyesi K\u00fclt\u00fcr Sanat Bilim Ula\u015ft\u0131rma Tic. ve San. A.\u015e. Y\u00f6netim Kurulu Ba\u015fkan\u0131 Bedri Dursun, \u0130mar A.\u015e. Y\u00f6netim Kurulu Ba\u015fkan\u0131 Ali Uyan, MESK\u0130 Personel A.\u015e. Y\u00f6netim Kurulu Ba\u015fkan\u0131 Zekeriya \u00d6zg\u00fcr taraf\u0131ndan imzalar at\u0131ld\u0131.<\/p>\n","protected":false},"excerpt":{"rendered":"<p>Mersin B\u00fcy\u00fck\u015fehir Belediye Ba\u015fkan\u0131 Vahap Se\u00e7er; B\u00fcy\u00fck\u015fehir Belediyesi ve MESK\u0130 \u00e7al\u0131\u015fanlar\u0131n\u0131 kapsayan; Mersin B\u00fcy\u00fck\u015fehir Belediyesi, Belediye \u0130\u015f Sendikas\u0131 ve D\u0130SK Genel \u0130\u015f aras\u0131nda yap\u0131lan Toplu \u0130\u015f S\u00f6zle\u015fmesi ve kadrolu i\u015f\u00e7iler &hellip; <a href=\"https:\/\/akdenizolaygazetesi.com\/?p=20443\" class=\"more-link\">Devam\u0131n\u0131 Oku&#8230;<\/a><\/p>\n","protected":false},"author":2,"featured_media":20444,"comment_status":"open","ping_status":"open","sticky":false,"template":"","format":"standard","meta":[],"categories":[8,1,2,3,5],"tags":[],"_links":{"self":[{"href":"https:\/\/akdenizolaygazetesi.com\/index.php?rest_route=\/wp\/v2\/posts\/20443"}],"collection":[{"href":"https:\/\/akdenizolaygazetesi.com\/index.php?rest_route=\/wp\/v2\/posts"}],"about":[{"href":"https:\/\/akdenizolaygazetesi.com\/index.php?rest_route=\/wp\/v2\/types\/post"}],"author":[{"embeddable":true,"href":"https:\/\/akdenizolaygazetesi.com\/index.php?rest_route=\/wp\/v2\/users\/2"}],"replies":[{"embeddable":true,"href":"https:\/\/akdenizolaygazetesi.com\/index.php?rest_route=%2Fwp%2Fv2%2Fcomments&post=20443"}],"version-history":[{"count":1,"href":"https:\/\/akdenizolaygazetesi.com\/index.php?rest_route=\/wp\/v2\/posts\/20443\/revisions"}],"predecessor-version":[{"id":20445,"href":"https:\/\/akdenizolaygazetesi.com\/index.php?rest_route=\/wp\/v2\/posts\/20443\/revisions\/20445"}],"wp:featuredmedia":[{"embeddable":true,"href":"https:\/\/akdenizolaygazetesi.com\/index.php?rest_route=\/wp\/v2\/media\/20444"}],"wp:attachment":[{"href":"https:\/\/akdenizolaygazetesi.com\/index.php?rest_route=%2Fwp%2Fv2%2Fmedia&parent=20443"}],"wp:term":[{"taxonomy":"category","embeddable":true,"href":"https:\/\/akdenizolaygazetesi.com\/index.php?rest_route=%2Fwp%2Fv2%2Fcategories&post=20443"},{"taxonomy":"post_tag","embeddable":true,"href":"https:\/\/akdenizolaygazetesi.com\/index.php?rest_route=%2Fwp%2Fv2%2Ftags&post=20443"}],"curies":[{"name":"wp","href":"https:\/\/api.w.org\/{rel}","templated":true}]}}