{"id":2045,"date":"2020-11-04T18:22:33","date_gmt":"2020-11-04T15:22:33","guid":{"rendered":"http:\/\/mersinekonomipolitikagazetesi.com\/?p=2045"},"modified":"2020-11-04T18:22:33","modified_gmt":"2020-11-04T15:22:33","slug":"genc-muhendisler-yemin-edip-kep-atti","status":"publish","type":"post","link":"https:\/\/akdenizolaygazetesi.com\/?p=2045","title":{"rendered":"Gen\u00e7 m\u00fchendisler  yemin edip kep att\u0131"},"content":{"rendered":"<p>\u00dcniversitelerle sanayiyi bir araya getirerek \u00fclkemizin geli\u015fmesine katk\u0131 sa\u011flayacaklar.<\/p>\n<p class=\"p1\"><span style=\"line-height: 1.6em;\">M\u00fchendislik Fak\u00fcltesi \u00f6\u011frencileri m\u00fchendislik yemini edip, kep atarak m\u00fchendislik ya\u015fam\u0131na ilk ad\u0131mlar\u0131n\u0131 att\u0131.<\/span><\/p>\n<p class=\"p3\">\u00a0<\/p>\n<p class=\"p2\">M\u00fchendislik Fak\u00fcltesi \u00f6\u011frencileri i\u00e7in Beden E\u011fitimi ve Spor Y\u00fcksekokulu Kapal\u0131 Spor Salonu\u2019nda d\u00fczenlenen t\u00f6rene; M\u00fchendislik Fak\u00fcltesi Dekan\u0131 Prof. Dr. Ali Akda\u011fl\u0131, Havac\u0131l\u0131k ve Uzay Bilimleri Fak\u00fcltesi Dekan\u0131 Prof. Dr. Mustafa Ta\u015fk\u0131n, T\u00fcrk M\u00fchendis ve Mimar Odalar\u0131 Birli\u011fi (TMMOB) Temsilcisi Emre \u00dcresin, \u00e7ok say\u0131da akademik ve idari personel ile \u00f6\u011frenciler ve aileleri kat\u0131ld\u0131.<\/p>\n<p class=\"p3\">\u00a0<\/p>\n<p class=\"p2\">Ailelere verdikleri emeklerden dolay\u0131 \u00f6\u011frencileri ad\u0131na te\u015fekk\u00fcr eden\u00a0 Dekan Prof. Dr. Ali Akda\u011fl\u0131: \u201dBug\u00fcn 21\u2019inci d\u00f6nem mezunlar\u0131m\u0131z\u0131 u\u011furlaman\u0131n mutlulu\u011funu ve gururunu ya\u015f\u0131yoruz. \u00dcniversiteler bilimsel ara\u015ft\u0131rmalar yapman\u0131n yan\u0131 s\u0131ra tutkular\u0131n\u0131 mesleklerine d\u00f6n\u00fc\u015ft\u00fcrmeyi hedefleyen bireylerin yeti\u015fti\u011fi yerlerdir. Gelece\u011fin gen\u00e7 profesyonellerine rehberlik eden \u00fcniversiteler, i\u015f ya\u015fam\u0131n\u0131n provalar\u0131n\u0131 yapt\u0131klar\u0131 platformlar olarak g\u00f6r\u00fclmeli. \u00d6\u011frencilerimizin potansiyellerini ortaya \u00e7\u0131karmak i\u00e7in \u00e7aba harcayan de\u011ferli hocalar\u0131ma ve idari personelimize i\u00e7tenlikle te\u015fekk\u00fcr ediyorum\u201d dedi.\u00a0<\/p>\n<p class=\"p3\">\u00a0<\/p>\n<p class=\"p2\">TMMOB Temsilcisi Emre \u00dcresin gen\u00e7 meslekta\u015flar\u0131na seslenerek baz\u0131 tavsiyelerde bulundu. \u00a0<\/p>\n<p class=\"p2\">\u201cSevgili hocalar\u0131m\u0131n y\u0131llarca emek verip deneyimlerini payla\u015ft\u0131\u011f\u0131 \u00f6\u011frenciler, \u00fclkelerine hizmet vermek i\u00e7in okul s\u0131ralar\u0131ndan ayr\u0131l\u0131yorlar\u201d diyen \u00dcresin: \u201cM\u00fchendis olan meslekta\u015flar\u0131m i\u015f ya\u015famlar\u0131nda g\u00f6rd\u00fckleri sorunlara akademik bir bak\u0131\u015f a\u00e7\u0131s\u0131 ile \u00e7\u00f6z\u00fcm \u00fcretebilecek. Bu sayede \u00fcniversitelerle sanayiyi bir araya getirerek \u00fclkemizin geli\u015fmesine katk\u0131 sa\u011flayacaklar\u201d \u015feklinde konu\u015ftu.<\/p>\n","protected":false},"excerpt":{"rendered":"<p>\u00dcniversitelerle sanayiyi bir araya getirerek \u00fclkemizin geli\u015fmesine katk\u0131 sa\u011flayacaklar. M\u00fchendislik Fak\u00fcltesi \u00f6\u011frencileri m\u00fchendislik yemini edip, kep atarak m\u00fchendislik ya\u015fam\u0131na ilk ad\u0131mlar\u0131n\u0131 att\u0131. \u00a0 M\u00fchendislik Fak\u00fcltesi \u00f6\u011frencileri i\u00e7in Beden E\u011fitimi ve &hellip; <a href=\"https:\/\/akdenizolaygazetesi.com\/?p=2045\" class=\"more-link\">Devam\u0131n\u0131 Oku&#8230;<\/a><\/p>\n","protected":false},"author":1,"featured_media":0,"comment_status":"open","ping_status":"open","sticky":false,"template":"","format":"standard","meta":[],"categories":[],"tags":[],"_links":{"self":[{"href":"https:\/\/akdenizolaygazetesi.com\/index.php?rest_route=\/wp\/v2\/posts\/2045"}],"collection":[{"href":"https:\/\/akdenizolaygazetesi.com\/index.php?rest_route=\/wp\/v2\/posts"}],"about":[{"href":"https:\/\/akdenizolaygazetesi.com\/index.php?rest_route=\/wp\/v2\/types\/post"}],"author":[{"embeddable":true,"href":"https:\/\/akdenizolaygazetesi.com\/index.php?rest_route=\/wp\/v2\/users\/1"}],"replies":[{"embeddable":true,"href":"https:\/\/akdenizolaygazetesi.com\/index.php?rest_route=%2Fwp%2Fv2%2Fcomments&post=2045"}],"version-history":[{"count":0,"href":"https:\/\/akdenizolaygazetesi.com\/index.php?rest_route=\/wp\/v2\/posts\/2045\/revisions"}],"wp:attachment":[{"href":"https:\/\/akdenizolaygazetesi.com\/index.php?rest_route=%2Fwp%2Fv2%2Fmedia&parent=2045"}],"wp:term":[{"taxonomy":"category","embeddable":true,"href":"https:\/\/akdenizolaygazetesi.com\/index.php?rest_route=%2Fwp%2Fv2%2Fcategories&post=2045"},{"taxonomy":"post_tag","embeddable":true,"href":"https:\/\/akdenizolaygazetesi.com\/index.php?rest_route=%2Fwp%2Fv2%2Ftags&post=2045"}],"curies":[{"name":"wp","href":"https:\/\/api.w.org\/{rel}","templated":true}]}}