{"id":20458,"date":"2022-08-18T12:26:27","date_gmt":"2022-08-18T09:26:27","guid":{"rendered":"http:\/\/akdenizolaygazetesi.com\/?p=20458"},"modified":"2022-08-18T12:26:27","modified_gmt":"2022-08-18T09:26:27","slug":"baskan-gultak-sadece-2-ayda-bin-500-cocugumuzu-sporla-tanistirdik","status":"publish","type":"post","link":"https:\/\/akdenizolaygazetesi.com\/?p=20458","title":{"rendered":"BA\u015eKAN G\u00dcLTAK; \u201cSADECE 2 AYDA B\u0130N 500 \u00c7OCU\u011eUMUZU SPORLA TANI\u015eTIRDIK\u201d"},"content":{"rendered":"<p>Ba\u015fkan G\u00fcltak, bu yaz tatilinde de aileler ve \u00e7ocuklar\u0131n yo\u011fun ilgi g\u00f6sterdi\u011fi yaz spor okulu futbol kursunun kapan\u0131\u015f t\u00f6renine kat\u0131larak, e\u011fitimlerini tamamlayan minik sporcular ve aileleri ile bir araya geldi. Akdeniz\u2019in, art\u0131k sporun merkezi oldu\u011funun alt\u0131n\u0131 \u00e7izen Ba\u015fkan G\u00fcltak, sadece Temmuz ve A\u011fustos ay\u0131 i\u00e7inde futbol, basketbol, tenis ve y\u00fczme kurslar\u0131ndan bin 500 \u00e7ocu\u011fun faydaland\u0131\u011f\u0131n\u0131 belirtti.<br \/>\nK\u00fclt\u00fcr ve Sosyal \u0130\u015fler M\u00fcd\u00fcrl\u00fc\u011f\u00fc\u2019nce, Akdeniz\u2019de ikamet eden 6-13 ya\u015f aras\u0131ndaki \u00e7ocuklar\u0131n hem \u00e7e\u015fitli spor dallar\u0131n\u0131 \u00f6\u011frenmeleri hem de sosyalle\u015fmelerine y\u00f6nelik d\u00fczenlenen yaz spor okullar\u0131 kapan\u0131\u015f t\u00f6reni, Ba\u015fkan G\u00fcltak\u2019\u0131n da kat\u0131l\u0131m\u0131yla ger\u00e7ekle\u015ftirildi. \u015eafak Erdur &#8211; Seyfi Ali T\u00fcrko\u011flu Futbol sahas\u0131nda verilen kurslara kat\u0131lan \u00e7ocuklar, yaz tatili boyunca ya\u015f\u0131tlar\u0131yla doyas\u0131ya e\u011flendi, yeteneklerini geli\u015ftirdi. T\u00f6rende minik sporcular ve aileleri, yaz spor okullar\u0131 projesini Akdeniz\u2019de hayata katt\u0131\u011f\u0131 i\u00e7in Akdeniz Belediye Ba\u015fkan\u0131 Mustafa G\u00fcltak\u2019a te\u015fekk\u00fcr etti.<br \/>\n\u201cAkdenizli bin 500 \u00e7ocu\u011fumuzu sporla bulu\u015fturduk\u201d<br \/>\nMinik sporcular sevin\u00e7 i\u00e7inde ve alk\u0131\u015flarla tesise gelen Ba\u015fkan G\u00fcltak\u2019\u0131 kar\u015f\u0131lad\u0131. Bulu\u015fmada, belediyenin futbol kul\u00fcb\u00fc oyuncular\u0131yla ayak tenisi de oynayan Ba\u015fkan G\u00fcltak, futboldaki maharetini bir kez daha g\u00f6sterdi. Kurslar hakk\u0131nda bir de\u011ferlendirme yapan Ba\u015fkan G\u00fcltak, \u201cOkullar kapan\u0131r kapanmaz, Seyfi Ali T\u00fcrko\u011flu tesislerimizde Temmuz ve A\u011fustos aylar\u0131n\u0131n planlamas\u0131n\u0131 yaparak \u00e7ocuklar\u0131m\u0131zla burada bulu\u015ftuk. Antren\u00f6rlerimiz ve m\u00fcd\u00fcrlerime te\u015fekk\u00fcr ediyorum. \u00c7ocuklar\u0131m\u0131zla birebir ilgilendiler, hem kat\u0131ld\u0131klar\u0131 spor bran\u015flar\u0131n\u0131 \u00f6\u011frettiler hem de \u00e7ocuklar\u0131m\u0131z\u0131n g\u00fczel vakitler ge\u00e7irmesini sa\u011flad\u0131lar. Y\u0131l i\u00e7erisindeki ders yo\u011funlu\u011funu \u00fczerlerinden att\u0131lar. \u00c7ocuklar\u0131m\u0131z, kazand\u0131klar\u0131 bu g\u00fczel enerji ile Eyl\u00fcl ay\u0131nda okullar\u0131na ba\u015flayacaklar\u201d diye konu\u015ftu.<br \/>\n \u201cY\u00fczme havuzlar\u0131ndan da 2 ayda 700 \u00e7ocuk faydaland\u0131\u201d<br \/>\nBa\u015fkan Mustafa G\u00fcltak, Y\u0131lmaz G\u00fcney Gen\u00e7lik Merkezi i\u00e7inde bulunan y\u00fczme havuzu ile portatif y\u00fczme havuzunda da 2 ay i\u00e7inde 700 \u00e7ocu\u011fa y\u00fczme \u00f6\u011frettiklerini ifade ederek, \u201cTemmuz ve A\u011fustos aylar\u0131 i\u00e7inde; Tenis, basketbol, futbol ve y\u00fczme dal\u0131nda toplam bin 500 \u00e7ocu\u011fumuza e\u011fitim verdik, ailelerini de mutlu ettik. \u00c7ocuklar\u0131m\u0131z burada bir disiplin sahibi oldular, sporcu ahlak\u0131n\u0131 kazand\u0131lar. Kurslar\u0131m\u0131za kat\u0131lan t\u00fcm \u00e7ocuklar\u0131m\u0131za okul hayatlar\u0131nda da ba\u015far\u0131lar diliyorum\u201d dedi.<br \/>\n\u201c\u00c7ocu\u011fum sporla ilk kez tan\u0131\u015ft\u0131\u201d<br \/>\nAkdeniz Belediyesi\u2019nin yaz futbol okulu kapan\u0131\u015f t\u00f6renine kat\u0131lan minik sporcular\u0131n aileleri de Ba\u015fkan G\u00fcltak\u2019a yo\u011fun sevgi g\u00f6sterileri g\u00f6stererek il\u00e7ede yapt\u0131\u011f\u0131 \u00e7al\u0131\u015fmalar\u0131n yan\u0131 s\u0131ra, spora y\u00f6nelik yat\u0131r\u0131mlar\u0131 nedeniyle te\u015fekk\u00fcr ettiler. \u00c7ocu\u011funun sporla ilk kez tan\u0131\u015ft\u0131\u011f\u0131n\u0131 belirten bir veli; \u201cAlt\u0131 ya\u015f\u0131ndaki \u00e7ocu\u011fum bug\u00fcnk\u00fc t\u00f6rene ba\u015fkan amcas\u0131n\u0131n da kat\u0131laca\u011f\u0131n\u0131 \u00f6\u011frendikten sonra heyecandan yerinde duramad\u0131. Beni ve e\u015fimi buraya 2 saat \u00f6ncesinden getirdi. \u00c7ocu\u011fum Say\u0131n ba\u015fkan\u0131m\u0131z Mustafa G\u00fcltak sayesinde sporla tan\u0131\u015ft\u0131 ve bu y\u00fczden ba\u015fkan\u0131m\u0131z\u0131 \u00e7ok seviyor. Ba\u015fkan\u0131m\u0131za Akdeniz\u2019e sundu\u011fu hizmetler ve kazand\u0131rd\u0131\u011f\u0131 spor tesislerinden dolay\u0131 te\u015fekk\u00fcr ediyoruz\u201d dedi.<br \/>\nHem Akdeniz il\u00e7esini de\u011fi\u015ftiren hizmet ve projeler, hem de il\u00e7e sakini vatanda\u015flara kazand\u0131r\u0131lan spor tesisleri nedeniyle te\u015fekk\u00fcrlerini dile getiren baz\u0131 veliler de, eskiden sokak \u00e7at\u0131\u015fmalar\u0131 veya uyu\u015fturucu gibi istenmeyen olaylarla g\u00fcndeme gelen Akdeniz\u2019in, bug\u00fcn sporla, k\u00fclt\u00fcr, sanat ve festivallerle an\u0131ld\u0131\u011f\u0131n\u0131 ifade ederek, bu durumdan duyduklar\u0131 memnuniyeti dile getirdi.<br \/>\nEyl\u00fcl ile Lina\u2019n\u0131n hayali, kad\u0131n futbol milli tak\u0131m\u0131nda oynamak<br \/>\nAkdeniz Belediyesi yaz spor okulunun bu y\u0131lki kursiyerleri aras\u0131nda, 6 ya\u015f\u0131ndaki Eyl\u00fcl Ada Y\u0131ld\u0131r\u0131m ile 7 ya\u015f\u0131ndaki Lina Oru\u00e7 adl\u0131 minik k\u0131zlar da yer ald\u0131. Ba\u015fkan G\u00fcltak, Eyl\u00fcl ve Lina ile sohbet ederek yak\u0131ndan ilgilendi. Miniklerin hayali, ileride kad\u0131n futbol milli tak\u0131m\u0131nda oynamak. Lina ve Eyl\u00fcl, yaz spor okulu kursuna kat\u0131larak futbola ilk ad\u0131m\u0131 atarken, ailelerinin deste\u011fiyle spor okuluna kaydolan ve futbol bran\u015f\u0131nda e\u011fitim alan k\u0131z \u00e7ocuklar\u0131 \u00f6\u011frendiklerini sergilerken g\u00f6z doldurdu. <\/p>\n","protected":false},"excerpt":{"rendered":"<p>Ba\u015fkan G\u00fcltak, bu yaz tatilinde de aileler ve \u00e7ocuklar\u0131n yo\u011fun ilgi g\u00f6sterdi\u011fi yaz spor okulu futbol kursunun kapan\u0131\u015f t\u00f6renine kat\u0131larak, e\u011fitimlerini tamamlayan minik sporcular ve aileleri ile bir araya geldi. &hellip; <a href=\"https:\/\/akdenizolaygazetesi.com\/?p=20458\" class=\"more-link\">Devam\u0131n\u0131 Oku&#8230;<\/a><\/p>\n","protected":false},"author":2,"featured_media":20459,"comment_status":"open","ping_status":"open","sticky":false,"template":"","format":"standard","meta":[],"categories":[2,3,5,10],"tags":[],"_links":{"self":[{"href":"https:\/\/akdenizolaygazetesi.com\/index.php?rest_route=\/wp\/v2\/posts\/20458"}],"collection":[{"href":"https:\/\/akdenizolaygazetesi.com\/index.php?rest_route=\/wp\/v2\/posts"}],"about":[{"href":"https:\/\/akdenizolaygazetesi.com\/index.php?rest_route=\/wp\/v2\/types\/post"}],"author":[{"embeddable":true,"href":"https:\/\/akdenizolaygazetesi.com\/index.php?rest_route=\/wp\/v2\/users\/2"}],"replies":[{"embeddable":true,"href":"https:\/\/akdenizolaygazetesi.com\/index.php?rest_route=%2Fwp%2Fv2%2Fcomments&post=20458"}],"version-history":[{"count":1,"href":"https:\/\/akdenizolaygazetesi.com\/index.php?rest_route=\/wp\/v2\/posts\/20458\/revisions"}],"predecessor-version":[{"id":20460,"href":"https:\/\/akdenizolaygazetesi.com\/index.php?rest_route=\/wp\/v2\/posts\/20458\/revisions\/20460"}],"wp:featuredmedia":[{"embeddable":true,"href":"https:\/\/akdenizolaygazetesi.com\/index.php?rest_route=\/wp\/v2\/media\/20459"}],"wp:attachment":[{"href":"https:\/\/akdenizolaygazetesi.com\/index.php?rest_route=%2Fwp%2Fv2%2Fmedia&parent=20458"}],"wp:term":[{"taxonomy":"category","embeddable":true,"href":"https:\/\/akdenizolaygazetesi.com\/index.php?rest_route=%2Fwp%2Fv2%2Fcategories&post=20458"},{"taxonomy":"post_tag","embeddable":true,"href":"https:\/\/akdenizolaygazetesi.com\/index.php?rest_route=%2Fwp%2Fv2%2Ftags&post=20458"}],"curies":[{"name":"wp","href":"https:\/\/api.w.org\/{rel}","templated":true}]}}