{"id":20461,"date":"2022-08-18T12:28:21","date_gmt":"2022-08-18T09:28:21","guid":{"rendered":"http:\/\/akdenizolaygazetesi.com\/?p=20461"},"modified":"2022-08-18T12:28:21","modified_gmt":"2022-08-18T09:28:21","slug":"cukurovanin-milli-yildizlari-karadagda","status":"publish","type":"post","link":"https:\/\/akdenizolaygazetesi.com\/?p=20461","title":{"rendered":"\u00c7UKUROVA&#8217;NIN M\u0130LL\u0130 YILDIZLARI KARADA\u011e&#8217;DA"},"content":{"rendered":"<p>U16 milli tak\u0131m\u0131 ile K\u0131zlar Avrupa \u015eampiyonas\u0131 B Ligi m\u00fcsabakalar\u0131 i\u00e7in Karada\u011f&#8217;da bulunan \u00c7ukurova Basketbol Kul\u00fcb\u00fc (\u00c7BK) Mersin Yeni\u015fehir Belediyesi&#8217;nin gen\u00e7 yetenekleri Ay\u015fenaz Harma, Eslem G\u00fcler, Esra G\u00fcven\u00e7 ve Selin Tekin, tak\u0131m halinde do\u011fru oyunu oynay\u0131p A Ligi&#8217;ne y\u00fckselmek istediklerini s\u00f6yledi. <\/p>\n<p>Organizasyonda B Grubu&#8217;nda yer alan milliler; Karada\u011f, Bulgaristan ve Norve\u00e7 ile ayn\u0131 grupta yer al\u0131yor. Ay-y\u0131ld\u0131zl\u0131lar bug\u00fcn TS\u0130 19.45&#8217;te Karada\u011f, 20 A\u011fustos Cumartesi g\u00fcn\u00fc TS\u0130 22.00&#8217;de Bulgaristan ve 23 A\u011fustos Sal\u0131 g\u00fcn\u00fc de TS\u0130 17.30&#8217;da Norve\u00e7 ile kar\u015f\u0131 kar\u015f\u0131ya gelecek.<\/p>\n<p>\u00c7BK&#8217;n\u0131n milli tak\u0131mdaki temsilcileri Ay\u015fenaz Harma, Eslem G\u00fcler, Esra G\u00fcven\u00e7 ve Selin Tekin, ay-y\u0131ld\u0131zl\u0131 formay\u0131 giymenin b\u00fcy\u00fck bir gurur oldu\u011funu belirterek, &#8220;\u0130yi bir haz\u0131rl\u0131k kamp\u0131 d\u00f6nemi ge\u00e7irdik, iyi haz\u0131rland\u0131k. Tak\u0131m halinde do\u011fru oyunu oynay\u0131p turnuvay\u0131 en iyi \u015fekilde tamamlamak istiyoruz. Bunu ba\u015fard\u0131\u011f\u0131m\u0131z takdirde ba\u015far\u0131 kendili\u011finden gelecek ve A Ligi&#8217;ne y\u00fckselece\u011fiz. \u00c7\u00fcnk\u00fc bizim bayra\u011f\u0131m\u0131z en \u00fcste olmay\u0131 hak ediyor&#8221; dedi.<\/p>\n","protected":false},"excerpt":{"rendered":"<p>U16 milli tak\u0131m\u0131 ile K\u0131zlar Avrupa \u015eampiyonas\u0131 B Ligi m\u00fcsabakalar\u0131 i\u00e7in Karada\u011f&#8217;da bulunan \u00c7ukurova Basketbol Kul\u00fcb\u00fc (\u00c7BK) Mersin Yeni\u015fehir Belediyesi&#8217;nin gen\u00e7 yetenekleri Ay\u015fenaz Harma, Eslem G\u00fcler, Esra G\u00fcven\u00e7 ve Selin &hellip; <a href=\"https:\/\/akdenizolaygazetesi.com\/?p=20461\" class=\"more-link\">Devam\u0131n\u0131 Oku&#8230;<\/a><\/p>\n","protected":false},"author":2,"featured_media":20462,"comment_status":"open","ping_status":"open","sticky":false,"template":"","format":"standard","meta":[],"categories":[3,10],"tags":[],"_links":{"self":[{"href":"https:\/\/akdenizolaygazetesi.com\/index.php?rest_route=\/wp\/v2\/posts\/20461"}],"collection":[{"href":"https:\/\/akdenizolaygazetesi.com\/index.php?rest_route=\/wp\/v2\/posts"}],"about":[{"href":"https:\/\/akdenizolaygazetesi.com\/index.php?rest_route=\/wp\/v2\/types\/post"}],"author":[{"embeddable":true,"href":"https:\/\/akdenizolaygazetesi.com\/index.php?rest_route=\/wp\/v2\/users\/2"}],"replies":[{"embeddable":true,"href":"https:\/\/akdenizolaygazetesi.com\/index.php?rest_route=%2Fwp%2Fv2%2Fcomments&post=20461"}],"version-history":[{"count":1,"href":"https:\/\/akdenizolaygazetesi.com\/index.php?rest_route=\/wp\/v2\/posts\/20461\/revisions"}],"predecessor-version":[{"id":20463,"href":"https:\/\/akdenizolaygazetesi.com\/index.php?rest_route=\/wp\/v2\/posts\/20461\/revisions\/20463"}],"wp:featuredmedia":[{"embeddable":true,"href":"https:\/\/akdenizolaygazetesi.com\/index.php?rest_route=\/wp\/v2\/media\/20462"}],"wp:attachment":[{"href":"https:\/\/akdenizolaygazetesi.com\/index.php?rest_route=%2Fwp%2Fv2%2Fmedia&parent=20461"}],"wp:term":[{"taxonomy":"category","embeddable":true,"href":"https:\/\/akdenizolaygazetesi.com\/index.php?rest_route=%2Fwp%2Fv2%2Fcategories&post=20461"},{"taxonomy":"post_tag","embeddable":true,"href":"https:\/\/akdenizolaygazetesi.com\/index.php?rest_route=%2Fwp%2Fv2%2Ftags&post=20461"}],"curies":[{"name":"wp","href":"https:\/\/api.w.org\/{rel}","templated":true}]}}