{"id":20491,"date":"2022-08-22T17:34:47","date_gmt":"2022-08-22T14:34:47","guid":{"rendered":"http:\/\/akdenizolaygazetesi.com\/?p=20491"},"modified":"2022-08-22T17:34:47","modified_gmt":"2022-08-22T14:34:47","slug":"igne-oyalari-buyuk-begeni-topladi","status":"publish","type":"post","link":"https:\/\/akdenizolaygazetesi.com\/?p=20491","title":{"rendered":"&#8220;\u0130\u011eNE OYALARI B\u00dcY\u00dcK BE\u011eEN\u0130 TOPLADI&#8221;"},"content":{"rendered":"<p>Toroslar Belediyesi; Gaziantep ve Mardin&#8217;in Derik \u0130l\u00e7esi&#8217;nde ya\u015fanan ve t\u00fcm T\u00fcrkiye&#8217;yi yasa bo\u011fan elim trafik kazalar\u0131 sebebiyle 6. Geleneksel \u00c7aml\u0131yayla \u0130\u011fne Oyas\u0131 Festivali&#8217;nde yap\u0131lacak konserleri iptal etti.<\/p>\n<p>\u00c7aml\u0131yayla Belediyesi ile ortakla\u015fa d\u00fczenlenen festivalin Toroslar \u0130l\u00e7esindeki etkinlikleri; el eme\u011fi ile \u00fcretilen \u00fcr\u00fcnlerin sergisiyle sona erdi.<\/p>\n<p>K\u00fclt\u00fcrel miras\u0131m\u0131z olan i\u011fne oyalar\u0131n\u0131n d\u00fcnyaya tan\u0131t\u0131lmas\u0131n\u0131n ama\u00e7land\u0131\u011f\u0131 ve 4 g\u00fcn s\u00fcren festivalde; Toroslar Belediyesi Teknik ve Mesleki E\u011fitim Kurslar\u0131&#8217;na (TORTEK) kat\u0131lan kursiyerler ile \u00c7aml\u0131yaylal\u0131 kad\u0131nlar\u0131n i\u015fledi\u011fi i\u011fne oyalar\u0131 b\u00fcy\u00fck be\u011feni toplad\u0131.<\/p>\n<p>Sergilenen El Eme\u011fi \u00dcr\u00fcnler, Al\u0131c\u0131lar\u0131n\u0131 Buldu<\/p>\n<p>Ayvadedi\u011fi Mahallesi Futbol Sahas\u0131nda yap\u0131lan sergide, e\u015farp, boh\u00e7a, \u00e7ar\u015faf ve havlu kenarlar\u0131n\u0131n yan\u0131 s\u0131ra tak\u0131larda, k\u0131yafet ve tepsilerde kullan\u0131lan i\u011fne oyalar\u0131 ilgi g\u00f6rd\u00fc.<\/p>\n<p>K\u00fclt\u00fcrel zenginli\u011fimiz olan i\u011fne oyalar\u0131n\u0131n d\u00fcnyaya tan\u0131t\u0131lmas\u0131n\u0131n ama\u00e7land\u0131\u011f\u0131 festivalde kad\u0131nlar, ayn\u0131 zamanda el eme\u011fi ile \u00fcrettikleri \u00fcr\u00fcnlerini satarak aile ekonomilerine katk\u0131da da bulundular.<\/p>\n<p>TORTEK \u0130\u011fne Oyas\u0131 E\u011fiticisi \u00dcmm\u00fc G\u00fczel de i\u011fne oyas\u0131 tasar\u0131mlar\u0131nda Mersin&#8217;e \u00f6zg\u00fc endemik bitkilerden esinlendiklerini kaydederek, i\u011fne oyalar\u0131n\u0131n art\u0131k aksesuarlarda da kullan\u0131ld\u0131\u011f\u0131na dikkat \u00e7ekti.<\/p>\n<p>Ba\u015fkan Y\u0131lmaz; &#8220;\u00dcreten T\u00fcm Kad\u0131nlara Te\u015fekk\u00fcr Ediyoruz&#8221;<\/p>\n<p>Toroslar Belediye Ba\u015fkan\u0131 Ats\u0131z Af\u015f\u0131n Y\u0131lmaz, \u00c7aml\u0131yayla Belediyesi ile birlikte d\u00fczenledikleri 6. Geleneksel \u0130\u011fne Oyas\u0131 Festivali&#8217;nde kad\u0131n eme\u011finin en g\u00fczel \u00f6rne\u011finin ya\u015fand\u0131\u011f\u0131n\u0131 s\u00f6yledi.<\/p>\n<p>&#8220;\u00c7al\u0131\u015fan, \u00fcreten hem aile hem \u00fclke ekonomisine katk\u0131da bulunan t\u00fcm kad\u0131nlar\u0131 y\u00fcrekten kutluyorum&#8221; diyen Ba\u015fkan Y\u0131lmaz; &#8220;Kad\u0131nlar\u0131m\u0131z, el eme\u011fi g\u00f6z nuruyla \u00fcrettikleri \u00fcr\u00fcnleri Mersinlilerimizle payla\u015ft\u0131lar. Birbirinden g\u00fczel tasar\u0131mlar\u0131n\u0131 ortaya koydular. Kendilerine te\u015fekk\u00fcr ediyoruz. \u00dcreten kad\u0131nlar\u0131m\u0131z\u0131n her zaman yan\u0131nday\u0131z&#8221; dedi.<\/p>\n<p>Ba\u015fkan Y\u0131lmaz, hafta sonu ya\u015fanan elim trafik kazalar\u0131 sebebiyle festivalde d\u00fczenleyecekleri konserleri de iptal ettiklerini hat\u0131rlatarak; &#8220;Gaziantep ve Mardin&#8217;in Derik \u0130l\u00e7esinde ya\u015fanan elim trafik kazalar\u0131nda vatanda\u015flar\u0131m\u0131z\u0131n hayat\u0131n\u0131 kaybetmesi bizleri derinden \u00fczd\u00fc. Bu sebeple \u0130\u011fne Oyas\u0131 Festivalimizde yapaca\u011f\u0131m\u0131z konserlerimizi iptal ettik. Hayat\u0131n\u0131 kaybeden vatanda\u015flar\u0131m\u0131za Allah&#8217;tan rahmet, yaral\u0131lara acil \u015fifalar diliyor, ailelerinin ac\u0131s\u0131n\u0131 payla\u015f\u0131yoruz&#8221; diye konu\u015ftu.<\/p>\n","protected":false},"excerpt":{"rendered":"<p>Toroslar Belediyesi; Gaziantep ve Mardin&#8217;in Derik \u0130l\u00e7esi&#8217;nde ya\u015fanan ve t\u00fcm T\u00fcrkiye&#8217;yi yasa bo\u011fan elim trafik kazalar\u0131 sebebiyle 6. Geleneksel \u00c7aml\u0131yayla \u0130\u011fne Oyas\u0131 Festivali&#8217;nde yap\u0131lacak konserleri iptal etti. \u00c7aml\u0131yayla Belediyesi ile &hellip; <a href=\"https:\/\/akdenizolaygazetesi.com\/?p=20491\" class=\"more-link\">Devam\u0131n\u0131 Oku&#8230;<\/a><\/p>\n","protected":false},"author":2,"featured_media":20492,"comment_status":"open","ping_status":"open","sticky":false,"template":"","format":"standard","meta":[],"categories":[8,2,3],"tags":[],"_links":{"self":[{"href":"https:\/\/akdenizolaygazetesi.com\/index.php?rest_route=\/wp\/v2\/posts\/20491"}],"collection":[{"href":"https:\/\/akdenizolaygazetesi.com\/index.php?rest_route=\/wp\/v2\/posts"}],"about":[{"href":"https:\/\/akdenizolaygazetesi.com\/index.php?rest_route=\/wp\/v2\/types\/post"}],"author":[{"embeddable":true,"href":"https:\/\/akdenizolaygazetesi.com\/index.php?rest_route=\/wp\/v2\/users\/2"}],"replies":[{"embeddable":true,"href":"https:\/\/akdenizolaygazetesi.com\/index.php?rest_route=%2Fwp%2Fv2%2Fcomments&post=20491"}],"version-history":[{"count":1,"href":"https:\/\/akdenizolaygazetesi.com\/index.php?rest_route=\/wp\/v2\/posts\/20491\/revisions"}],"predecessor-version":[{"id":20493,"href":"https:\/\/akdenizolaygazetesi.com\/index.php?rest_route=\/wp\/v2\/posts\/20491\/revisions\/20493"}],"wp:featuredmedia":[{"embeddable":true,"href":"https:\/\/akdenizolaygazetesi.com\/index.php?rest_route=\/wp\/v2\/media\/20492"}],"wp:attachment":[{"href":"https:\/\/akdenizolaygazetesi.com\/index.php?rest_route=%2Fwp%2Fv2%2Fmedia&parent=20491"}],"wp:term":[{"taxonomy":"category","embeddable":true,"href":"https:\/\/akdenizolaygazetesi.com\/index.php?rest_route=%2Fwp%2Fv2%2Fcategories&post=20491"},{"taxonomy":"post_tag","embeddable":true,"href":"https:\/\/akdenizolaygazetesi.com\/index.php?rest_route=%2Fwp%2Fv2%2Ftags&post=20491"}],"curies":[{"name":"wp","href":"https:\/\/api.w.org\/{rel}","templated":true}]}}