{"id":20510,"date":"2022-08-23T12:48:27","date_gmt":"2022-08-23T09:48:27","guid":{"rendered":"http:\/\/akdenizolaygazetesi.com\/?p=20510"},"modified":"2022-08-23T12:48:27","modified_gmt":"2022-08-23T09:48:27","slug":"cbk-ve-akdeniz-belediyesi-cocuklarin-hayatina-dokunacak","status":"publish","type":"post","link":"https:\/\/akdenizolaygazetesi.com\/?p=20510","title":{"rendered":"\u00c7BK VE AKDEN\u0130Z BELED\u0130YES\u0130, \u00c7OCUKLARIN HAYATINA DOKUNACAK"},"content":{"rendered":"<p>Akdeniz Belediyesi ve \u00c7ukurova Basketbol Kul\u00fcb\u00fc (\u00c7BK) aras\u0131nda yap\u0131lacak i\u015fbirli\u011fiyle, dezavantajl\u0131 b\u00f6lgelerdeki yetenekli \u00e7ocuklar basketbola kazand\u0131r\u0131lacak. \u00d6\u011frencilerin belediye taraf\u0131ndan ma\u00e7lara getirilmesi gibi etkinliklerle de \u00e7ocuklar i\u00e7in sosyal bir alan yarat\u0131lacak. <\/p>\n<p>Yeni sezon \u00f6ncesi kentteki temaslar\u0131n\u0131 s\u00fcrd\u00fcrerek kul\u00fcb\u00fcn ba\u015far\u0131 ve hedeflerini anlatan \u00c7BK Genel Koordinat\u00f6r\u00fc Ender \u00dcnl\u00fc, Akdeniz Belediye Ba\u015fkan\u0131 Mustafa G\u00fcltak&#8217;\u0131 ziyaret etti. Ge\u00e7en sezon Mersin&#8217;de d\u00fczenlenen organizasyonda T\u00fcrkiye Kupas\u0131&#8217;n\u0131 kazand\u0131klar\u0131n\u0131 an\u0131msatarak, EuroCup 4&#8217;\u00fcnc\u00fcs\u00fc ve lig 2&#8217;ncisi olduklar\u0131n\u0131 hat\u0131rlatan \u00dcnl\u00fc, &#8220;\u00d6n\u00fcm\u00fczdeki sezon 4 kulvarda \u015fampiyonluk hedefliyoruz. Y\u0131ld\u0131z transferlerimizle EuroLig Women, Kad\u0131nlar Basketbol S\u00fcper Ligi, T\u00fcrkiye Kupas\u0131 ve Cumhurba\u015fkanl\u0131\u011f\u0131 Kupas\u0131&#8217;n\u0131 kazanmak istiyoruz. T\u00fcm planlar\u0131m\u0131z\u0131 \u015fampiyonluklar \u00fczerine kurduk. A tak\u0131m ile kentimize kupalar kazand\u0131rmay\u0131 hedeflerken, altyap\u0131m\u0131zda da \u00f6nemli \u00e7al\u0131\u015fmalar ger\u00e7ekle\u015ftiriyoruz. D\u00fcnya geneli ve \u00fclkemizdeki taramalar sonucu Mersin&#8217;e getirdi\u011fimiz yetenekli gen\u00e7leri T\u00fcrk basketboluna kazand\u0131rmak i\u00e7in \u00e7aba g\u00f6steriyoruz. Yaln\u0131zca sporcu yeti\u015ftirmeyi de\u011fil, basketbolu ve sporu seven bir nesil olu\u015fturmay\u0131 ama\u00e7l\u0131yor, bu \u015fehrin bir de\u011feri olarak kentimizin t\u00fcm dinamiklerini bulu\u015fturup \u00e7e\u015fitli projelerle \u00e7ocuklar\u0131m\u0131z\u0131n hayatlar\u0131na dokunmay\u0131 istiyoruz. \u00c7\u00fcnk\u00fc biz Mersin&#8217;in tak\u0131m\u0131y\u0131z ve sorumlulu\u011fumuzun fark\u0131nday\u0131z. Bu noktada Akdeniz Belediyesi ile i\u015fbirli\u011fi yapmaya haz\u0131r\u0131z&#8221; dedi. <\/p>\n<p>&#8220;T\u00dcM ADIMLARI \u00d6NEMS\u0130YORUZ&#8221;<br \/>\n\u00c7BK&#8217;n\u0131n ba\u015far\u0131 ve \u00e7al\u0131\u015fmalar\u0131n\u0131 ilgiyle takip etti\u011fini dile getiren Ba\u015fkan G\u00fcltak ise turuncu-lacivertli kul\u00fcb\u00fcn her alanda desteklenmesi gerekti\u011fini vurgulad\u0131. T\u00fcrkiye Kupas\u0131 \u015fampiyonlu\u011funun Mersin&#8217;in en b\u00fcy\u00fck sportif ba\u015far\u0131s\u0131 oldu\u011funa dikkat \u00e7eken G\u00fcltak, gerek A tak\u0131m gerekse altyap\u0131 anlam\u0131nda, daha bir\u00e7ok ba\u015far\u0131ya imza at\u0131laca\u011f\u0131na olan inanc\u0131n\u0131 dile getirerek, &#8220;Yaz spor okullar\u0131m\u0131zla sporla tan\u0131\u015ft\u0131rd\u0131\u011f\u0131m\u0131z binlerce p\u0131r\u0131l p\u0131r\u0131l \u00e7ocu\u011fumuz var. Belediyemizin spor kul\u00fcb\u00fc ve \u00c7BK i\u015fbirli\u011fiyle bu \u00e7ocuklar\u0131m\u0131z\u0131 spora kazand\u0131rabiliriz. Ayr\u0131ca okullar\u0131m\u0131zdaki \u00e7ocuklar\u0131m\u0131z\u0131 da ma\u00e7 g\u00fcnlerinde Servet Tazeg\u00fcl Spor Salonu&#8217;na \u00fccretsiz ula\u015ft\u0131r\u0131p, onlar\u0131n tak\u0131m\u0131m\u0131z\u0131 desteklemelerini sa\u011flayabilir, sosyalle\u015fmelerine katk\u0131 sunabiliriz. Mersinimiz ve Akdenizimiz i\u00e7in at\u0131lacak t\u00fcm ad\u0131mlar\u0131 \u00f6nemsiyoruz&#8221; diye konu\u015ftu.<\/p>\n<p>\u00dcnl\u00fc, ziyaretin son b\u00f6l\u00fcm\u00fcnde Ba\u015fkan G\u00fcltak&#8217;a ma\u00e7 formas\u0131 hediye etti.<\/p>\n","protected":false},"excerpt":{"rendered":"<p>Akdeniz Belediyesi ve \u00c7ukurova Basketbol Kul\u00fcb\u00fc (\u00c7BK) aras\u0131nda yap\u0131lacak i\u015fbirli\u011fiyle, dezavantajl\u0131 b\u00f6lgelerdeki yetenekli \u00e7ocuklar basketbola kazand\u0131r\u0131lacak. \u00d6\u011frencilerin belediye taraf\u0131ndan ma\u00e7lara getirilmesi gibi etkinliklerle de \u00e7ocuklar i\u00e7in sosyal bir alan yarat\u0131lacak. &hellip; <a href=\"https:\/\/akdenizolaygazetesi.com\/?p=20510\" class=\"more-link\">Devam\u0131n\u0131 Oku&#8230;<\/a><\/p>\n","protected":false},"author":2,"featured_media":20511,"comment_status":"open","ping_status":"open","sticky":false,"template":"","format":"standard","meta":[],"categories":[3,5,10],"tags":[],"_links":{"self":[{"href":"https:\/\/akdenizolaygazetesi.com\/index.php?rest_route=\/wp\/v2\/posts\/20510"}],"collection":[{"href":"https:\/\/akdenizolaygazetesi.com\/index.php?rest_route=\/wp\/v2\/posts"}],"about":[{"href":"https:\/\/akdenizolaygazetesi.com\/index.php?rest_route=\/wp\/v2\/types\/post"}],"author":[{"embeddable":true,"href":"https:\/\/akdenizolaygazetesi.com\/index.php?rest_route=\/wp\/v2\/users\/2"}],"replies":[{"embeddable":true,"href":"https:\/\/akdenizolaygazetesi.com\/index.php?rest_route=%2Fwp%2Fv2%2Fcomments&post=20510"}],"version-history":[{"count":1,"href":"https:\/\/akdenizolaygazetesi.com\/index.php?rest_route=\/wp\/v2\/posts\/20510\/revisions"}],"predecessor-version":[{"id":20512,"href":"https:\/\/akdenizolaygazetesi.com\/index.php?rest_route=\/wp\/v2\/posts\/20510\/revisions\/20512"}],"wp:featuredmedia":[{"embeddable":true,"href":"https:\/\/akdenizolaygazetesi.com\/index.php?rest_route=\/wp\/v2\/media\/20511"}],"wp:attachment":[{"href":"https:\/\/akdenizolaygazetesi.com\/index.php?rest_route=%2Fwp%2Fv2%2Fmedia&parent=20510"}],"wp:term":[{"taxonomy":"category","embeddable":true,"href":"https:\/\/akdenizolaygazetesi.com\/index.php?rest_route=%2Fwp%2Fv2%2Fcategories&post=20510"},{"taxonomy":"post_tag","embeddable":true,"href":"https:\/\/akdenizolaygazetesi.com\/index.php?rest_route=%2Fwp%2Fv2%2Ftags&post=20510"}],"curies":[{"name":"wp","href":"https:\/\/api.w.org\/{rel}","templated":true}]}}