{"id":20513,"date":"2022-08-23T12:49:46","date_gmt":"2022-08-23T09:49:46","guid":{"rendered":"http:\/\/akdenizolaygazetesi.com\/?p=20513"},"modified":"2022-08-23T12:49:46","modified_gmt":"2022-08-23T09:49:46","slug":"ata-egitim-merkezinde-hummali-calisma","status":"publish","type":"post","link":"https:\/\/akdenizolaygazetesi.com\/?p=20513","title":{"rendered":"ATA E\u011e\u0130T\u0130M MERKEZ\u0130&#8217;NDE HUMMALI \u00c7ALI\u015eMA&#8230;"},"content":{"rendered":"<p>Mersin B\u00fcy\u00fck\u015fehir Belediyesi Fen \u0130\u015fleri Daire Ba\u015fkanl\u0131\u011f\u0131 taraf\u0131ndan yap\u0131m\u0131 devam eden, geni\u015fli\u011fi, kapsam\u0131 ve i\u00e7eri\u011fi d\u00fcnya standartlar\u0131nda olacak olan Ata E\u011fitim Merkezi&#8217;nde sadece T\u00fcrkiye&#8217;deki de\u011fil, b\u00f6lge \u00fclkelerden gelecek itfaiyecilerin de e\u011fitim alabilmesi hedefleniyor.<\/p>\n<p>\u00c7al\u0131\u015fmalar hakk\u0131nda bilgi veren Fen \u0130\u015fleri Dairesi Ba\u015fkanl\u0131\u011f\u0131 \u0130n\u015faat M\u00fchendislerinden Mustafa \u00d6zlem Y\u0131lmazo\u011flu, 8 bin 400 metrekare alan \u00fczerine kurulan Ata E\u011fitim Merkezi&#8217;nin, itfaiyecilerin hem zihinsel hem fiziksel olarak zorluklara, yang\u0131nlara ve acil durumlara haz\u0131rl\u0131kl\u0131 olmas\u0131n\u0131 sa\u011flayacak kapasitede olaca\u011f\u0131n\u0131 s\u00f6yledi.<\/p>\n<p>&#8220;\u0130yi ve donan\u0131ml\u0131 itfaiyeci yeti\u015ftirmek i\u00e7in haz\u0131rlanan bir proje&#8221;<\/p>\n<p>Ata E\u011fitim Merkezi ile itfaiyecilerin tam donan\u0131ml\u0131 olmas\u0131n\u0131n hedeflendi\u011fini belirten Y\u0131lmazo\u011flu, &#8220;Projemiz iyi ve donan\u0131ml\u0131 itfaiyeci yeti\u015ftirmek i\u00e7in haz\u0131rlanan bir proje. Bu projede itfaiyecilerimizin formda kalmas\u0131 i\u00e7in, bir spor salonumuz ve crossfit saham\u0131z var. Ayn\u0131 zamanda kar\u015f\u0131 tarafta 3 katl\u0131 kulemiz var. Bu kuleden itfaiyecilerimiz hi\u00e7bir donan\u0131m olmadan, kendi el becerileri ile t\u0131rman\u0131p, oradaki yaral\u0131 veya kurtar\u0131lacak ki\u015fiyi sadece bir itfaiyeci hortumu ile kurtaracak \u015fekilde e\u011fitim alacaklar&#8221; dedi.<\/p>\n<p>Her t\u00fcrl\u00fc zorlu\u011fa kar\u015f\u0131 e\u011fitimler verilecek<\/p>\n<p>\u0130tfaiyecilerin \u00e7e\u015fitli kazalara, acil durumlara m\u00fcdahale edebilmeleri i\u00e7in ara\u00e7 kurtarma, kuyu kurtarma gibi istasyonlar\u0131n da Merkez&#8217;de bulunaca\u011f\u0131n\u0131 ifade eden Y\u0131lmazo\u011flu, &#8220;Burada ayn\u0131 zamanda farkl\u0131 birka\u00e7 tane \u00fcnitemiz daha var. Mesela konteyn\u0131r sahalar\u0131m\u0131z var. Konteyn\u0131rlarda 600 derece santigratta arkada\u015flar; patlamalarla, a\u011f\u0131r yang\u0131nlarla duman alt\u0131nda nas\u0131l kurtar\u0131l\u0131\u015f yap\u0131laca\u011f\u0131n\u0131 \u00f6\u011frenecekler&#8221; diye konu\u015ftu.<\/p>\n<p>&#8220;T\u00fcrkiye&#8217;de en yeni 3 projeden birisi&#8217;<\/p>\n<p>Merkez&#8217;de 6 tane kurtarma k\u00f6pe\u011finin yer ald\u0131\u011f\u0131 k\u00f6pek e\u011fitim istasyonunun da kurulaca\u011f\u0131n\u0131 dile getiren Mustafa \u00d6zlem Y\u0131lmazo\u011flu, &#8220;K\u00f6pek e\u011fitim alan\u0131m\u0131z da var. Burada 6 tane kurtarma k\u00f6pe\u011fimiz e\u011fitim alacak. Ayn\u0131 zamanda y\u00fczme havuzu olacak. K\u00f6pekler ayr\u0131ca havuzda da e\u011fitilecekler. T\u00fcrkiye&#8217;de en yeni 3 projeden birisi. Burada sadece \u00fclkemizden de\u011fil, \u00e7evre \u00fclkelerden de itfaiyecilere e\u011fitim vermeyi hedefledik. Bu \u015fekilde \u00e7al\u0131\u015fmalar\u0131m\u0131z\u0131 yapaca\u011f\u0131z&#8221; ifadelerini kulland\u0131.<\/p>\n<p>Ata E\u011fitim Merkezi hakk\u0131nda<\/p>\n<p>Mesleki E\u011fitim Salonu, G\u00f6zlem ve Atak \u0130stasyonu (kat\u0131 yak\u0131t i\u015fletimli), Yang\u0131n Evi \u0130stasyonu (S\u0131f\u0131r G\u00f6r\u00fc\u015f-Suni dumanl\u0131-Gece G\u00f6r\u00fc\u015fl\u00fc Kamera ve Ses Takipli), Tanker Kazas\u0131 Yang\u0131nlar\u0131na M\u00fcdahale \u0130stasyonu (LPG i\u015fletimli), Kuyu Operasyonlar\u0131 \u0130stasyonu, Y\u00fcksek A\u00e7\u0131 Kurtarma \u0130stasyonu, Trafik Kazalar\u0131na M\u00fcdahale \u0130stasyonu, Kentsel Arama Kurtarma \u0130stasyonu, \u0130tfaiye Sporlar\u0131 E\u011fitim ve T\u0131rmanma Kulesi, Dengede Y\u00fcr\u00fcme Tahtas\u0131, Y\u00fcksek Atlama Tahtas\u0131 ve K\u00f6pek E\u011fitim Merkezi bulunacak. <\/p>\n","protected":false},"excerpt":{"rendered":"<p>Mersin B\u00fcy\u00fck\u015fehir Belediyesi Fen \u0130\u015fleri Daire Ba\u015fkanl\u0131\u011f\u0131 taraf\u0131ndan yap\u0131m\u0131 devam eden, geni\u015fli\u011fi, kapsam\u0131 ve i\u00e7eri\u011fi d\u00fcnya standartlar\u0131nda olacak olan Ata E\u011fitim Merkezi&#8217;nde sadece T\u00fcrkiye&#8217;deki de\u011fil, b\u00f6lge \u00fclkelerden gelecek itfaiyecilerin de &hellip; <a href=\"https:\/\/akdenizolaygazetesi.com\/?p=20513\" class=\"more-link\">Devam\u0131n\u0131 Oku&#8230;<\/a><\/p>\n","protected":false},"author":2,"featured_media":20514,"comment_status":"open","ping_status":"open","sticky":false,"template":"","format":"standard","meta":[],"categories":[2,3,5],"tags":[],"_links":{"self":[{"href":"https:\/\/akdenizolaygazetesi.com\/index.php?rest_route=\/wp\/v2\/posts\/20513"}],"collection":[{"href":"https:\/\/akdenizolaygazetesi.com\/index.php?rest_route=\/wp\/v2\/posts"}],"about":[{"href":"https:\/\/akdenizolaygazetesi.com\/index.php?rest_route=\/wp\/v2\/types\/post"}],"author":[{"embeddable":true,"href":"https:\/\/akdenizolaygazetesi.com\/index.php?rest_route=\/wp\/v2\/users\/2"}],"replies":[{"embeddable":true,"href":"https:\/\/akdenizolaygazetesi.com\/index.php?rest_route=%2Fwp%2Fv2%2Fcomments&post=20513"}],"version-history":[{"count":1,"href":"https:\/\/akdenizolaygazetesi.com\/index.php?rest_route=\/wp\/v2\/posts\/20513\/revisions"}],"predecessor-version":[{"id":20515,"href":"https:\/\/akdenizolaygazetesi.com\/index.php?rest_route=\/wp\/v2\/posts\/20513\/revisions\/20515"}],"wp:featuredmedia":[{"embeddable":true,"href":"https:\/\/akdenizolaygazetesi.com\/index.php?rest_route=\/wp\/v2\/media\/20514"}],"wp:attachment":[{"href":"https:\/\/akdenizolaygazetesi.com\/index.php?rest_route=%2Fwp%2Fv2%2Fmedia&parent=20513"}],"wp:term":[{"taxonomy":"category","embeddable":true,"href":"https:\/\/akdenizolaygazetesi.com\/index.php?rest_route=%2Fwp%2Fv2%2Fcategories&post=20513"},{"taxonomy":"post_tag","embeddable":true,"href":"https:\/\/akdenizolaygazetesi.com\/index.php?rest_route=%2Fwp%2Fv2%2Ftags&post=20513"}],"curies":[{"name":"wp","href":"https:\/\/api.w.org\/{rel}","templated":true}]}}