{"id":20519,"date":"2022-08-24T12:45:20","date_gmt":"2022-08-24T09:45:20","guid":{"rendered":"http:\/\/akdenizolaygazetesi.com\/?p=20519"},"modified":"2022-08-24T12:45:20","modified_gmt":"2022-08-24T09:45:20","slug":"unlu-sanatcilar-kirac-kurtulus-kus-ve-burak-bulut-toroslarda-sahne-alacak","status":"publish","type":"post","link":"https:\/\/akdenizolaygazetesi.com\/?p=20519","title":{"rendered":"&#8220;\u00dcNL\u00dc SANAT\u00c7ILAR KIRA\u00c7, KURTULU\u015e KU\u015e VE BURAK BULUT TOROSLAR&#8217;DA SAHNE ALACAK&#8221;"},"content":{"rendered":"<p>Toroslar Belediyesi, milyonlar\u0131n be\u011fenisini kazanm\u0131\u015f sanat\u00e7\u0131lar\u0131 Mersinlilerle bulu\u015fturmaya devam ediyor.<\/p>\n<p>30 A\u011fustos Zafer Bayram\u0131&#8217;n\u0131n 100. y\u0131l\u0131, Toroslar&#8217;da \u00fcnl\u00fc sanat\u00e7\u0131lar K\u0131ra\u00e7, Kurtulu\u015f Ku\u015f ve Burak Bulut konserleriyle ta\u00e7lanacak.<\/p>\n<p>Toroslar Belediyesi; Gazi Mustafa Kemal Atat\u00fcrk&#8217;\u00fcn \u00f6nderli\u011finde 26 A\u011fustos&#8217;ta ba\u015flayan ve 30 A\u011fustos&#8217;ta zaferle sonu\u00e7lanan B\u00fcy\u00fck Taarruz ve Ba\u015fkomutanl\u0131k Meydan Muharebesi&#8217;nin 100. y\u0131l d\u00f6n\u00fcm\u00fc i\u00e7in Mersinlilere \u00f6zel bir kutlama program\u0131 haz\u0131rlad\u0131.<\/p>\n<p>&#8220;K\u0131ra\u00e7, 27 A\u011fustos&#8217;ta Sevenleriyle Bulu\u015facak&#8221;<\/p>\n<p>B\u00fcy\u00fck zaferin y\u0131l d\u00f6n\u00fcm\u00fc kutlamalar\u0131, 27 A\u011fustos Cumartesi g\u00fcn\u00fc saat 19.00&#8217;da \u00fcnl\u00fc sanat\u00e7\u0131 K\u0131ra\u00e7&#8217;\u0131n konseriyle ba\u015flayacak. Akbelen Mahallesi&#8217;ndeki K. Ayd\u0131n Stadyumu&#8217;nda sahne alacak olan sanat\u00e7\u0131 K\u0131ra\u00e7, sevilen \u015fark\u0131lar\u0131n\u0131 Mersinliler i\u00e7in s\u00f6yleyecek.<\/p>\n<p>&#8220;Kurtulu\u015f Ku\u015f ve Burak Bulut, 30 A\u011fustos&#8217;ta Toroslar Cumhuriyet Meydan\u0131&#8217;nda&#8221;<\/p>\n<p>30 A\u011fustos Zafer Bayram\u0131&#8217;nda ise T\u00fcrkiye&#8217;nin sevilen sanat\u00e7\u0131lar\u0131ndan Kurtulu\u015f Ku\u015f ve Burak Bulut, Toroslar&#8217;da hayranlar\u0131yla bulu\u015facak.<\/p>\n<p>Hit \u015fark\u0131lar\u0131yla m\u00fczik listelerinde ilk s\u0131rada yer alan sanat\u00e7\u0131lar Kurtulu\u015f Ku\u015f ve Burak Bulut, 30 A\u011fustos Sal\u0131 g\u00fcn\u00fc saat 19.00&#8217;da \u00c7a\u011fda\u015fkent Mahallesi&#8217;nde bulunan Toroslar Cumhuriyet Meydan\u0131&#8217;nda konser verecek.<\/p>\n<p>&#8220;Ba\u015fkan Y\u0131lmaz&#8217;dan Zafer Haftas\u0131 Kutlamalar\u0131na Davet&#8221;<\/p>\n<p>Toroslar Belediye Ba\u015fkan\u0131 Ats\u0131z Af\u015f\u0131n Y\u0131lmaz, zafer co\u015fkusunu her zaman oldu\u011fu gibi hep birlikte ya\u015fayacaklar\u0131n\u0131 ifade ederek, 7&#8217;den 70&#8217;e t\u00fcm hem\u015fehrilerini konserlere davet etti.<\/p>\n<p>&#8220;30 A\u011fustos, 100 y\u0131l \u00f6nce T\u00fcrkiye Cumhuriyeti&#8217;nin temelinin at\u0131ld\u0131\u011f\u0131 ve milletimizin ba\u011f\u0131ms\u0131zl\u0131\u011f\u0131n\u0131 tekrar kazand\u0131\u011f\u0131 unutulmaz bir zafer, vatan sevgisi i\u00e7erisinde kutlad\u0131\u011f\u0131m\u0131z b\u00fcy\u00fck bir bayramd\u0131r. Toroslar Belediyesi olarak b\u00fcy\u00fck zaferimizin 100. y\u0131l d\u00f6n\u00fcm\u00fcn\u00fc bu y\u0131l da hem\u015fehrilerimizle birlikte kutlayacak olman\u0131n mutlulu\u011funu ya\u015f\u0131yoruz. Bu kapsamda Toroslar\u0131m\u0131zda \u00fcnl\u00fc sanat\u00e7\u0131lar\u0131m\u0131z K\u0131ra\u00e7, Kurtulu\u015f Ku\u015f ve Burak Bulut&#8217;u a\u011f\u0131rlayaca\u011f\u0131z. T\u00fcm halk\u0131m\u0131z\u0131 Zafer Haftas\u0131 kutlamalar\u0131m\u0131za bekliyoruz. Bu duygu ve d\u00fc\u015f\u00fcncelerle ba\u015fta Ulu \u00d6nderimiz Gazi Mustafa Kemal Atat\u00fcrk olmak \u00fczere bu zaferi bize arma\u011fan eden \u0130stiklal m\u00fccadelemizin b\u00fct\u00fcn kahramanlar\u0131n\u0131, kanlar\u0131yla, canlar\u0131yla bu topraklar\u0131 vatan yapan aziz \u015fehitlerimizi ve kahraman gazilerimizi rahmet, minnet ve \u015f\u00fckranla an\u0131yorum&#8221; ifadelerini kulland\u0131.<\/p>\n","protected":false},"excerpt":{"rendered":"<p>Toroslar Belediyesi, milyonlar\u0131n be\u011fenisini kazanm\u0131\u015f sanat\u00e7\u0131lar\u0131 Mersinlilerle bulu\u015fturmaya devam ediyor. 30 A\u011fustos Zafer Bayram\u0131&#8217;n\u0131n 100. y\u0131l\u0131, Toroslar&#8217;da \u00fcnl\u00fc sanat\u00e7\u0131lar K\u0131ra\u00e7, Kurtulu\u015f Ku\u015f ve Burak Bulut konserleriyle ta\u00e7lanacak. Toroslar Belediyesi; Gazi &hellip; <a href=\"https:\/\/akdenizolaygazetesi.com\/?p=20519\" class=\"more-link\">Devam\u0131n\u0131 Oku&#8230;<\/a><\/p>\n","protected":false},"author":2,"featured_media":20520,"comment_status":"open","ping_status":"open","sticky":false,"template":"","format":"standard","meta":[],"categories":[2,3],"tags":[],"_links":{"self":[{"href":"https:\/\/akdenizolaygazetesi.com\/index.php?rest_route=\/wp\/v2\/posts\/20519"}],"collection":[{"href":"https:\/\/akdenizolaygazetesi.com\/index.php?rest_route=\/wp\/v2\/posts"}],"about":[{"href":"https:\/\/akdenizolaygazetesi.com\/index.php?rest_route=\/wp\/v2\/types\/post"}],"author":[{"embeddable":true,"href":"https:\/\/akdenizolaygazetesi.com\/index.php?rest_route=\/wp\/v2\/users\/2"}],"replies":[{"embeddable":true,"href":"https:\/\/akdenizolaygazetesi.com\/index.php?rest_route=%2Fwp%2Fv2%2Fcomments&post=20519"}],"version-history":[{"count":1,"href":"https:\/\/akdenizolaygazetesi.com\/index.php?rest_route=\/wp\/v2\/posts\/20519\/revisions"}],"predecessor-version":[{"id":20521,"href":"https:\/\/akdenizolaygazetesi.com\/index.php?rest_route=\/wp\/v2\/posts\/20519\/revisions\/20521"}],"wp:featuredmedia":[{"embeddable":true,"href":"https:\/\/akdenizolaygazetesi.com\/index.php?rest_route=\/wp\/v2\/media\/20520"}],"wp:attachment":[{"href":"https:\/\/akdenizolaygazetesi.com\/index.php?rest_route=%2Fwp%2Fv2%2Fmedia&parent=20519"}],"wp:term":[{"taxonomy":"category","embeddable":true,"href":"https:\/\/akdenizolaygazetesi.com\/index.php?rest_route=%2Fwp%2Fv2%2Fcategories&post=20519"},{"taxonomy":"post_tag","embeddable":true,"href":"https:\/\/akdenizolaygazetesi.com\/index.php?rest_route=%2Fwp%2Fv2%2Ftags&post=20519"}],"curies":[{"name":"wp","href":"https:\/\/api.w.org\/{rel}","templated":true}]}}