{"id":20528,"date":"2022-08-24T12:52:55","date_gmt":"2022-08-24T09:52:55","guid":{"rendered":"http:\/\/akdenizolaygazetesi.com\/?p=20528"},"modified":"2022-08-24T12:52:55","modified_gmt":"2022-08-24T09:52:55","slug":"buyuksehirin-lisansli-halter-sporculari-minikler-turkiye-sampiyonasi-ikinci-etabinda","status":"publish","type":"post","link":"https:\/\/akdenizolaygazetesi.com\/?p=20528","title":{"rendered":"B\u00dcY\u00dcK\u015eEH\u0130R&#8217;\u0130N L\u0130SANSLI HALTER SPORCULARI, M\u0130N\u0130KLER T\u00dcRK\u0130YE \u015eAMP\u0130YONASI \u0130K\u0130NC\u0130 ETABINDA"},"content":{"rendered":"<p>Mersin B\u00fcy\u00fck\u015fehir Belediyesi Gen\u00e7lik ve Spor Hizmetleri Dairesi b\u00fcnyesinde yeti\u015fen lisansl\u0131 halter sporcular\u0131, Minikler Halter T\u00fcrkiye \u015eampiyonas\u0131&#8217;n\u0131n ikinci etap haz\u0131rl\u0131klar\u0131n\u0131 tamamlad\u0131.<br \/>\n25-27 A\u011fustos 2022 tarihleri aras\u0131nda Konya Ak\u015fehir Gen\u00e7lik ve Spor \u0130l\u00e7e M\u00fcd\u00fcrl\u00fc\u011f\u00fc Zekai Balo\u011flu Spor Salonu&#8217;nda ger\u00e7ekle\u015fecek olan \u015fampiyonan\u0131n ikinci etab\u0131nda, B\u00fcy\u00fck\u015fehir Belediyesi b\u00fcnyesinden 4 k\u0131z, 1 erkek lisansl\u0131 halter sporcusu yar\u0131\u015facak.<br \/>\nSporcular dolu dizgin \u015fampiyonaya haz\u0131rlan\u0131yor<br \/>\nB\u00fcy\u00fck\u015fehir Belediyesi Gen\u00e7lik ve Spor Hizmetleri b\u00fcnyesinde halter bran\u015f\u0131nda ilerleyen Hilal Kavin Kutlay, Reyhan Op\u00e7in, Nesrin Ba\u015faran, Ecrin Sakar ve Arda Cesim Kamar, 17 Nisan 2022&#8217;de Tarsus&#8217;ta ger\u00e7ekle\u015fen T\u00fcrkiye \u015eampiyonas\u0131 se\u00e7mesi olan \u0130l \u015eampiyonas\u0131&#8217;nda da y\u00fcksek ba\u015far\u0131 g\u00f6stererek \u00f6nemli dereceler elde etmi\u015flerdi.<br \/>\n&#8220;5 madalya ile d\u00f6nece\u011fiz ve hedefimiz olimpiyatlara kadar gitmek&#8221;<br \/>\nGen\u00e7lik ve Spor Hizmetleri Dairesi&#8217;nde halter antren\u00f6r\u00fc olarak g\u00f6rev yapan S\u00fcleyman Altu\u011f, yar\u0131\u015fman\u0131n ikinci etab\u0131ndan da madalyalarla d\u00f6nmek i\u00e7in \u00e7ok \u00e7al\u0131\u015ft\u0131klar\u0131n\u0131 belirterek, &#8220;\u015eu anda \u00f6n\u00fcm\u00fczde Minikler T\u00fcrkiye \u015eampiyonas\u0131 var. \u015eampiyonada, B\u00fcy\u00fck\u015fehir Belediyesi Spor Kul\u00fcb\u00fc&#8217;ne lisansl\u0131 4 k\u0131z,  bir de erkek sporcumuz yar\u0131\u015facak. Burada \u00e7ocuklar\u0131m\u0131z g\u00f6sterdikleri sportif performansla ve totalde kald\u0131rd\u0131klar\u0131 a\u011f\u0131rl\u0131kla s\u0131ralamaya girecekler. 3 ay \u00f6nce gitti\u011fimiz birinci etap yar\u0131\u015fmada 5 madalya alm\u0131\u015ft\u0131k. \u015eimdi gidece\u011fimiz ikinci etap yar\u0131\u015fmada da in\u015fallah 5 madalya alaca\u011f\u0131z. Bu arada, 2 yar\u0131\u015f aras\u0131nda bir okullar aras\u0131 T\u00fcrkiye \u015eampiyonas\u0131&#8217;na kat\u0131l\u0131p, oradan da 2 madalya ile d\u00f6nd\u00fck&#8221; dedi.<br \/>\n\u00c7ok k\u0131sa bir s\u00fcrede t\u00fcm sporcular\u0131 olimpiyata haz\u0131rl\u0131k merkezlerine g\u00f6nderip milli tak\u0131mlarda yer ald\u0131rmay\u0131 ama\u00e7lad\u0131klar\u0131n\u0131 s\u00f6zlerine ekleyen Altu\u011f, &#8220;Avrupa&#8217;da ve d\u00fcnyada madalya almay\u0131 hedefliyoruz. Hepsi 2010 do\u011fumlu 12 ya\u015f minik sporcular. \u00c7ekirdekten ba\u015flad\u0131k. \u0130n\u015fallah b\u00fcy\u00fcklerde de hedefimiz olimpiyatlara kadar gitmek&#8221; dedi.<br \/>\n&#8220;Yar\u0131\u015fman\u0131n ikinci etab\u0131nda iyi bir derece yapmak istiyoruz&#8221;<br \/>\nHalter sporcular\u0131ndan Hilal Kavin Kutlay, &#8220;Bir y\u0131ld\u0131r aktif olarak halter sporu ile u\u011fra\u015f\u0131yorum. \u00d6nceden 4 y\u0131ll\u0131k bir jimnastik ge\u00e7mi\u015fim var. \u00d6nceki Minikler Halter T\u00fcrkiye \u015eampiyonas\u0131&#8217;nda T\u00fcrkiye 2&#8217;ncisi oldum. \u015eimdi ikinci etab\u0131nda da g\u00fczel bir derece yapmak istiyorum. 36 kilo silkme, 26 kilo koparma yap\u0131yorum. Giresun&#8217;da yap\u0131lan Y\u0131ld\u0131zlar Okullar Aras\u0131 T\u00fcrkiye \u015eampiyonas\u0131&#8217;nda da T\u00fcrkiye 3&#8217;\u00fcnc\u00fcs\u00fc oldum&#8221; diye konu\u015ftu.<br \/>\nYo\u011fun bir antrenman s\u00fcrecinden ge\u00e7tiklerini s\u00f6yleyen Ecrin Sakar, &#8220;Yar\u0131\u015fmaya gayet iyi haz\u0131rland\u0131k. Halter bran\u015f\u0131nda ilerliyorum. Antrenmanlar\u0131m gayet g\u00fczel ge\u00e7iyor. Bir \u00f6nceki yar\u0131\u015f iyiydi, ama bunda daha iyi bir derece yapmaya \u00e7al\u0131\u015faca\u011f\u0131m&#8221; diye konu\u015ftu.<br \/>\nNesrin Ba\u015faran, &#8220;Burada yo\u011fun bir antrenman yapt\u0131k. Bir \u00f6nceki yar\u0131\u015fmam\u0131zda T\u00fcrkiye birincili\u011fi elde ettim. \u015eimdiki hedefim, bu yar\u0131\u015fta da birincilik ve olimpiyat&#8221; dedi.<br \/>\nReyhan Op\u00e7in ise &#8220;Mersin B\u00fcy\u00fck\u015fehir Belediyesi&#8217;nin lisansl\u0131 sporcular\u0131ndan\u0131m. Bundan 3 ay \u00f6nceki yar\u0131\u015fmada 3&#8217;\u00fcnc\u00fc olmu\u015ftum. H\u0131rs yapt\u0131m, \u015fimdi 1&#8217;inci olmak ve \u015fehrimi gururland\u0131rmak istiyorum&#8221; dedi.<\/p>\n","protected":false},"excerpt":{"rendered":"<p>Mersin B\u00fcy\u00fck\u015fehir Belediyesi Gen\u00e7lik ve Spor Hizmetleri Dairesi b\u00fcnyesinde yeti\u015fen lisansl\u0131 halter sporcular\u0131, Minikler Halter T\u00fcrkiye \u015eampiyonas\u0131&#8217;n\u0131n ikinci etap haz\u0131rl\u0131klar\u0131n\u0131 tamamlad\u0131. 25-27 A\u011fustos 2022 tarihleri aras\u0131nda Konya Ak\u015fehir Gen\u00e7lik ve &hellip; <a href=\"https:\/\/akdenizolaygazetesi.com\/?p=20528\" class=\"more-link\">Devam\u0131n\u0131 Oku&#8230;<\/a><\/p>\n","protected":false},"author":2,"featured_media":20529,"comment_status":"open","ping_status":"open","sticky":false,"template":"","format":"standard","meta":[],"categories":[1,2,3,10],"tags":[],"_links":{"self":[{"href":"https:\/\/akdenizolaygazetesi.com\/index.php?rest_route=\/wp\/v2\/posts\/20528"}],"collection":[{"href":"https:\/\/akdenizolaygazetesi.com\/index.php?rest_route=\/wp\/v2\/posts"}],"about":[{"href":"https:\/\/akdenizolaygazetesi.com\/index.php?rest_route=\/wp\/v2\/types\/post"}],"author":[{"embeddable":true,"href":"https:\/\/akdenizolaygazetesi.com\/index.php?rest_route=\/wp\/v2\/users\/2"}],"replies":[{"embeddable":true,"href":"https:\/\/akdenizolaygazetesi.com\/index.php?rest_route=%2Fwp%2Fv2%2Fcomments&post=20528"}],"version-history":[{"count":1,"href":"https:\/\/akdenizolaygazetesi.com\/index.php?rest_route=\/wp\/v2\/posts\/20528\/revisions"}],"predecessor-version":[{"id":20530,"href":"https:\/\/akdenizolaygazetesi.com\/index.php?rest_route=\/wp\/v2\/posts\/20528\/revisions\/20530"}],"wp:featuredmedia":[{"embeddable":true,"href":"https:\/\/akdenizolaygazetesi.com\/index.php?rest_route=\/wp\/v2\/media\/20529"}],"wp:attachment":[{"href":"https:\/\/akdenizolaygazetesi.com\/index.php?rest_route=%2Fwp%2Fv2%2Fmedia&parent=20528"}],"wp:term":[{"taxonomy":"category","embeddable":true,"href":"https:\/\/akdenizolaygazetesi.com\/index.php?rest_route=%2Fwp%2Fv2%2Fcategories&post=20528"},{"taxonomy":"post_tag","embeddable":true,"href":"https:\/\/akdenizolaygazetesi.com\/index.php?rest_route=%2Fwp%2Fv2%2Ftags&post=20528"}],"curies":[{"name":"wp","href":"https:\/\/api.w.org\/{rel}","templated":true}]}}