{"id":20531,"date":"2022-08-24T12:54:44","date_gmt":"2022-08-24T09:54:44","guid":{"rendered":"http:\/\/akdenizolaygazetesi.com\/?p=20531"},"modified":"2022-08-24T12:54:44","modified_gmt":"2022-08-24T09:54:44","slug":"yenisehirde-zafer-coskusu-manus-baba-konseriyle-yasanacak","status":"publish","type":"post","link":"https:\/\/akdenizolaygazetesi.com\/?p=20531","title":{"rendered":"Yeni\u015fehir&#8217;de zafer co\u015fkusu Manu\u015f Baba konseriyle ya\u015fanacak"},"content":{"rendered":"<p>Mersin Yeni\u015fehir Belediyesi, 30 A\u011fustos Zafer Bayram\u0131 kutlamalar\u0131 kapsam\u0131nda Manu\u015f Baba&#8217;y\u0131 Mersinlilerle bulu\u015fturacak. <\/p>\n<p>Mersin Yeni\u015fehir Belediyesi her y\u0131l oldu\u011fu gibi bu y\u0131l da zaferin co\u015fkusunu renkli etkinliklerle ya\u015fatacak. Zafer Bayram\u0131 kutlamalar\u0131 i\u00e7in d\u00fczenlenecek Manu\u015f Baba konseri 31 A\u011fustos \u00c7ar\u015famba g\u00fcn\u00fc saat 20.00&#8217;de \u00d6zgecan Aslan Bar\u0131\u015f Meydan\u0131&#8217;nda yap\u0131lacak. Sevilen ses sanat\u00e7\u0131s\u0131 Manu\u015f Baba a\u00e7\u0131k hava konserinde birbirinden g\u00fczel \u015fark\u0131lar\u0131n\u0131 Mersinliler i\u00e7in s\u00f6yleyecek. Vatanda\u015flar\u0131 konsere davet eden Yeni\u015fehir Belediye Ba\u015fkan\u0131 Abdullah \u00d6zyi\u011fit, &#8221; Ulu \u00d6nder Gazi Mustafa Kemal Atat\u00fcrk&#8217;\u00fcn liderli\u011finde kazan\u0131lan zaferin y\u00fcz\u00fcnc\u00fc y\u0131l\u0131n\u0131 b\u00fcy\u00fck bir co\u015fkuyla kutluyoruz. B\u00fcy\u00fck taarruz ile at\u0131lan ilk ad\u0131m laik bir cumhuriyet ve demokrasi ile ta\u00e7land\u0131. B\u00fcy\u00fck Atat\u00fcrk ba\u015fta olmak \u00fczere, t\u00fcm \u015fehitlerimize ve gazilerimize \u015f\u00fckranlar\u0131m\u0131z\u0131 sunuyoruz. Halk\u0131m\u0131z\u0131n bayram\u0131 kutlu olsun.&#8221;<\/p>\n","protected":false},"excerpt":{"rendered":"<p>Mersin Yeni\u015fehir Belediyesi, 30 A\u011fustos Zafer Bayram\u0131 kutlamalar\u0131 kapsam\u0131nda Manu\u015f Baba&#8217;y\u0131 Mersinlilerle bulu\u015fturacak. Mersin Yeni\u015fehir Belediyesi her y\u0131l oldu\u011fu gibi bu y\u0131l da zaferin co\u015fkusunu renkli etkinliklerle ya\u015fatacak. Zafer Bayram\u0131 &hellip; <a href=\"https:\/\/akdenizolaygazetesi.com\/?p=20531\" class=\"more-link\">Devam\u0131n\u0131 Oku&#8230;<\/a><\/p>\n","protected":false},"author":2,"featured_media":20532,"comment_status":"open","ping_status":"open","sticky":false,"template":"","format":"standard","meta":[],"categories":[3],"tags":[],"_links":{"self":[{"href":"https:\/\/akdenizolaygazetesi.com\/index.php?rest_route=\/wp\/v2\/posts\/20531"}],"collection":[{"href":"https:\/\/akdenizolaygazetesi.com\/index.php?rest_route=\/wp\/v2\/posts"}],"about":[{"href":"https:\/\/akdenizolaygazetesi.com\/index.php?rest_route=\/wp\/v2\/types\/post"}],"author":[{"embeddable":true,"href":"https:\/\/akdenizolaygazetesi.com\/index.php?rest_route=\/wp\/v2\/users\/2"}],"replies":[{"embeddable":true,"href":"https:\/\/akdenizolaygazetesi.com\/index.php?rest_route=%2Fwp%2Fv2%2Fcomments&post=20531"}],"version-history":[{"count":1,"href":"https:\/\/akdenizolaygazetesi.com\/index.php?rest_route=\/wp\/v2\/posts\/20531\/revisions"}],"predecessor-version":[{"id":20533,"href":"https:\/\/akdenizolaygazetesi.com\/index.php?rest_route=\/wp\/v2\/posts\/20531\/revisions\/20533"}],"wp:featuredmedia":[{"embeddable":true,"href":"https:\/\/akdenizolaygazetesi.com\/index.php?rest_route=\/wp\/v2\/media\/20532"}],"wp:attachment":[{"href":"https:\/\/akdenizolaygazetesi.com\/index.php?rest_route=%2Fwp%2Fv2%2Fmedia&parent=20531"}],"wp:term":[{"taxonomy":"category","embeddable":true,"href":"https:\/\/akdenizolaygazetesi.com\/index.php?rest_route=%2Fwp%2Fv2%2Fcategories&post=20531"},{"taxonomy":"post_tag","embeddable":true,"href":"https:\/\/akdenizolaygazetesi.com\/index.php?rest_route=%2Fwp%2Fv2%2Ftags&post=20531"}],"curies":[{"name":"wp","href":"https:\/\/api.w.org\/{rel}","templated":true}]}}