{"id":20539,"date":"2022-08-24T16:59:44","date_gmt":"2022-08-24T13:59:44","guid":{"rendered":"http:\/\/akdenizolaygazetesi.com\/?p=20539"},"modified":"2022-08-24T16:59:44","modified_gmt":"2022-08-24T13:59:44","slug":"iki-katli-binanin-girisi-merdiven-aralari-ve-terasindan-3-kamyon-cop-toplandi","status":"publish","type":"post","link":"https:\/\/akdenizolaygazetesi.com\/?p=20539","title":{"rendered":"\u0130ki katl\u0131 binan\u0131n giri\u015fi, merdiven aralar\u0131 ve teras\u0131ndan 3 kamyon \u00e7\u00f6p topland\u0131"},"content":{"rendered":"<p>Akdeniz Belediyesi \u00c7evre Koruma ve Kontrol M\u00fcd\u00fcrl\u00fc\u011f\u00fc ekipleri, ya\u015fl\u0131 ve hasta oldu\u011fu \u00f6\u011frenilen ev sahibinin o\u011flunun ba\u015fvurusu \u00fczerine, \u00c7ilek Mahallesi\u2019nde bulunan 2 katl\u0131 binadan 3 kamyon dolusu \u00e7\u00f6p ve at\u0131k \u00e7\u0131kard\u0131.<br \/>\nAkdeniz Belediyesi \u00c7evre Koruma ve Kontrol M\u00fcd\u00fcrl\u00fc\u011f\u00fc, halk sa\u011fl\u0131\u011f\u0131n\u0131 korumak ve s\u00fcrd\u00fcrmek i\u00e7in \u00e7al\u0131\u015fmalar\u0131n\u0131 s\u00fcrd\u00fcr\u00fcyor. M\u00fcd\u00fcrl\u00fc\u011f\u00fcn santraline gelen bir \u015fik\u00e2yeti de\u011ferlendiren belediye ekipleri, \u00c7ilek Mahallesi\u2019nde bulunan iki katl\u0131 binaya do\u011fru harekete ge\u00e7ti.<br \/>\nBelirtilen adrese ula\u015fan ekipler; binan\u0131n giri\u015fi, merdiven bo\u015flu\u011fu, teras kat\u0131 ve dam\u0131nda tonlarca \u00e7\u00f6p ve \u00e7e\u015fitli at\u0131k malzemelerle kar\u015f\u0131la\u015ft\u0131. \u00c7al\u0131\u015fmaya kat\u0131lan zab\u0131ta ekipleri, Alzheimer hastas\u0131 oldu\u011fu ifade edilen ya\u015fl\u0131 ev sahibinin o\u011flundan onay ve imza al\u0131p tutanak tuttu.<br \/>\nSonras\u0131nda harekete ge\u00e7en \u00e7evre koruma ve kontrol m\u00fcd\u00fcrl\u00fc\u011f\u00fc ekipleri de 2 katl\u0131 binadan toplad\u0131klar\u0131 \u00e7\u00f6p ve at\u0131klar\u0131 \u00e7uvallara doldurup, evin giri\u015fine yana\u015fan kamyona y\u00fckledi. Uzun s\u00fcren \u00e7al\u0131\u015fma sonunda ekipler, \u00e7\u00f6p eve d\u00f6n\u00fc\u015fen yap\u0131dan 3 kamyon dolusu \u00e7\u00f6p\u00fc toplay\u0131p at\u0131k bertaraf tesisine ula\u015ft\u0131rd\u0131.<\/p>\n","protected":false},"excerpt":{"rendered":"<p>Akdeniz Belediyesi \u00c7evre Koruma ve Kontrol M\u00fcd\u00fcrl\u00fc\u011f\u00fc ekipleri, ya\u015fl\u0131 ve hasta oldu\u011fu \u00f6\u011frenilen ev sahibinin o\u011flunun ba\u015fvurusu \u00fczerine, \u00c7ilek Mahallesi\u2019nde bulunan 2 katl\u0131 binadan 3 kamyon dolusu \u00e7\u00f6p ve at\u0131k &hellip; <a href=\"https:\/\/akdenizolaygazetesi.com\/?p=20539\" class=\"more-link\">Devam\u0131n\u0131 Oku&#8230;<\/a><\/p>\n","protected":false},"author":2,"featured_media":20540,"comment_status":"open","ping_status":"open","sticky":false,"template":"","format":"standard","meta":[],"categories":[3],"tags":[],"_links":{"self":[{"href":"https:\/\/akdenizolaygazetesi.com\/index.php?rest_route=\/wp\/v2\/posts\/20539"}],"collection":[{"href":"https:\/\/akdenizolaygazetesi.com\/index.php?rest_route=\/wp\/v2\/posts"}],"about":[{"href":"https:\/\/akdenizolaygazetesi.com\/index.php?rest_route=\/wp\/v2\/types\/post"}],"author":[{"embeddable":true,"href":"https:\/\/akdenizolaygazetesi.com\/index.php?rest_route=\/wp\/v2\/users\/2"}],"replies":[{"embeddable":true,"href":"https:\/\/akdenizolaygazetesi.com\/index.php?rest_route=%2Fwp%2Fv2%2Fcomments&post=20539"}],"version-history":[{"count":1,"href":"https:\/\/akdenizolaygazetesi.com\/index.php?rest_route=\/wp\/v2\/posts\/20539\/revisions"}],"predecessor-version":[{"id":20541,"href":"https:\/\/akdenizolaygazetesi.com\/index.php?rest_route=\/wp\/v2\/posts\/20539\/revisions\/20541"}],"wp:featuredmedia":[{"embeddable":true,"href":"https:\/\/akdenizolaygazetesi.com\/index.php?rest_route=\/wp\/v2\/media\/20540"}],"wp:attachment":[{"href":"https:\/\/akdenizolaygazetesi.com\/index.php?rest_route=%2Fwp%2Fv2%2Fmedia&parent=20539"}],"wp:term":[{"taxonomy":"category","embeddable":true,"href":"https:\/\/akdenizolaygazetesi.com\/index.php?rest_route=%2Fwp%2Fv2%2Fcategories&post=20539"},{"taxonomy":"post_tag","embeddable":true,"href":"https:\/\/akdenizolaygazetesi.com\/index.php?rest_route=%2Fwp%2Fv2%2Ftags&post=20539"}],"curies":[{"name":"wp","href":"https:\/\/api.w.org\/{rel}","templated":true}]}}