{"id":20546,"date":"2022-08-25T12:54:00","date_gmt":"2022-08-25T09:54:00","guid":{"rendered":"http:\/\/akdenizolaygazetesi.com\/?p=20546"},"modified":"2022-08-25T12:54:00","modified_gmt":"2022-08-25T09:54:00","slug":"temsa-besinci-elektrikli-otobus-modelini-hannoverde-tanitacak","status":"publish","type":"post","link":"https:\/\/akdenizolaygazetesi.com\/?p=20546","title":{"rendered":"TEMSA, be\u015finci elektrikli  otob\u00fcs modelini Hannover\u2019de tan\u0131tacak"},"content":{"rendered":"<p>T\u00fcrk m\u00fchendisleri taraf\u0131ndan geli\u015ftirilen yerli ara\u00e7lar\u0131n\u0131 d\u00fcnyan\u0131n farkl\u0131 co\u011frafyalar\u0131na ihra\u00e7 eden TEMSA, elektrikli ara\u00e7 portf\u00f6y\u00fcn\u00fc b\u00fcy\u00fctmeyi s\u00fcrd\u00fcr\u00fcyor. Bug\u00fcne kadar 4 elektrikli arac\u0131 seri \u00fcretime haz\u0131r hale getiren TEMSA, be\u015finci elektrikli modeli olan LD SB E\u2019nin tan\u0131t\u0131m\u0131n\u0131 IAA Hannover Transportation\u2019da ger\u00e7ekle\u015ftirecek.<br \/>\nD\u00fcnyan\u0131n en \u00f6nemli ticari ara\u00e7 fuarlar\u0131ndan Hannover IAA Transportation 2022, 19-25 Eyl\u00fcl 2022 tarihleri aras\u0131nda d\u00fczenlenecek. 40 farkl\u0131 \u00fclkeden 1.200\u2019\u00fcn \u00fczerinde \u015firketin kat\u0131l\u0131m g\u00f6sterece\u011fi fuar, d\u00fcnyan\u0131n \u00f6nde gelen ticari ara\u00e7 \u00fcreticilerinin yeni lansmanlar\u0131na ve elektrikli ara\u00e7 \u00e7\u00f6z\u00fcmlerine sahne olacak. <\/p>\n<p>T\u00fcrk \u00fcreticilerin de geni\u015f bir kat\u0131l\u0131m g\u00f6sterece\u011fi fuarda, TEMSA seri \u00fcretime haz\u0131r hale getirdi\u011fi be\u015finci elektrikli otob\u00fcs\u00fc LD SB E\u2019nin tan\u0131t\u0131m\u0131n\u0131 ger\u00e7ekle\u015ftirecek. LS SB E\u2019nin tan\u0131t\u0131m etkinli\u011fi, organizasyonun bas\u0131n g\u00fcn\u00fc olan 19 Eyl\u00fcl\u2019de, saat 12:00\u2019da TEMSA stand\u0131nda d\u00fczenlenecek. TEMSA, lansman\u0131n\u0131 yapaca\u011f\u0131 LD SB E\u2019nin d\u0131\u015f\u0131nda yenilenen Avenue Electron ve HD modellerini de Hannover\u2019de g\u00f6r\u00fcc\u00fcye \u00e7\u0131karacak.<\/p>\n<p>Normal ko\u015fullarda her 2 y\u0131lda bir d\u00fczenlenen ve d\u00fcnyada kendi alan\u0131n\u0131n en \u00f6nemli organizasyonlar\u0131ndan biri olarak g\u00f6r\u00fclen Hannover IAA Transportation, 2020 y\u0131l\u0131nda pandemi nedeniyle d\u00fczenlenememi\u015fti. Fuar, normalle\u015fme ad\u0131mlar\u0131 ve pandeminin kontrol alt\u0131na al\u0131nmas\u0131yla birlikte, 4 y\u0131l aradan sonra yeniden kap\u0131lar\u0131n\u0131 a\u00e7m\u0131\u015f olacak. 19 Eyl\u00fcl\u2019de bas\u0131n g\u00fcn\u00fc ile ba\u015flayacak fuar, 25 Eyl\u00fcl\u2019e kadar devam edecek.<\/p>\n<p>S\u00dcRD\u00dcR\u00dcLEB\u0130L\u0130R GELECE\u011eE KATKIDA BULUNUYORUZ<br \/>\nKonuyla ilgili de\u011ferlendirmelerde bulunan TEMSA CEO\u2019su Tolga Kaan Do\u011fanc\u0131o\u011flu, d\u00fcnya ekonomisine g\u00f6lge d\u00fc\u015f\u00fcren t\u00fcm zorlay\u0131c\u0131 ko\u015fullara ra\u011fmen, elektrifikasyon odakl\u0131 k\u00fcresel b\u00fcy\u00fcme stratejilerini kararl\u0131l\u0131kla uygulad\u0131klar\u0131n\u0131 ifade ederken, \u201cD\u00fcnyan\u0131n en \u00f6nemli ticari ara\u00e7 fuarlar\u0131n\u0131n ba\u015f\u0131nda gelen IAA Hannover Transportation\u2019da tan\u0131t\u0131m\u0131n\u0131 ger\u00e7ekle\u015ftirece\u011fimiz yeni elektrikli otob\u00fcs\u00fcm\u00fcz LD SB E, bu kararl\u0131l\u0131\u011f\u0131n en somut g\u00f6stergesi. Bug\u00fcn seri \u00fcretime haz\u0131r hale getirdi\u011fimiz 5 farkl\u0131 arac\u0131m\u0131z; s\u00fcrd\u00fcr\u00fclebilirlik ve teknoloji \u00fczerine in\u015fa etti\u011fimiz esnek, \u00e7evik, dinamik i\u015f yapma k\u00fclt\u00fcr\u00fcm\u00fczle, \u00fclkemizde ve t\u00fcm d\u00fcnyada elektrikli ara\u00e7 seferberli\u011finin vazge\u00e7ilmez oyuncular\u0131 aras\u0131nday\u0131z. T\u00fcrkiye\u2019de do\u011fup b\u00fcy\u00fcyen bir marka olarak, bu gibi etkinliklerde ortaya koydu\u011fumuz bu g\u00fc\u00e7l\u00fc vizyon, TEMSA\u2019n\u0131n ve T\u00fcrk sanayisinin katma de\u011ferli \u00fcretim tutkusunu ortaya koymas\u0131 ad\u0131na da \u00e7ok \u00f6nemli. Bug\u00fcn \u0130sve\u00e7\u2019ten ABD\u2019ye, Romanya\u2019dan Fransa\u2019ya kadar yollara \u00e7\u0131kan elektrikli ara\u00e7lar\u0131m\u0131z, geni\u015fleyen \u00fcr\u00fcn gam\u0131m\u0131zla birlikte yak\u0131nda \u00e7ok daha geni\u015f co\u011frafyalarda yerini alarak s\u00fcrd\u00fcr\u00fclebilir gelece\u011fe katk\u0131da bulunmay\u0131 s\u00fcrd\u00fcrecek\u201d ifadelerini kulland\u0131.<\/p>\n<p>4 ELEKTR\u0130KL\u0130 ARA\u00c7 MODEL\u0130 SER\u0130 \u00dcRET\u0130ME HAZIR<br \/>\nSon iki y\u0131ld\u0131r Sabanc\u0131 Holding ve PPF Group (Skoda Transportation) ortakl\u0131\u011f\u0131nda faaliyet g\u00f6steren TEMSA, bug\u00fcn itibar\u0131yla 4 farkl\u0131 elektrikli ara\u00e7 modelini seri \u00fcretime haz\u0131r hale getirmi\u015f durumda.<br \/>\nASELSAN ile birlikte, T\u00fcrkiye\u2019nin ilk yerli elektrikli otob\u00fcs\u00fcn\u00fc geli\u015ftiren TEMSA, bunun d\u0131\u015f\u0131nda 12 metrelik Avenue Electron ve 9 metrelik MD9 electriCITY modellerini de d\u00fcnyan\u0131n farkl\u0131 co\u011frafyalar\u0131na ihracat ediyor.<br \/>\nBu ara\u00e7lar\u0131n yan\u0131 s\u0131ra, TEMSA ge\u00e7ti\u011fimiz aylarda da ABD pazar\u0131 i\u00e7in \u00f6zel olarak geli\u015ftirdi\u011fi TS 45E modelinin lansman\u0131n\u0131 ger\u00e7ekle\u015ftirmi\u015fti.<br \/>\nYakla\u015f\u0131k 2 y\u0131l boyunca, d\u00fcnyan\u0131n en \u00f6nemli teknoloji \u015firketlerinin bulundu\u011fu Silikon Vadisi\u2019nde test s\u00fcr\u00fc\u015fleri ger\u00e7ekle\u015ftiren TS 45E, t\u00fcm testleri ba\u015far\u0131yla tamamlayarak pazara sunulmu\u015ftu.<\/p>\n","protected":false},"excerpt":{"rendered":"<p>T\u00fcrk m\u00fchendisleri taraf\u0131ndan geli\u015ftirilen yerli ara\u00e7lar\u0131n\u0131 d\u00fcnyan\u0131n farkl\u0131 co\u011frafyalar\u0131na ihra\u00e7 eden TEMSA, elektrikli ara\u00e7 portf\u00f6y\u00fcn\u00fc b\u00fcy\u00fctmeyi s\u00fcrd\u00fcr\u00fcyor. Bug\u00fcne kadar 4 elektrikli arac\u0131 seri \u00fcretime haz\u0131r hale getiren TEMSA, be\u015finci elektrikli &hellip; <a href=\"https:\/\/akdenizolaygazetesi.com\/?p=20546\" class=\"more-link\">Devam\u0131n\u0131 Oku&#8230;<\/a><\/p>\n","protected":false},"author":2,"featured_media":20547,"comment_status":"open","ping_status":"open","sticky":false,"template":"","format":"standard","meta":[],"categories":[7,3,5,11],"tags":[],"_links":{"self":[{"href":"https:\/\/akdenizolaygazetesi.com\/index.php?rest_route=\/wp\/v2\/posts\/20546"}],"collection":[{"href":"https:\/\/akdenizolaygazetesi.com\/index.php?rest_route=\/wp\/v2\/posts"}],"about":[{"href":"https:\/\/akdenizolaygazetesi.com\/index.php?rest_route=\/wp\/v2\/types\/post"}],"author":[{"embeddable":true,"href":"https:\/\/akdenizolaygazetesi.com\/index.php?rest_route=\/wp\/v2\/users\/2"}],"replies":[{"embeddable":true,"href":"https:\/\/akdenizolaygazetesi.com\/index.php?rest_route=%2Fwp%2Fv2%2Fcomments&post=20546"}],"version-history":[{"count":1,"href":"https:\/\/akdenizolaygazetesi.com\/index.php?rest_route=\/wp\/v2\/posts\/20546\/revisions"}],"predecessor-version":[{"id":20548,"href":"https:\/\/akdenizolaygazetesi.com\/index.php?rest_route=\/wp\/v2\/posts\/20546\/revisions\/20548"}],"wp:featuredmedia":[{"embeddable":true,"href":"https:\/\/akdenizolaygazetesi.com\/index.php?rest_route=\/wp\/v2\/media\/20547"}],"wp:attachment":[{"href":"https:\/\/akdenizolaygazetesi.com\/index.php?rest_route=%2Fwp%2Fv2%2Fmedia&parent=20546"}],"wp:term":[{"taxonomy":"category","embeddable":true,"href":"https:\/\/akdenizolaygazetesi.com\/index.php?rest_route=%2Fwp%2Fv2%2Fcategories&post=20546"},{"taxonomy":"post_tag","embeddable":true,"href":"https:\/\/akdenizolaygazetesi.com\/index.php?rest_route=%2Fwp%2Fv2%2Ftags&post=20546"}],"curies":[{"name":"wp","href":"https:\/\/api.w.org\/{rel}","templated":true}]}}