{"id":20574,"date":"2022-08-26T13:18:59","date_gmt":"2022-08-26T10:18:59","guid":{"rendered":"http:\/\/akdenizolaygazetesi.com\/?p=20574"},"modified":"2022-08-26T13:19:40","modified_gmt":"2022-08-26T10:19:40","slug":"20574","status":"publish","type":"post","link":"https:\/\/akdenizolaygazetesi.com\/?p=20574","title":{"rendered":"AKDEN\u0130ZL\u0130 KADINLAR KAPADOKYA TURUNA \u00c7IKTI"},"content":{"rendered":"<p>Akdeniz Belediyesi\u2019ne ba\u011fl\u0131 K\u00fclt\u00fcr ve Sanat evlerinde \u00e7e\u015fitli kurs ve e\u011fitimler alan kad\u0131nlar ve gen\u00e7ler, bu kez Kapadokya Turuna \u00e7\u0131kt\u0131; b\u00f6lgenin tarihi, turistik, k\u00fclt\u00fcrel ve do\u011fal zenginliklerini g\u00f6rme imk\u00e2n\u0131 buldu.<br \/>\nAkdeniz Belediyesi\u2019nin kad\u0131nlar i\u00e7in hayata ge\u00e7irdi\u011fi tarih, do\u011fa ve k\u00fclt\u00fcr gezileri devam ediyor. Bug\u00fcne dek binlerce kad\u0131n, belediyenin ba\u015flatt\u0131\u011f\u0131 \u00f6rnek proje sayesinde ilk kez \u015fehir d\u0131\u015f\u0131na \u00e7\u0131kma imk\u00e2n\u0131 buldu. Son olarak Adanal\u0131o\u011flu Mahallesi\u2019nde ya\u015fayan 35 kad\u0131n, belediyeye ait servis arac\u0131yla Kapadokya Turu\u2019na g\u00f6t\u00fcr\u00fcld\u00fc; b\u00f6lgenin tarihi, turistik g\u00fczellikleri ile do\u011fal zenginliklerini g\u00f6rme ve gezme f\u0131rsat\u0131 buldu.<br \/>\nKapadokya\u2019n\u0131n en g\u00fczel yerlerini gezdiler<br \/>\n\u00c7o\u011fu ilk kez \u015fehir d\u0131\u015f\u0131na \u00e7\u0131kma imk\u00e2n\u0131 buldu\u011funu dil getiren kad\u0131nlar, gezi sayesinde Kapadokya\u2019da; Yeralt\u0131 \u015eehri,  Avanos, U\u00e7 Hisar Kalesi, G\u00fcvercinlik Vadisi, Asmal\u0131 Konak, Tarihi Turasan \u015earap Fabrikas\u0131, Pa\u015fa Ba\u011flar\u0131 M\u00fcze ve \u00d6ren yerini gezmenin, buralar\u0131 g\u00f6rmenin sevin\u00e7 ve mutlulu\u011funu ya\u015fad\u0131.<br \/>\nGezi boyunca g\u00f6n\u00fcllerince e\u011flenip sevdiklerine hediyeler alan, gezdikleri yerlerde hat\u0131ra foto\u011fraflar\u0131 \u00e7ektirip g\u00f6rd\u00fckleri g\u00fczellikleri \u00f6l\u00fcms\u00fczle\u015ftiren Akdenizli kad\u0131nlar, hi\u00e7 unutmayacaklar\u0131 g\u00fczel bir g\u00fcn ya\u015fad\u0131klar\u0131n\u0131 s\u00f6yledi; kendilerine bu imk\u00e2n\u0131 sa\u011flayan Akdeniz Belediye Ba\u015fkan\u0131 M. Mustafa G\u00fcltak\u2019a te\u015fekk\u00fcr etti.<br \/>\nAkdeniz Belediyesi Kad\u0131n ve Aile Hizmetleri M\u00fcd\u00fcrl\u00fc\u011f\u00fc\u2019n\u00fcn; \u00f6zellikle dezavantajl\u0131 durumdaki kad\u0131nlar ve gen\u00e7ler i\u00e7in gerek Mersin, gerekse farkl\u0131 \u015fehirlere d\u00fczenledi\u011fi tarih, do\u011fa ve k\u00fclt\u00fcr gezileri devam edecek.<br \/>\nBelediyenin, kad\u0131nlar ve gen\u00e7ler i\u00e7in hayata katt\u0131\u011f\u0131 turlar kapsam\u0131nda bug\u00fcne dek \u00c7anakkale, Hatay, Gaziantep, Tarsus, Mut, Silifke gezileri d\u00fczenlendi. Bu gezilere yak\u0131nda yeni yerler de eklenecek.<\/p>\n","protected":false},"excerpt":{"rendered":"<p>Akdeniz Belediyesi\u2019ne ba\u011fl\u0131 K\u00fclt\u00fcr ve Sanat evlerinde \u00e7e\u015fitli kurs ve e\u011fitimler alan kad\u0131nlar ve gen\u00e7ler, bu kez Kapadokya Turuna \u00e7\u0131kt\u0131; b\u00f6lgenin tarihi, turistik, k\u00fclt\u00fcrel ve do\u011fal zenginliklerini g\u00f6rme imk\u00e2n\u0131 buldu. &hellip; <a href=\"https:\/\/akdenizolaygazetesi.com\/?p=20574\" class=\"more-link\">Devam\u0131n\u0131 Oku&#8230;<\/a><\/p>\n","protected":false},"author":2,"featured_media":20575,"comment_status":"open","ping_status":"open","sticky":false,"template":"","format":"standard","meta":[],"categories":[2,3,5],"tags":[],"_links":{"self":[{"href":"https:\/\/akdenizolaygazetesi.com\/index.php?rest_route=\/wp\/v2\/posts\/20574"}],"collection":[{"href":"https:\/\/akdenizolaygazetesi.com\/index.php?rest_route=\/wp\/v2\/posts"}],"about":[{"href":"https:\/\/akdenizolaygazetesi.com\/index.php?rest_route=\/wp\/v2\/types\/post"}],"author":[{"embeddable":true,"href":"https:\/\/akdenizolaygazetesi.com\/index.php?rest_route=\/wp\/v2\/users\/2"}],"replies":[{"embeddable":true,"href":"https:\/\/akdenizolaygazetesi.com\/index.php?rest_route=%2Fwp%2Fv2%2Fcomments&post=20574"}],"version-history":[{"count":2,"href":"https:\/\/akdenizolaygazetesi.com\/index.php?rest_route=\/wp\/v2\/posts\/20574\/revisions"}],"predecessor-version":[{"id":20577,"href":"https:\/\/akdenizolaygazetesi.com\/index.php?rest_route=\/wp\/v2\/posts\/20574\/revisions\/20577"}],"wp:featuredmedia":[{"embeddable":true,"href":"https:\/\/akdenizolaygazetesi.com\/index.php?rest_route=\/wp\/v2\/media\/20575"}],"wp:attachment":[{"href":"https:\/\/akdenizolaygazetesi.com\/index.php?rest_route=%2Fwp%2Fv2%2Fmedia&parent=20574"}],"wp:term":[{"taxonomy":"category","embeddable":true,"href":"https:\/\/akdenizolaygazetesi.com\/index.php?rest_route=%2Fwp%2Fv2%2Fcategories&post=20574"},{"taxonomy":"post_tag","embeddable":true,"href":"https:\/\/akdenizolaygazetesi.com\/index.php?rest_route=%2Fwp%2Fv2%2Ftags&post=20574"}],"curies":[{"name":"wp","href":"https:\/\/api.w.org\/{rel}","templated":true}]}}