{"id":20584,"date":"2022-08-26T13:26:32","date_gmt":"2022-08-26T10:26:32","guid":{"rendered":"http:\/\/akdenizolaygazetesi.com\/?p=20584"},"modified":"2022-08-26T13:26:32","modified_gmt":"2022-08-26T10:26:32","slug":"marmara-belediyeler-birliginden-yenisehir-belediyesine-davet","status":"publish","type":"post","link":"https:\/\/akdenizolaygazetesi.com\/?p=20584","title":{"rendered":"Marmara Belediyeler Birli\u011finden Yeni\u015fehir Belediyesine davet"},"content":{"rendered":"<p>Marmara Belediyeler Birli\u011fi ve \u0130stanbul Planlama Ajans\u0131 i\u015f birli\u011fiyle 13-14-15 Eyl\u00fcl tarihlerinde d\u00fczenlenecek Kentte Erken \u00c7ocukluk E\u011fitim Program\u0131na,  Mersin Yeni\u015fehir Belediyesi de \u00f6rnek projesiyle davet edildi. Yeni\u015fehir Belediyesi, T\u00fcrkiye\u2019de bir ilke imza atarak hayata ge\u00e7irdi\u011fi Erken \u00c7ocukluk Geli\u015fimi Projesi; Yeni\u015fehir Modeli kapsam\u0131nda yap\u0131lan \u00e7al\u0131\u015fmalar\u0131 anlatacak.<br \/>\nBirle\u015fmi\u015f Milletler \u00c7ocuklara Yard\u0131m Fonu(UNICEF) ve Erken \u00c7ocukluk Geli\u015fimi Sivil Toplum Kurulu\u015flar\u0131 Platformu (E\u00c7G-P) ortakl\u0131\u011f\u0131yla ge\u00e7ti\u011fimiz y\u0131l d\u00fczenlenen Uluslararas\u0131 Erken \u00c7ocukluk Geli\u015fimi Sivil Toplum Kurulu\u015flar\u0131 Platformu Kongresine yine Erken \u00c7ocukluk Geli\u015fimi Projesi; Yeni\u015fehir Modeli ile davet edilen Yeni\u015fehir Belediyesi, ayn\u0131 projeyle bu kez bir e\u011fitim program\u0131na davet ald\u0131.  Yeni\u015fehir Belediyesi, ge\u00e7ti\u011fimiz y\u0131l kongreye davet edilen tek yerel y\u00f6netim birimi olarak dikkat \u00e7ekmi\u015fti.<br \/>\nYeni\u015fehir Belediyesi \u00e7ocuklar\u0131n geli\u015fimine destek veriyor<br \/>\nMersin Yeni\u015fehir Belediye Ba\u015fkan\u0131 Abdullah \u00d6zyi\u011fit\u2019in g\u00f6reve ba\u015flamas\u0131yla birlikte hayata ge\u00e7irdi\u011fi Erken \u00c7ocukluk E\u011fitimi Projesi; Yeni\u015fehir Modeli ile 3 y\u0131lda binlerce \u00e7ocu\u011fun ve ailenin hayat\u0131na dokundu. Marmara \u00dcniversitesi b\u00fcnyesine \u00e7al\u0131\u015fmalar y\u00fcr\u00fcten Marmara Aile Becerileri E\u011fitim Program\u0131nda(MABEP) g\u00f6revli uzman akademisyenler ile birlikte \u00e7al\u0131\u015fan Yeni\u015fehir Belediyesi hem \u00e7ocuklardaki geli\u015fimsel problemleri erken d\u00f6nemde tespit ediyor hem de geli\u015fimlerine destek veriyor.<br \/>\nBa\u015fkan \u00d6zyi\u011fit, \u201cAs\u0131l amac\u0131m\u0131z bu projenin t\u00fcm T\u00fcrkiye\u2019de yayg\u0131nla\u015fmas\u0131\u201d<br \/>\n\u00c7ocuklar\u0131n zihinsel geli\u015fiminin y\u00fczde 80\u2019inin 0-3 ya\u015f aras\u0131nda tamamland\u0131\u011f\u0131n\u0131n bilimsel verilerle ortaya konuldu\u011funa vurgu yapan Yeni\u015fehir Belediye Ba\u015fkan\u0131 Abdullah \u00d6zyi\u011fit, \u201c Ancak bu noktada \u00fclkemizde herhangi bir e\u011fitim deste\u011fi yoktu. Yeni\u015fehir Belediyesi olarak bu alanda proje olu\u015fturan ve hayata ge\u00e7iren ilk kurumuz. Bizim as\u0131l amac\u0131m\u0131z bu projenin t\u00fcm T\u00fcrkiye\u2019de yayg\u0131nla\u015fmas\u0131, dolay\u0131s\u0131yla projeyi anlatmak ve \u00f6rnek olmak \u00e7ok \u00f6nemli. Marmara Belediyeler Birli\u011fine ilgilerinden dolay\u0131 te\u015fekk\u00fcr ediyorum.\u201d diye konu\u015ftu.<br \/>\nE\u011fitim program\u0131nda ba\u015far\u0131l\u0131 uygulamalar anlat\u0131lacak<br \/>\nYerel y\u00f6netimler ve kentlerin erken \u00e7ocukluk d\u00f6nemi ile kurdu\u011fu g\u00fc\u00e7l\u00fc ili\u015fkiyi belirli tematik mod\u00fcller \u00fczerinden ele alacak olan Kentte Erken \u00c7ocukluk E\u011fitim Program\u0131, yerel y\u00f6netimlere ve karar vericilere rehberlik edecek olan teorik e\u011fitimler, at\u00f6lyeler ve bu alanda ba\u015far\u0131l\u0131 uygulamalar\u0131yla \u00f6ne \u00e7\u0131kan belediyelerin iyi uygulamalar\u0131n\u0131n payla\u015f\u0131m\u0131n\u0131 i\u00e7erecek.<\/p>\n","protected":false},"excerpt":{"rendered":"<p>Marmara Belediyeler Birli\u011fi ve \u0130stanbul Planlama Ajans\u0131 i\u015f birli\u011fiyle 13-14-15 Eyl\u00fcl tarihlerinde d\u00fczenlenecek Kentte Erken \u00c7ocukluk E\u011fitim Program\u0131na, Mersin Yeni\u015fehir Belediyesi de \u00f6rnek projesiyle davet edildi. Yeni\u015fehir Belediyesi, T\u00fcrkiye\u2019de bir &hellip; <a href=\"https:\/\/akdenizolaygazetesi.com\/?p=20584\" class=\"more-link\">Devam\u0131n\u0131 Oku&#8230;<\/a><\/p>\n","protected":false},"author":2,"featured_media":20585,"comment_status":"open","ping_status":"open","sticky":false,"template":"","format":"standard","meta":[],"categories":[34,2,3,5],"tags":[],"_links":{"self":[{"href":"https:\/\/akdenizolaygazetesi.com\/index.php?rest_route=\/wp\/v2\/posts\/20584"}],"collection":[{"href":"https:\/\/akdenizolaygazetesi.com\/index.php?rest_route=\/wp\/v2\/posts"}],"about":[{"href":"https:\/\/akdenizolaygazetesi.com\/index.php?rest_route=\/wp\/v2\/types\/post"}],"author":[{"embeddable":true,"href":"https:\/\/akdenizolaygazetesi.com\/index.php?rest_route=\/wp\/v2\/users\/2"}],"replies":[{"embeddable":true,"href":"https:\/\/akdenizolaygazetesi.com\/index.php?rest_route=%2Fwp%2Fv2%2Fcomments&post=20584"}],"version-history":[{"count":1,"href":"https:\/\/akdenizolaygazetesi.com\/index.php?rest_route=\/wp\/v2\/posts\/20584\/revisions"}],"predecessor-version":[{"id":20586,"href":"https:\/\/akdenizolaygazetesi.com\/index.php?rest_route=\/wp\/v2\/posts\/20584\/revisions\/20586"}],"wp:featuredmedia":[{"embeddable":true,"href":"https:\/\/akdenizolaygazetesi.com\/index.php?rest_route=\/wp\/v2\/media\/20585"}],"wp:attachment":[{"href":"https:\/\/akdenizolaygazetesi.com\/index.php?rest_route=%2Fwp%2Fv2%2Fmedia&parent=20584"}],"wp:term":[{"taxonomy":"category","embeddable":true,"href":"https:\/\/akdenizolaygazetesi.com\/index.php?rest_route=%2Fwp%2Fv2%2Fcategories&post=20584"},{"taxonomy":"post_tag","embeddable":true,"href":"https:\/\/akdenizolaygazetesi.com\/index.php?rest_route=%2Fwp%2Fv2%2Ftags&post=20584"}],"curies":[{"name":"wp","href":"https:\/\/api.w.org\/{rel}","templated":true}]}}