{"id":20587,"date":"2022-08-26T13:28:10","date_gmt":"2022-08-26T10:28:10","guid":{"rendered":"http:\/\/akdenizolaygazetesi.com\/?p=20587"},"modified":"2022-08-26T13:28:10","modified_gmt":"2022-08-26T10:28:10","slug":"buyuksehirle-engeller-kalkiyor","status":"publish","type":"post","link":"https:\/\/akdenizolaygazetesi.com\/?p=20587","title":{"rendered":"B\u00dcY\u00dcK\u015eEH\u0130RLE ENGELLER KALKIYOR"},"content":{"rendered":"<p>Mersin B\u00fcy\u00fck\u015fehir Belediyesi&#8217;nin bir ilki ger\u00e7ekle\u015ftirerek i\u015fitme engellilere y\u00f6nelik a\u00e7t\u0131\u011f\u0131 \u00fccretsiz bilgisayar kursu, yo\u011fun ilgi g\u00f6r\u00fcyor. Sa\u011fl\u0131k \u0130\u015fleri Dairesi Ba\u015fkanl\u0131\u011f\u0131 taraf\u0131ndan Engelsiz Ya\u015fam Merkezi&#8217;nde d\u00fczenlenen kursta, \u00f6\u011fretmen deste\u011fini Toroslar Halk E\u011fitim Merkezi sa\u011fl\u0131yor.<br \/>\nMEB&#8217;den onayl\u0131 Bilgisayar \u0130\u015fletmenli\u011fi Sertifikas\u0131 veriliyor<br \/>\n\u0130\u015fitme engelli bireylerin temel bilgisayar programlar\u0131n\u0131 \u00f6\u011frenmesi ve g\u00fcnl\u00fck hayatta ihtiya\u00e7 duyduklar\u0131 anlarda kullanabilmesi i\u00e7in hayata ge\u00e7irilen kursun sonunda, Milli E\u011fitim Bakanl\u0131\u011f\u0131&#8217;ndan (MEB) onayl\u0131 Bilgisayar \u0130\u015fletmenli\u011fi Sertifikas\u0131 veriliyor. Bu sertifika, i\u015fitme engellilerin g\u00fcndelik hayatta kar\u015f\u0131la\u015ft\u0131klar\u0131 dilek\u00e7e, i\u015f ba\u015fvurusu veya form doldurma gibi temel i\u015flemleri kolayca halledebilmesini, b\u00f6ylece i\u015f ba\u015fvurular\u0131nda bir ad\u0131m daha \u00f6nde olmalar\u0131n\u0131 sa\u011fl\u0131yor.<br \/>\nMersin B\u00fcy\u00fck\u015fehir Belediyesi Sa\u011fl\u0131k \u0130\u015fleri Dairesi Ba\u015fkanl\u0131\u011f\u0131&#8217;na ba\u011fl\u0131 Engelsiz Ya\u015fam Merkezi&#8217;nde ger\u00e7ekle\u015fen \u00fccretsiz bilgisayar kursu, hafta i\u00e7i her g\u00fcn saat 8 ile 12 aras\u0131nda veriliyor. E\u011fitimlerde kursiyerler temel bilgisayar e\u011fitimi, Excel, Word ve Powerpoint gibi uygulamalar\u0131 \u00f6\u011freniyor.<br \/>\n &#8220;\u0130\u015f ya\u015fant\u0131s\u0131nda da katk\u0131 sa\u011flayaca\u011f\u0131n\u0131 d\u00fc\u015f\u00fcn\u00fcyoruz&#8221;<br \/>\nSa\u011fl\u0131k \u0130\u015fleri Dairesi Ba\u015fkanl\u0131\u011f\u0131 Engelliler \u015eube M\u00fcd\u00fcr\u00fc Abdullah Gerbo\u011fa, i\u015fitme engellilerin geli\u015fen teknolojiye ayak uydurabilmeleri ad\u0131na bu kursu d\u00fczenlediklerini belirterek, &#8220;\u00d6zel gereksinimli bireylerimizi sosyal hayata adapte edebilmek i\u00e7in bir\u00e7ok e\u011fitim veriyoruz. Bilgisayar kursumuz da bunlardan biri. Bu kursumuzda i\u015fitme engelli bireylerimiz var. Sosyal ya\u015fant\u0131lar\u0131nda veya ilerde \u00e7al\u0131\u015f\u0131rlarsa, i\u015f ya\u015fant\u0131lar\u0131nda kendilerine katk\u0131 sa\u011flayaca\u011f\u0131n\u0131 d\u00fc\u015f\u00fcn\u00fcyoruz&#8221; dedi.<br \/>\nKurs yelpazelerinin geni\u015f oldu\u011funu ifade eden Gerbo\u011fa, &#8220;Bilgisayar kursunun yan\u0131 s\u0131ra Engelsiz Ya\u015fam Merkezi ve Engelsiz Ya\u015fam Park\u0131&#8217;nda \u00fccretsiz diki\u015f at\u00f6lyesi, konfeksiyon at\u00f6lyesi, seramik at\u00f6lyesi gibi \u00e7e\u015fitli kurslar\u0131m\u0131z da devam ediyor. Hem \u00f6zel gereksinimli bireyler, hem de aileleri bu kurslardan \u00e7ok memnunlar&#8221; ifadelerini kulland\u0131.<br \/>\n&#8220;Bu kurslara herkesi bekleriz&#8221;<br \/>\nKursu veren Toroslar Halk E\u011fitim Merkezi Bilgisayar \u00d6\u011fretmeni Adem Kirpi, verilen bilgisayar kursunun teknik detaylar\u0131n\u0131 payla\u015ft\u0131. \u0130\u015fitme engellilerin temel bilgisayar kavramlar\u0131n\u0131 \u00f6\u011frenebilmelerinin \u00f6nemli oldu\u011funu belirten Adem Kirpi, &#8220;Verilen kurs sayesinde; g\u00fcndelik hayatta gerekli olan belgeleri, \u015fikayet dilek\u00e7esini, \u00f6rnek i\u015f ba\u015fvuru belgesini haz\u0131rlama gibi konularda kendilerini yeti\u015ftiriyorlar. Bu e\u011fitimi daha \u00f6nce, otizmli ve hafif d\u00fczeyde engelli \u00f6\u011frencilerimize de verdik&#8221; diye konu\u015ftu.<\/p>\n","protected":false},"excerpt":{"rendered":"<p>Mersin B\u00fcy\u00fck\u015fehir Belediyesi&#8217;nin bir ilki ger\u00e7ekle\u015ftirerek i\u015fitme engellilere y\u00f6nelik a\u00e7t\u0131\u011f\u0131 \u00fccretsiz bilgisayar kursu, yo\u011fun ilgi g\u00f6r\u00fcyor. Sa\u011fl\u0131k \u0130\u015fleri Dairesi Ba\u015fkanl\u0131\u011f\u0131 taraf\u0131ndan Engelsiz Ya\u015fam Merkezi&#8217;nde d\u00fczenlenen kursta, \u00f6\u011fretmen deste\u011fini Toroslar Halk &hellip; <a href=\"https:\/\/akdenizolaygazetesi.com\/?p=20587\" class=\"more-link\">Devam\u0131n\u0131 Oku&#8230;<\/a><\/p>\n","protected":false},"author":2,"featured_media":20588,"comment_status":"open","ping_status":"open","sticky":false,"template":"","format":"standard","meta":[],"categories":[2,5,9],"tags":[],"_links":{"self":[{"href":"https:\/\/akdenizolaygazetesi.com\/index.php?rest_route=\/wp\/v2\/posts\/20587"}],"collection":[{"href":"https:\/\/akdenizolaygazetesi.com\/index.php?rest_route=\/wp\/v2\/posts"}],"about":[{"href":"https:\/\/akdenizolaygazetesi.com\/index.php?rest_route=\/wp\/v2\/types\/post"}],"author":[{"embeddable":true,"href":"https:\/\/akdenizolaygazetesi.com\/index.php?rest_route=\/wp\/v2\/users\/2"}],"replies":[{"embeddable":true,"href":"https:\/\/akdenizolaygazetesi.com\/index.php?rest_route=%2Fwp%2Fv2%2Fcomments&post=20587"}],"version-history":[{"count":1,"href":"https:\/\/akdenizolaygazetesi.com\/index.php?rest_route=\/wp\/v2\/posts\/20587\/revisions"}],"predecessor-version":[{"id":20589,"href":"https:\/\/akdenizolaygazetesi.com\/index.php?rest_route=\/wp\/v2\/posts\/20587\/revisions\/20589"}],"wp:featuredmedia":[{"embeddable":true,"href":"https:\/\/akdenizolaygazetesi.com\/index.php?rest_route=\/wp\/v2\/media\/20588"}],"wp:attachment":[{"href":"https:\/\/akdenizolaygazetesi.com\/index.php?rest_route=%2Fwp%2Fv2%2Fmedia&parent=20587"}],"wp:term":[{"taxonomy":"category","embeddable":true,"href":"https:\/\/akdenizolaygazetesi.com\/index.php?rest_route=%2Fwp%2Fv2%2Fcategories&post=20587"},{"taxonomy":"post_tag","embeddable":true,"href":"https:\/\/akdenizolaygazetesi.com\/index.php?rest_route=%2Fwp%2Fv2%2Ftags&post=20587"}],"curies":[{"name":"wp","href":"https:\/\/api.w.org\/{rel}","templated":true}]}}