{"id":20590,"date":"2022-08-26T13:29:46","date_gmt":"2022-08-26T10:29:46","guid":{"rendered":"http:\/\/akdenizolaygazetesi.com\/?p=20590"},"modified":"2022-08-26T13:29:46","modified_gmt":"2022-08-26T10:29:46","slug":"yapilan-arastirmada-820-yasinda-oldugu-belirlendi","status":"publish","type":"post","link":"https:\/\/akdenizolaygazetesi.com\/?p=20590","title":{"rendered":"Yap\u0131lan ara\u015ft\u0131rmada 820 ya\u015f\u0131nda oldu\u011fu belirlendi"},"content":{"rendered":"<p>Mersin B\u00fcy\u00fck\u015fehir Belediyesi k\u00fclt\u00fcrel ve do\u011fal miras\u0131n korunmas\u0131, tan\u0131t\u0131lmas\u0131 ve gelecek ku\u015faklara aktar\u0131lmas\u0131 i\u00e7in projelerine devam ediyor.<\/p>\n<p>Mersin B\u00fcy\u00fck\u015fehir Belediyesi&#8217;nin Tarsus Ticaret Borsas\u0131 i\u015fbirli\u011fi ile y\u00fcr\u00fctt\u00fc\u011f\u00fc &#8220;Zeytin B\u00fct\u00fcn A\u011fa\u00e7lar\u0131n \u0130lkidir Projesi&#8221; kapsam\u0131nda, Tarsus&#8217;un Karadiken Mahallesi&#8217;nde bulunan &#8216;Tarsus Sar\u0131ulak Zeytini An\u0131t A\u011fac\u0131&#8217;n\u0131n koruma alan\u0131nda, restorasyon ve \u00e7evre d\u00fczenleme faaliyeti ger\u00e7ekle\u015ftirildi.<\/p>\n<p>Yap\u0131lan ara\u015ft\u0131rmada 820 ya\u015f\u0131nda oldu\u011fu belirlendi<\/p>\n<p>Tarsus Ticaret Borsas\u0131&#8217;n\u0131n ba\u015fvurusu \u00fczerine 2018 y\u0131l\u0131nda, men\u015fei co\u011frafi i\u015faret tescili yap\u0131lan Tarsus Sar\u0131ulak Zeytini konusunda b\u00f6lge genelinde y\u00fcr\u00fct\u00fclen \u00e7al\u0131\u015fmada, en ya\u015fl\u0131 a\u011fac\u0131n Karadiken Mahallesi&#8217;nde bulunan an\u0131t a\u011fa\u00e7 oldu\u011fu tespit edildi. Proje kapsam\u0131nda, Mersin Tabiat Varl\u0131klar\u0131n\u0131 Koruma B\u00f6lge Komisyonu karar\u0131 ve \u00c7evre ve \u015eehircilik Bakanl\u0131\u011f\u0131&#8217;n\u0131n oluru ile yap\u0131lan inceleme neticesinde, an\u0131t zeytin a\u011fac\u0131n\u0131n yakla\u015f\u0131k 820 ya\u015f\u0131nda oldu\u011fu belirlendi.<\/p>\n<p>Temizlik ve \u00e7evre d\u00fczenlemesi yap\u0131ld\u0131<\/p>\n<p>Proje \u00e7er\u00e7evesinde Mersin B\u00fcy\u00fck\u015fehir Belediyesi ekipleri taraf\u0131ndan, an\u0131t a\u011fac\u0131n bulundu\u011fu b\u00f6lgede olduk\u00e7a k\u00f6t\u00fc durumda olan alan tamamen temizlendi. Parke ta\u015f d\u00f6\u015femesi, ta\u015f duvar \u00f6r\u00fclmesinin yan\u0131 s\u0131ra, a\u011fac\u0131n yan\u0131nda bulunan eski ve y\u0131k\u0131nt\u0131 halindeki ta\u015f bina ile y\u0131k\u0131lm\u0131\u015f su kuyusunda restorasyon ve \u00e7evre d\u00fczenlemesi ger\u00e7ekle\u015ftirildi.<br \/>\nKaradiken Mahalle Muhtar\u0131 Ali A\u015f\u0131k, y\u0131llar \u00f6nce an\u0131t zeytin a\u011fac\u0131n\u0131n hemen yan\u0131nda bir kahvehane bulundu\u011funu vurgulayarak, &#8220;Bu sar\u0131ulak zeytin a\u011fac\u0131n\u0131 ara\u015ft\u0131rd\u0131\u011f\u0131m\u0131zda, \u0130talya&#8217;n\u0131n Roma kentinde de ayn\u0131 t\u00fcrden 600 ya\u015f\u0131nda bir zeytin a\u011fac\u0131 oldu\u011funu \u00f6\u011frendik. Akabinde de biz bu a\u011fa\u00e7 i\u00e7in m\u00fcracaatta bulunduk. Gelen arkada\u015flar tescilini yapt\u0131lar. A\u011fac\u0131n 820 ya\u015f\u0131nda oldu\u011funu tespit ettiler&#8221; dedi.<br \/>\nKaradiken&#8217;in, Tarsus&#8217;un en eski k\u00f6ylerinden biri oldu\u011funu belirten Muhtar A\u015f\u0131k, &#8220;Burada \u00e7ok kavimler ya\u015fam\u0131\u015f. B\u00f6yle tarihi bir de\u011ferin \u00e7evre d\u00fczenlemesini ger\u00e7ekle\u015ftiren, bak\u0131m\u0131yla ilgilenen ve koruma alt\u0131na alan ba\u015fta B\u00fcy\u00fck\u015fehir Belediye Ba\u015fkan\u0131m\u0131z olmak \u00fczere, eme\u011fi ge\u00e7en herkese ayr\u0131 ayr\u0131 te\u015fekk\u00fcr ederim&#8221; diye konu\u015ftu.<\/p>\n<p>&#8220;B\u00fcy\u00fck\u015fehrin ilgisi memnuniyet verici&#8221;<\/p>\n<p>An\u0131t sar\u0131ulak zeytin a\u011fac\u0131n\u0131n hemen yan\u0131nda yer alan ve eskiden dedesi taraf\u0131ndan kahvehane olarak kullan\u0131lan ta\u015f yap\u0131n\u0131n \u00e7evre d\u00fczenlemesi ve tadilat kapsam\u0131na al\u0131nmas\u0131na izin veren Halil \u00c7ak\u0131c\u0131 da, yap\u0131lan i\u015flemden memnun oldu\u011funu belirtti. \u00c7ak\u0131c\u0131, &#8220;Bu sar\u0131ulak zeytin a\u011fac\u0131n\u0131n yan\u0131nda eskiden dedelerimizin i\u015fletti\u011fi bir k\u00f6y kahvesi oldu\u011fu i\u00e7in, buras\u0131 toplanma yeri olarak kullan\u0131l\u0131rm\u0131\u015f&#8221; ifadelerini kulland\u0131.<\/p>\n<p>&#8220;K\u00f6y\u00fcn simgesi olarak bilinirdi&#8221;<\/p>\n<p>Karadiken Mahallesi&#8217;nin ya\u015f alm\u0131\u015f sakinlerinden 90 ya\u015f\u0131ndaki Cumali Karaca da, &#8220;Burada bir \u00fcz\u00fcm asmas\u0131 vard\u0131. Gen\u00e7ler burada toplan\u0131r, sevdal\u0131lar o zamanlar burada bulu\u015furlard\u0131. Burada g\u00fcre\u015f tutar, t\u00fcrk\u00fc s\u00f6yler, halay \u00e7ekerdik. Buras\u0131 k\u00f6y\u00fcn simgesiydi&#8221; dedi.<\/p>\n","protected":false},"excerpt":{"rendered":"<p>Mersin B\u00fcy\u00fck\u015fehir Belediyesi k\u00fclt\u00fcrel ve do\u011fal miras\u0131n korunmas\u0131, tan\u0131t\u0131lmas\u0131 ve gelecek ku\u015faklara aktar\u0131lmas\u0131 i\u00e7in projelerine devam ediyor. Mersin B\u00fcy\u00fck\u015fehir Belediyesi&#8217;nin Tarsus Ticaret Borsas\u0131 i\u015fbirli\u011fi ile y\u00fcr\u00fctt\u00fc\u011f\u00fc &#8220;Zeytin B\u00fct\u00fcn A\u011fa\u00e7lar\u0131n \u0130lkidir &hellip; <a href=\"https:\/\/akdenizolaygazetesi.com\/?p=20590\" class=\"more-link\">Devam\u0131n\u0131 Oku&#8230;<\/a><\/p>\n","protected":false},"author":2,"featured_media":20591,"comment_status":"open","ping_status":"open","sticky":false,"template":"","format":"standard","meta":[],"categories":[34,1,2,3,5],"tags":[],"_links":{"self":[{"href":"https:\/\/akdenizolaygazetesi.com\/index.php?rest_route=\/wp\/v2\/posts\/20590"}],"collection":[{"href":"https:\/\/akdenizolaygazetesi.com\/index.php?rest_route=\/wp\/v2\/posts"}],"about":[{"href":"https:\/\/akdenizolaygazetesi.com\/index.php?rest_route=\/wp\/v2\/types\/post"}],"author":[{"embeddable":true,"href":"https:\/\/akdenizolaygazetesi.com\/index.php?rest_route=\/wp\/v2\/users\/2"}],"replies":[{"embeddable":true,"href":"https:\/\/akdenizolaygazetesi.com\/index.php?rest_route=%2Fwp%2Fv2%2Fcomments&post=20590"}],"version-history":[{"count":1,"href":"https:\/\/akdenizolaygazetesi.com\/index.php?rest_route=\/wp\/v2\/posts\/20590\/revisions"}],"predecessor-version":[{"id":20592,"href":"https:\/\/akdenizolaygazetesi.com\/index.php?rest_route=\/wp\/v2\/posts\/20590\/revisions\/20592"}],"wp:featuredmedia":[{"embeddable":true,"href":"https:\/\/akdenizolaygazetesi.com\/index.php?rest_route=\/wp\/v2\/media\/20591"}],"wp:attachment":[{"href":"https:\/\/akdenizolaygazetesi.com\/index.php?rest_route=%2Fwp%2Fv2%2Fmedia&parent=20590"}],"wp:term":[{"taxonomy":"category","embeddable":true,"href":"https:\/\/akdenizolaygazetesi.com\/index.php?rest_route=%2Fwp%2Fv2%2Fcategories&post=20590"},{"taxonomy":"post_tag","embeddable":true,"href":"https:\/\/akdenizolaygazetesi.com\/index.php?rest_route=%2Fwp%2Fv2%2Ftags&post=20590"}],"curies":[{"name":"wp","href":"https:\/\/api.w.org\/{rel}","templated":true}]}}