{"id":20593,"date":"2022-08-26T13:33:51","date_gmt":"2022-08-26T10:33:51","guid":{"rendered":"http:\/\/akdenizolaygazetesi.com\/?p=20593"},"modified":"2022-08-26T13:33:51","modified_gmt":"2022-08-26T10:33:51","slug":"akdeniz-belediye-spor-kulubu-tekerlekli-sandalye-basketbol-takimi-2inci-lige-cikti","status":"publish","type":"post","link":"https:\/\/akdenizolaygazetesi.com\/?p=20593","title":{"rendered":"AKDEN\u0130Z BELED\u0130YE SPOR KUL\u00dcB\u00dc TEKERLEKL\u0130 SANDALYE BASKETBOL TAKIMI 2\u2019\u0130NC\u0130 L\u0130GE \u00c7IKTI"},"content":{"rendered":"<p>Akdeniz Belediye Spor Kul\u00fcb\u00fc Tekerlekli Sandalye Basketbol Tak\u0131m\u0131; T\u00fcrkiye Tekerlekli Sandalye Basketbol Ligi 2022-2022 sezonunda 2\u2019nci ligde yer almaya hak kazand\u0131. Akdenizli ekip, Antalya\u2019da oynanan Play-Off ma\u00e7lar\u0131nda 2\u2019nci lige \u00e7\u0131kma \u015fans\u0131n\u0131 averajla yitirmi\u015fti.<br \/>\nT\u00fcrkiye Bedensel Engelliler Spor Federasyonu Ba\u015fkan\u0131 Avukat Muaz Ergezen taraf\u0131ndan, Akdeniz Belediye Spor Kul\u00fcb\u00fc Derne\u011fi\u2019ne g\u00f6nderilen 25 A\u011fustos 2022 tarihli resmi yaz\u0131da; T\u00fcrkiye Tekerlekli Sandalye Basketbol Federasyonu 1\u2019inci Ligi\u2019nde yer alan \u00c7anakkale Bo\u011fazg\u00fcc\u00fc Engelliler Spor Kul\u00fcb\u00fc Tekerlekli Sandalye Basketbol Tak\u0131m\u0131\u2019n\u0131n, 2022-2023 sezonunda 3\u2019\u00fcnc\u00fc ligde faaliyetlerini s\u00fcrd\u00fcrme karar\u0131 ald\u0131\u011f\u0131 belirtildi.<br \/>\nResmi yaz\u0131n\u0131n devam\u0131nda; Akdeniz Belediye Spor Kul\u00fcb\u00fc Tekerlekli Sandalye Basketbol Tak\u0131m\u0131\u2019n\u0131n, Antalya\u2019da oynanan 2021-2022 sezonu 3\u2019\u00fcnc\u00fc lig Play-Off m\u00fcsabakalar\u0131n\u0131 4\u2019\u00fcnc\u00fc olarak tamamlad\u0131\u011f\u0131 hat\u0131rlat\u0131larak; \u00c7anakkale ekibinin ald\u0131\u011f\u0131 ligden \u00e7ekilme karar\u0131 sonucunda Akdenizli ekibin, 2022-2023 sezonunda 2\u2019inci Ligde yer almaya hak kazand\u0131\u011f\u0131 ifade edildi.<br \/>\nAkdenizli ekip, 2\u2019nci lig \u015fans\u0131n\u0131 averajla kaybetmi\u015fti<br \/>\nAkdeniz Belediye Spor Kul\u00fcb\u00fc Tekerlekli Sandalye Basketbol Tak\u0131m\u0131, 2021-2022 sezonunda T\u00fcrkiye Tekerlekli Sandalye Basketbol Ligi B Grubu\u2019nda, sezonu grup 2\u2019ncisi olarak tamamlay\u0131p Play Off ma\u00e7lar\u0131na kat\u0131lma hakk\u0131 kazanm\u0131\u015ft\u0131. Antalya\u2019da oynanan Play-Off ma\u00e7lar\u0131n\u0131 4&#8217;\u00fcnc\u00fc tamamlayan Akdenizli ekip averajla 2&#8217;nci lige \u00e7\u0131kma \u015fans\u0131n\u0131 kaybetmi\u015fti. Fakat 1&#8217;inci ligde m\u00fccadele eden \u00c7anakkale Bo\u011fazg\u00fcc\u00fc Spor Kul\u00fcb\u00fc, 1\u2019inci ligden \u00e7ekilip \u00fc\u00e7\u00fcnc\u00fc ligde m\u00fccadelesini s\u00fcrd\u00fcrece\u011fini federasyona resmi yaz\u0131 ile bildirdi. Bu geli\u015fme kar\u015f\u0131s\u0131nda federasyon taraf\u0131ndan Akdeniz Belediye Spor Kul\u00fcb\u00fc Derne\u011fi\u2019ne g\u00f6nderilen resim yaz\u0131da, Akdenizli ekibin 2&#8217;nci Lig&#8217;e \u00e7\u0131kmaya hak kazand\u0131\u011f\u0131 kaydedildi.<br \/>\nBa\u015fkan G\u00fcltak; \u201cSporcular\u0131m\u0131z\u0131n sevin\u00e7 ve heyecan\u0131n\u0131 payla\u015f\u0131yorum\u201d<br \/>\nBu geli\u015fme kar\u015f\u0131s\u0131nda bir a\u00e7\u0131klama yapan Akdeniz Belediye Ba\u015fkan\u0131 M. Mustafa G\u00fcltak; \u201cAkdeniz Belediye Spor Kul\u00fcb\u00fcm\u00fcz b\u00fcnyesine kat\u0131ld\u0131\u011f\u0131 daha ilk y\u0131l\u0131nda bir \u00fcst lige \u00e7\u0131kma ba\u015far\u0131s\u0131 g\u00f6steren Tekerlekli Sandalye Basketbol Tak\u0131m\u0131m\u0131z\u0131 ve antren\u00f6rlerimizi tebrik ediyor, bu s\u00fcrpriz geli\u015fme sonucu 2\u2019inci lige \u00e7\u0131kmalar\u0131n\u0131n sevin\u00e7 ve heyecan\u0131n\u0131, en az sporcular\u0131m\u0131z kadar ben de ya\u015f\u0131yorum. Sporcular\u0131m\u0131z\u0131n, kat\u0131lmaya hak kazand\u0131\u011f\u0131 2\u2019nci ligde oynayacaklar\u0131 ma\u00e7larda da b\u00fcy\u00fck ba\u015far\u0131lar elde edeceklerine ve bir \u00fcst lige \u00e7\u0131kacaklar\u0131na g\u00f6n\u00fclden inan\u0131yorum\u201d diye konu\u015ftu. <\/p>\n","protected":false},"excerpt":{"rendered":"<p>Akdeniz Belediye Spor Kul\u00fcb\u00fc Tekerlekli Sandalye Basketbol Tak\u0131m\u0131; T\u00fcrkiye Tekerlekli Sandalye Basketbol Ligi 2022-2022 sezonunda 2\u2019nci ligde yer almaya hak kazand\u0131. Akdenizli ekip, Antalya\u2019da oynanan Play-Off ma\u00e7lar\u0131nda 2\u2019nci lige \u00e7\u0131kma &hellip; <a href=\"https:\/\/akdenizolaygazetesi.com\/?p=20593\" class=\"more-link\">Devam\u0131n\u0131 Oku&#8230;<\/a><\/p>\n","protected":false},"author":2,"featured_media":20594,"comment_status":"open","ping_status":"open","sticky":false,"template":"","format":"standard","meta":[],"categories":[2,3,5,10],"tags":[],"_links":{"self":[{"href":"https:\/\/akdenizolaygazetesi.com\/index.php?rest_route=\/wp\/v2\/posts\/20593"}],"collection":[{"href":"https:\/\/akdenizolaygazetesi.com\/index.php?rest_route=\/wp\/v2\/posts"}],"about":[{"href":"https:\/\/akdenizolaygazetesi.com\/index.php?rest_route=\/wp\/v2\/types\/post"}],"author":[{"embeddable":true,"href":"https:\/\/akdenizolaygazetesi.com\/index.php?rest_route=\/wp\/v2\/users\/2"}],"replies":[{"embeddable":true,"href":"https:\/\/akdenizolaygazetesi.com\/index.php?rest_route=%2Fwp%2Fv2%2Fcomments&post=20593"}],"version-history":[{"count":1,"href":"https:\/\/akdenizolaygazetesi.com\/index.php?rest_route=\/wp\/v2\/posts\/20593\/revisions"}],"predecessor-version":[{"id":20595,"href":"https:\/\/akdenizolaygazetesi.com\/index.php?rest_route=\/wp\/v2\/posts\/20593\/revisions\/20595"}],"wp:featuredmedia":[{"embeddable":true,"href":"https:\/\/akdenizolaygazetesi.com\/index.php?rest_route=\/wp\/v2\/media\/20594"}],"wp:attachment":[{"href":"https:\/\/akdenizolaygazetesi.com\/index.php?rest_route=%2Fwp%2Fv2%2Fmedia&parent=20593"}],"wp:term":[{"taxonomy":"category","embeddable":true,"href":"https:\/\/akdenizolaygazetesi.com\/index.php?rest_route=%2Fwp%2Fv2%2Fcategories&post=20593"},{"taxonomy":"post_tag","embeddable":true,"href":"https:\/\/akdenizolaygazetesi.com\/index.php?rest_route=%2Fwp%2Fv2%2Ftags&post=20593"}],"curies":[{"name":"wp","href":"https:\/\/api.w.org\/{rel}","templated":true}]}}