{"id":20609,"date":"2022-08-27T18:42:20","date_gmt":"2022-08-27T15:42:20","guid":{"rendered":"http:\/\/akdenizolaygazetesi.com\/?p=20609"},"modified":"2022-08-27T18:42:20","modified_gmt":"2022-08-27T15:42:20","slug":"baskan-yilmaz-malazgirt-zaferinin-951-yil-donumu-kutlamalarina-katildi","status":"publish","type":"post","link":"https:\/\/akdenizolaygazetesi.com\/?p=20609","title":{"rendered":"&#8220;Ba\u015fkan Y\u0131lmaz, Malazgirt Zaferi&#8217;nin 951. Y\u0131l D\u00f6n\u00fcm\u00fc Kutlamalar\u0131na Kat\u0131ld\u0131&#8221;"},"content":{"rendered":"<p>Toroslar Belediye Ba\u015fkan\u0131 Ats\u0131z Af\u015f\u0131n Y\u0131lmaz, Belediye Meclis \u00dcyeleri ve Mahalle Muhtarlar\u0131 ile birlikte Bitlis&#8217;in Ahlat \u0130l\u00e7esi&#8217;nde d\u00fczenlenen Malazgirt Zaferi&#8217;nin 951. y\u0131l\u0131 kutlamalar\u0131na kat\u0131ld\u0131.<\/p>\n<p>Cumhurba\u015fkan\u0131 Recep Tayyip Erdo\u011fan ve MHP Genel Ba\u015fkan\u0131 Devlet Bah\u00e7eli&#8217;nin te\u015frifleriyle d\u00fczenlenen ve devlet erkan\u0131n\u0131n da kat\u0131ld\u0131\u011f\u0131 program co\u015fkuyla ger\u00e7ekle\u015fti.<\/p>\n<p>Ba\u015fkan Y\u0131lmaz, MHP Mersin Milletvekili Olcay K\u0131lavuz ve MHP Toroslar \u0130l\u00e7e Ba\u015fkan\u0131 H\u00fcsn\u00fc Do\u011fan ile birlikte Malazgirt Zaferi&#8217;nin y\u0131l d\u00f6n\u00fcm\u00fcn\u00fc kutlad\u0131.<\/p>\n<p>Ahlat&#8217;ta yerini alan Toroslar Belediyesi&#8217;nin y\u00f6resel \u00e7ad\u0131r\u0131 ise kat\u0131l\u0131mc\u0131lar\u0131n ilgi oda\u011f\u0131 oldu. \u00c7ad\u0131r\u0131 ziyaret eden misafirlere Mersin&#8217;e \u00f6zg\u00fc cezerye ikram edildi.<\/p>\n<p>&#8220;Genel Ba\u015fkan Devlet Bah\u00e7eli, Ba\u015fkan Y\u0131lmaz&#8217;a Te\u015fekk\u00fcr Etti&#8221;<\/p>\n<p>Anadolu&#8217;nun kap\u0131lar\u0131n\u0131 T\u00fcrklere a\u00e7an zaferin y\u0131l d\u00f6n\u00fcm\u00fcnde MHP Genel Ba\u015fkan\u0131 Devlet Bah\u00e7eli ile bir araya gelen Ba\u015fkan Y\u0131lmaz, Genel Ba\u015fkan Bah\u00e7eli&#8217;ye Toroslar Teknik ve Mesleki E\u011fitim Kurslar\u0131&#8217;nda (TORTEK) \u00f6zenle haz\u0131rlanan el yap\u0131m\u0131 &#8220;Mi\u011ffer&#8221; ve resminin bulundu\u011fu ya\u011fl\u0131 boya tablo hediye etti.<\/p>\n<p>Genel Ba\u015fkan Devlet Bah\u00e7eli ise takdim edilen hediyeden dolay\u0131 memnuniyetini ifade ederek Ba\u015fkan Y\u0131lmaz&#8217;a te\u015fekk\u00fcr etti.<\/p>\n<p>Genel Ba\u015fkan Devlet Bah\u00e7eli&#8217;ye \u00e7al\u0131\u015fmalar\u0131yla ilgili bilgiler de veren Ba\u015fkan Y\u0131lmaz; &#8220;Say\u0131n Genel Ba\u015fkan\u0131m\u0131z\u0131n dedi\u011fi gibi \u0130rademiz Sultan Alparslan&#8217;\u0131n iradesi, ilham\u0131m\u0131z Gazi Mustafa Kemal Atat\u00fcrk&#8217;\u00fcn istiklal davas\u0131d\u0131r&#8221; dedi.<\/p>\n<p>&#8220;Genel Ba\u015fkan\u0131m\u0131z, T\u00fcrkmen Beyimiz Say\u0131n Devlet Bah\u00e7eli ile Malazgirt Zaferimizin 951. y\u0131l d\u00f6n\u00fcm\u00fcnde bir araya gelmenin onurunu ya\u015fad\u0131m&#8221; diyen Ba\u015fkan Y\u0131lmaz; &#8220;T\u00fcrk Milleti i\u00e7in A\u011fustos Ay\u0131, kahramanl\u0131k ve zafer ay\u0131d\u0131r. 1071 Malazgirt Zaferi, en zor \u015fartlarda milletimizin yeniden dirili\u015finin, yeniden aya\u011fa kalk\u0131\u015f\u0131n\u0131n sembol\u00fc olmu\u015ftur. Ge\u00e7mi\u015fimizden ald\u0131\u011f\u0131m\u0131z g\u00fc\u00e7le Malazgirt ruhu her zaman yol g\u00f6stericimiz olacakt\u0131r. Anadolu&#8217;yu ebediyen vatan k\u0131lan Sultan Alparslan ve \u015fanl\u0131 ecdad\u0131m\u0131z\u0131, B\u00fcy\u00fck Taarruz&#8217;un 100&#8217;\u00fcnc\u00fc y\u0131l d\u00f6n\u00fcm\u00fcnde Ulu \u00d6nderimiz Gazi Mustafa Kemal Atat\u00fcrk&#8217;\u00fc, aziz \u015fehitlerimizi rahmetle, sayg\u0131yla ve minnetle an\u0131yorum&#8221; diye konu\u015ftu.<\/p>\n<p>MHP Mersin Milletvekili Olcay K\u0131lavuz, MHP Toroslar \u0130l\u00e7e Ba\u015fkan\u0131 H\u00fcsn\u00fc Do\u011fan, Belediye Meclis \u00fcyeleri ve mahalle muhtarlar\u0131 ile birlikte Bitlis&#8217;in Tatvan ve Hizan \u0130l\u00e7elerinde ger\u00e7ekle\u015ftirdi\u011fi ziyaretlerinden ard\u0131ndan Ba\u015fkan Y\u0131lmaz, ge\u00e7mi\u015fi bin y\u0131l \u00f6ncesine dayanan, d\u00fcnyan\u0131n en b\u00fcy\u00fck T\u00fcrk-\u0130slam mezarl\u0131\u011f\u0131 Sel\u00e7uklu Mezarl\u0131\u011f\u0131&#8217;na da ziyarette bulundu.<\/p>\n<p>Daha sonra MHP ve AK Parti Hask\u00f6y \u0130l\u00e7e Te\u015fkilat ba\u015fkanlar\u0131 ve y\u00f6neticileriyle bir araya gelen Ba\u015fkan Y\u0131lmaz, Hask\u00f6y&#8217;e \u00f6zg\u00fc k\u00f6zde demlenmi\u015f \u00e7aylar\u0131ndan i\u00e7erek, g\u00f6n\u00fclda\u015flar\u0131yla sohbet etti.<\/p>\n<p>Ba\u015fkan Y\u0131lmaz, Kazakistanl\u0131 m\u00fczik toplulu\u011fu Turan Ethno Folk Band&#8217;\u0131n Ahlat Meydan\u0131nda d\u00fczenlenen konserinde de sanat\u00e7\u0131larla bir araya gelerek, programa sunduklar\u0131 katk\u0131lar\u0131ndan dolay\u0131 te\u015fekk\u00fcr etti.<\/p>\n","protected":false},"excerpt":{"rendered":"<p>Toroslar Belediye Ba\u015fkan\u0131 Ats\u0131z Af\u015f\u0131n Y\u0131lmaz, Belediye Meclis \u00dcyeleri ve Mahalle Muhtarlar\u0131 ile birlikte Bitlis&#8217;in Ahlat \u0130l\u00e7esi&#8217;nde d\u00fczenlenen Malazgirt Zaferi&#8217;nin 951. y\u0131l\u0131 kutlamalar\u0131na kat\u0131ld\u0131. Cumhurba\u015fkan\u0131 Recep Tayyip Erdo\u011fan ve MHP &hellip; <a href=\"https:\/\/akdenizolaygazetesi.com\/?p=20609\" class=\"more-link\">Devam\u0131n\u0131 Oku&#8230;<\/a><\/p>\n","protected":false},"author":2,"featured_media":20610,"comment_status":"open","ping_status":"open","sticky":false,"template":"","format":"standard","meta":[],"categories":[2,3,5],"tags":[],"_links":{"self":[{"href":"https:\/\/akdenizolaygazetesi.com\/index.php?rest_route=\/wp\/v2\/posts\/20609"}],"collection":[{"href":"https:\/\/akdenizolaygazetesi.com\/index.php?rest_route=\/wp\/v2\/posts"}],"about":[{"href":"https:\/\/akdenizolaygazetesi.com\/index.php?rest_route=\/wp\/v2\/types\/post"}],"author":[{"embeddable":true,"href":"https:\/\/akdenizolaygazetesi.com\/index.php?rest_route=\/wp\/v2\/users\/2"}],"replies":[{"embeddable":true,"href":"https:\/\/akdenizolaygazetesi.com\/index.php?rest_route=%2Fwp%2Fv2%2Fcomments&post=20609"}],"version-history":[{"count":1,"href":"https:\/\/akdenizolaygazetesi.com\/index.php?rest_route=\/wp\/v2\/posts\/20609\/revisions"}],"predecessor-version":[{"id":20611,"href":"https:\/\/akdenizolaygazetesi.com\/index.php?rest_route=\/wp\/v2\/posts\/20609\/revisions\/20611"}],"wp:featuredmedia":[{"embeddable":true,"href":"https:\/\/akdenizolaygazetesi.com\/index.php?rest_route=\/wp\/v2\/media\/20610"}],"wp:attachment":[{"href":"https:\/\/akdenizolaygazetesi.com\/index.php?rest_route=%2Fwp%2Fv2%2Fmedia&parent=20609"}],"wp:term":[{"taxonomy":"category","embeddable":true,"href":"https:\/\/akdenizolaygazetesi.com\/index.php?rest_route=%2Fwp%2Fv2%2Fcategories&post=20609"},{"taxonomy":"post_tag","embeddable":true,"href":"https:\/\/akdenizolaygazetesi.com\/index.php?rest_route=%2Fwp%2Fv2%2Ftags&post=20609"}],"curies":[{"name":"wp","href":"https:\/\/api.w.org\/{rel}","templated":true}]}}