{"id":20621,"date":"2022-08-28T10:29:15","date_gmt":"2022-08-28T07:29:15","guid":{"rendered":"http:\/\/akdenizolaygazetesi.com\/?p=20621"},"modified":"2022-08-28T10:29:15","modified_gmt":"2022-08-28T07:29:15","slug":"kahramanlarimizin-emanetlerine-kararlilikla-sahip-cikacagiz","status":"publish","type":"post","link":"https:\/\/akdenizolaygazetesi.com\/?p=20621","title":{"rendered":"&#8216;Kahramanlar\u0131m\u0131z\u0131n emanetlerine kararl\u0131l\u0131kla sahip \u00e7\u0131kaca\u011f\u0131z&#8217;"},"content":{"rendered":"<p>K\u0131sa ad\u0131 MERYAD olan Mersin Yat\u0131r\u0131mc\u0131 \u0130\u015f \u0130nsanlar\u0131 Derne\u011fi Y\u00f6netim Kurulu Ba\u015fkan\u0131 Cos\u0327kun Dog\u0306mus\u0327, 30 A\u011fustos Zafer Bayram\u0131&#8217;n\u0131n 100. Y\u0131l D\u00f6n\u00fcm\u00fc m\u00fcnasebetiyle kutlama mesaj\u0131 yay\u0131nlad\u0131.<\/p>\n<p> Bu b\u00fcy\u00fck zaferin tarihimizin en \u00f6nemli d\u00f6n\u00fcm noktalar\u0131ndan biri oldu\u011funu belirten Co\u015fkun Do\u011fmu\u015f mesaj\u0131nda \u015fu ifadelere yer verdi:<br \/>\n&#8220;Aziz vatan\u0131m\u0131z ve milletimizin g\u00fcvenli\u011fi i\u00e7in g\u00f6z\u00fcn\u00fc k\u0131rpmadan \u015fehit ve gazi olan kahramanlar\u0131m\u0131z\u0131n emanetlerine kararl\u0131l\u0131kla sahip \u00e7\u0131kaca\u011f\u0131z. Onlar y\u00fcce milletimizin en de\u011ferli varl\u0131klar\u0131d\u0131r. Bug\u00fcn bizler de onlar\u0131n miras\u00e7\u0131s\u0131 olarak T\u00fcrkiye Cumhuriyeti&#8217;ni en ileri seviyeye g\u00f6t\u00fcrmek i\u00e7in t\u00fcm g\u00fcc\u00fcm\u00fczle \u00e7al\u0131\u015fmal\u0131y\u0131z.<br \/>\nMilli m\u00fccadelemizin en zor d\u00f6nemi olan B\u00fcy\u00fck Taarruz&#8217;da milletimiz, askeri yetenek ve g\u00fcc\u00fcn\u00fc b\u00fcy\u00fck millet olman\u0131n kabiliyetlerini bir kez daha b\u00fct\u00fcn d\u00fcnyaya g\u00f6stermi\u015ftir. Millet\u00e7e elde etti\u011fimiz ba\u015far\u0131lar ve \u00fclkemizin geldi\u011fi seviye, yolumuzun a\u00e7\u0131k oldu\u011funun en \u00f6nemli g\u00f6stergesidir.<br \/>\nBu duygu d\u00fc\u015f\u00fcncelerle t\u00fcm vatanda\u015flar\u0131m\u0131z\u0131n 30 A\u011fustos Zafer Bayram\u0131n\u0131 tebrik ediyor, ba\u015fta Mustafa Kemal Atat\u00fcrk olmak \u00fczere t\u00fcm \u015fehitlerimize Allah&#8217;tan rahmet diliyor,gazilerimize uzun ve sa\u011fl\u0131kl\u0131 \u00f6m\u00fcrler diliyorum.&#8221;<\/p>\n","protected":false},"excerpt":{"rendered":"<p>K\u0131sa ad\u0131 MERYAD olan Mersin Yat\u0131r\u0131mc\u0131 \u0130\u015f \u0130nsanlar\u0131 Derne\u011fi Y\u00f6netim Kurulu Ba\u015fkan\u0131 Cos\u0327kun Dog\u0306mus\u0327, 30 A\u011fustos Zafer Bayram\u0131&#8217;n\u0131n 100. Y\u0131l D\u00f6n\u00fcm\u00fc m\u00fcnasebetiyle kutlama mesaj\u0131 yay\u0131nlad\u0131. Bu b\u00fcy\u00fck zaferin tarihimizin en &hellip; <a href=\"https:\/\/akdenizolaygazetesi.com\/?p=20621\" class=\"more-link\">Devam\u0131n\u0131 Oku&#8230;<\/a><\/p>\n","protected":false},"author":2,"featured_media":20622,"comment_status":"open","ping_status":"open","sticky":false,"template":"","format":"standard","meta":[],"categories":[34,3,5],"tags":[],"_links":{"self":[{"href":"https:\/\/akdenizolaygazetesi.com\/index.php?rest_route=\/wp\/v2\/posts\/20621"}],"collection":[{"href":"https:\/\/akdenizolaygazetesi.com\/index.php?rest_route=\/wp\/v2\/posts"}],"about":[{"href":"https:\/\/akdenizolaygazetesi.com\/index.php?rest_route=\/wp\/v2\/types\/post"}],"author":[{"embeddable":true,"href":"https:\/\/akdenizolaygazetesi.com\/index.php?rest_route=\/wp\/v2\/users\/2"}],"replies":[{"embeddable":true,"href":"https:\/\/akdenizolaygazetesi.com\/index.php?rest_route=%2Fwp%2Fv2%2Fcomments&post=20621"}],"version-history":[{"count":1,"href":"https:\/\/akdenizolaygazetesi.com\/index.php?rest_route=\/wp\/v2\/posts\/20621\/revisions"}],"predecessor-version":[{"id":20623,"href":"https:\/\/akdenizolaygazetesi.com\/index.php?rest_route=\/wp\/v2\/posts\/20621\/revisions\/20623"}],"wp:featuredmedia":[{"embeddable":true,"href":"https:\/\/akdenizolaygazetesi.com\/index.php?rest_route=\/wp\/v2\/media\/20622"}],"wp:attachment":[{"href":"https:\/\/akdenizolaygazetesi.com\/index.php?rest_route=%2Fwp%2Fv2%2Fmedia&parent=20621"}],"wp:term":[{"taxonomy":"category","embeddable":true,"href":"https:\/\/akdenizolaygazetesi.com\/index.php?rest_route=%2Fwp%2Fv2%2Fcategories&post=20621"},{"taxonomy":"post_tag","embeddable":true,"href":"https:\/\/akdenizolaygazetesi.com\/index.php?rest_route=%2Fwp%2Fv2%2Ftags&post=20621"}],"curies":[{"name":"wp","href":"https:\/\/api.w.org\/{rel}","templated":true}]}}