{"id":20625,"date":"2022-08-28T17:12:09","date_gmt":"2022-08-28T14:12:09","guid":{"rendered":"http:\/\/akdenizolaygazetesi.com\/?p=20625"},"modified":"2022-08-28T17:12:09","modified_gmt":"2022-08-28T14:12:09","slug":"baskan-yilmaz-yasasin-kuvayi-milliye-ruhu-yasasin-cumhuriyet","status":"publish","type":"post","link":"https:\/\/akdenizolaygazetesi.com\/?p=20625","title":{"rendered":"Ba\u015fkan Y\u0131lmaz; &#8220;Ya\u015fas\u0131n Kuvayi Milliye Ruhu, Ya\u015fas\u0131n Cumhuriyet&#8221;"},"content":{"rendered":"<p>Toroslar Belediyesi, 30 A\u011fustos Zafer Bayram\u0131&#8217;n\u0131n 100. y\u0131l d\u00f6n\u00fcm\u00fc kapsam\u0131nda il\u00e7enin d\u00f6rt bir yan\u0131nda d\u00fczenledi\u011fi etkinlikler ile zafer co\u015fkusunu zirveye ta\u015f\u0131yor.<\/p>\n<p>T\u00fcrk Rock M\u00fczi\u011finin sevilen sanat\u00e7\u0131s\u0131 K\u0131ra\u00e7, Toroslar&#8217;da sahne alarak Mersinlilere unutulmaz bir gece ya\u015fatt\u0131.<\/p>\n<p>Akbelen Mahallesi&#8217;nde bulunan K.Ayd\u0131n Stad\u0131&#8217;nda ger\u00e7ekle\u015fen konserde sanat\u00e7\u0131 K\u0131ra\u00e7 sevilen \u015fark\u0131lar\u0131n\u0131 Mersinliler i\u00e7in s\u00f6ylerken, alan\u0131 dolduran vatanda\u015flar da telefonlar\u0131n\u0131n \u0131\u015f\u0131klar\u0131n\u0131 yakarak, \u015fark\u0131lara e\u015flik etti.<\/p>\n<p> &#8220;Zafer Co\u015fkusu Hi\u00e7 Bitmesin&#8221;<\/p>\n<p>Toroslar Belediye Ba\u015fkan\u0131 Ats\u0131z Af\u015f\u0131n Y\u0131lmaz, konser alan\u0131nda 7&#8217;den 70&#8217;e t\u00fcm hem\u015fehrileri taraf\u0131ndan yo\u011fun ilgiyle kar\u015f\u0131land\u0131.<\/p>\n<p>Sayg\u0131 duru\u015fu ve \u0130stiklal Mar\u015f\u0131&#8217;n\u0131n okunmas\u0131n\u0131n ard\u0131ndan ba\u015flayan konserde hem\u015fehrilerine hitap ederek 30 A\u011fustos Zafer Bayram\u0131&#8217;n\u0131 kutlayan Ba\u015fkan Y\u0131lmaz, gen\u00e7lerin g\u00fcc\u00fcyle Cumhuriyeti ilelebet ya\u015fatacaklar\u0131n\u0131 s\u00f6yledi.<\/p>\n<p>&#8220;A\u011fustos ay\u0131, zaferler ay\u0131d\u0131r&#8221; diyen Ba\u015fkan Y\u0131lmaz; &#8220;26 A\u011fustos&#8217;ta Anadolu&#8217;yu bize vatan yapan Malazgirt Zaferi&#8217;ni, 30 A\u011fustos&#8217;ta Cumhuriyetimizin temellerinin at\u0131ld\u0131\u011f\u0131 B\u00fcy\u00fck Taarruz&#8217;u kazand\u0131k. Bundan yakla\u015f\u0131k 100 y\u0131l \u00f6nce 1918 y\u0131l\u0131ndan itibaren \u0130ngilizler, Frans\u0131zlar, \u0130talyanlar ve Yunanl\u0131lar arkalar\u0131nda Amerikan deste\u011fi ile Anadolu&#8217;yu, vatan\u0131m\u0131z\u0131 i\u015fgale ba\u015flad\u0131lar. Bizim gibi her ya\u015ftan insanlar, farkl\u0131 mezhepte, farkl\u0131 siyasi g\u00f6r\u00fc\u015fte olsalar da vatan savunmas\u0131 i\u00e7in Kuvayi Milliye&#8217;yi kurdular. Gazi Mustafa Kemal Atat\u00fcrk&#8217;\u00fcn \u00f6nderli\u011finde birle\u015ftiler, d\u00fc\u015fman\u0131 kovdular ve Cumhuriyet&#8217;i kurdular. O g\u00fcn vatan savunmas\u0131 yapan dedelerimizdi&#8221; dedi.<\/p>\n<p>&#8220;Bug\u00fcn yine ayn\u0131 \u015fey olsa yine ayn\u0131 fedakarl\u0131kla vatan savunmas\u0131 yapar m\u0131y\u0131z&#8221; diyerek alandaki t\u00fcm gen\u00e7lere ve vatanda\u015flara seslenen Ba\u015fkan Y\u0131lmaz, t\u00fcm kat\u0131l\u0131mc\u0131lar\u0131n &#8220;Evet&#8221; cevab\u0131 kar\u015f\u0131s\u0131nda mutlu olduklar\u0131n\u0131 kaydederek; &#8220;O zaman\u0131n Kuvayi Milliyecileri&#8217;nin torunlar\u0131 sizlersiniz, bizleriz. Ba\u015fta Ulu \u00d6nderimiz Gazi Mustafa Kemal Atat\u00fcrk olmak \u00fczere vatan savunmas\u0131nda kan veren, can veren, al\u0131n teri ak\u0131tan t\u00fcm \u015fehit ve gazilerimizi rahmetle, minnetle an\u0131yoruz. Birli\u011fimiz ve beraberli\u011fimiz var olduk\u00e7a bu vatan hi\u00e7bir zaman esir olmayacakt\u0131r. Bayra\u011f\u0131m\u0131z ilelebet dalgalanacakt\u0131r. B\u00fct\u00fcn d\u00fcnyaya buradan hayk\u0131ral\u0131m. Ya\u015fas\u0131n Kuvayi Milliye Ruhu, Ya\u015fas\u0131n Cumhuriyet!&#8221; \u015feklinde konu\u015ftu.<\/p>\n<p>&#8220;Konserde Milli Duygular Doruklara \u00c7\u0131kt\u0131&#8221;<\/p>\n<p>Daha sonra sahneye \u00e7\u0131kan sanat\u00e7\u0131 K\u0131ra\u00e7, birbirinden g\u00fczel \u015fark\u0131lar\u0131yla co\u015fturdu.<\/p>\n<p>Ba\u015fkan Y\u0131lmaz, sahne performans\u0131yla unutulmaz bir konsere imza atan sanat\u00e7\u0131 K\u0131ra\u00e7&#8217;a g\u00fcn\u00fcn an\u0131s\u0131na Orhun Kitabelerinin minyat\u00fcr \u00f6rne\u011fi ile te\u015fekk\u00fcr plaketi ve \u00e7i\u00e7ek takdim etti.<\/p>\n<p>Elinde T\u00fcrk bayraklar\u0131yla alan\u0131 dolduran binlerce Mersinli ise Ba\u015fkan Y\u0131lmaz ve sanat\u00e7\u0131 K\u0131ra\u00e7 ile birlikte \u0130zmir Mar\u015f\u0131&#8217;n\u0131 hep bir a\u011f\u0131zdan s\u00f6yledi.<\/p>\n","protected":false},"excerpt":{"rendered":"<p>Toroslar Belediyesi, 30 A\u011fustos Zafer Bayram\u0131&#8217;n\u0131n 100. y\u0131l d\u00f6n\u00fcm\u00fc kapsam\u0131nda il\u00e7enin d\u00f6rt bir yan\u0131nda d\u00fczenledi\u011fi etkinlikler ile zafer co\u015fkusunu zirveye ta\u015f\u0131yor. T\u00fcrk Rock M\u00fczi\u011finin sevilen sanat\u00e7\u0131s\u0131 K\u0131ra\u00e7, Toroslar&#8217;da sahne alarak &hellip; <a href=\"https:\/\/akdenizolaygazetesi.com\/?p=20625\" class=\"more-link\">Devam\u0131n\u0131 Oku&#8230;<\/a><\/p>\n","protected":false},"author":2,"featured_media":20626,"comment_status":"open","ping_status":"open","sticky":false,"template":"","format":"standard","meta":[],"categories":[2,3,5],"tags":[],"_links":{"self":[{"href":"https:\/\/akdenizolaygazetesi.com\/index.php?rest_route=\/wp\/v2\/posts\/20625"}],"collection":[{"href":"https:\/\/akdenizolaygazetesi.com\/index.php?rest_route=\/wp\/v2\/posts"}],"about":[{"href":"https:\/\/akdenizolaygazetesi.com\/index.php?rest_route=\/wp\/v2\/types\/post"}],"author":[{"embeddable":true,"href":"https:\/\/akdenizolaygazetesi.com\/index.php?rest_route=\/wp\/v2\/users\/2"}],"replies":[{"embeddable":true,"href":"https:\/\/akdenizolaygazetesi.com\/index.php?rest_route=%2Fwp%2Fv2%2Fcomments&post=20625"}],"version-history":[{"count":1,"href":"https:\/\/akdenizolaygazetesi.com\/index.php?rest_route=\/wp\/v2\/posts\/20625\/revisions"}],"predecessor-version":[{"id":20627,"href":"https:\/\/akdenizolaygazetesi.com\/index.php?rest_route=\/wp\/v2\/posts\/20625\/revisions\/20627"}],"wp:featuredmedia":[{"embeddable":true,"href":"https:\/\/akdenizolaygazetesi.com\/index.php?rest_route=\/wp\/v2\/media\/20626"}],"wp:attachment":[{"href":"https:\/\/akdenizolaygazetesi.com\/index.php?rest_route=%2Fwp%2Fv2%2Fmedia&parent=20625"}],"wp:term":[{"taxonomy":"category","embeddable":true,"href":"https:\/\/akdenizolaygazetesi.com\/index.php?rest_route=%2Fwp%2Fv2%2Fcategories&post=20625"},{"taxonomy":"post_tag","embeddable":true,"href":"https:\/\/akdenizolaygazetesi.com\/index.php?rest_route=%2Fwp%2Fv2%2Ftags&post=20625"}],"curies":[{"name":"wp","href":"https:\/\/api.w.org\/{rel}","templated":true}]}}