{"id":20631,"date":"2022-08-29T12:40:13","date_gmt":"2022-08-29T09:40:13","guid":{"rendered":"http:\/\/akdenizolaygazetesi.com\/?p=20631"},"modified":"2022-08-29T12:40:13","modified_gmt":"2022-08-29T09:40:13","slug":"koy-bizim-senlik-bizim-etkinlikleri-silifke-gezisini-surduruyor","status":"publish","type":"post","link":"https:\/\/akdenizolaygazetesi.com\/?p=20631","title":{"rendered":"&#8216;K\u00d6Y B\u0130Z\u0130M \u015eENL\u0130K B\u0130Z\u0130M&#8217; ETK\u0130NL\u0130KLER\u0130 S\u0130L\u0130FKE GEZ\u0130S\u0130N\u0130 S\u00dcRD\u00dcR\u00dcYOR"},"content":{"rendered":"<p>Mersin B\u00fcy\u00fck\u015fehir Belediyesi&#8217;nin Tarsus&#8217;ta ba\u015flatt\u0131\u011f\u0131 &#8216;K\u00f6y Bizim \u015eenlik Bizim&#8217; etkinlikleri Mersin&#8217;in farkl\u0131 il\u00e7elerinde de d\u00fczenleniyor. Bir taraftan Tarsus&#8217;ta etkinliklere devam ederken, di\u011fer taraftan Silifke&#8217;ye ge\u00e7en \u015fenlik ekibi, mahalle mahalle geziyor, \u00e7ocuklara mutluluk da\u011f\u0131t\u0131yor.<br \/>\nYaz tatilinde \u00e7ocuklar i\u00e7in b\u00fcy\u00fck bir e\u011flence olan \u015fenlik, bar\u0131nd\u0131rd\u0131\u011f\u0131 rengarenk i\u00e7eri\u011fi ile e\u011flenceyi \u00e7ocuklar\u0131n aya\u011f\u0131na kadar g\u00f6t\u00fcr\u00fcyor. B\u00fcy\u00fck bir otob\u00fcs ile yola \u00e7\u0131kan ekip, mahalle \u00e7ocuklar\u0131na geleneksel sokak oyunlar\u0131ndan dans etkinli\u011fine, resim yapma ve y\u00fcz boyama etkinli\u011finden kukla oyununa, \u00e7\u00f6mlek yap\u0131m at\u00f6lyesinden Karag\u00f6z-Hacivat orta oyununa kadar bir\u00e7ok etkinli\u011fi sunuyor.<br \/>\nSilifke&#8217;de ilk dura\u011f\u0131 G\u00f6kbelen Mahallesi olan ekip; \u015fenlikleri Ta\u015fucu, Atayurt, Kabasakall\u0131, Sar\u0131calar, Mara, Sar\u0131ayd\u0131n ve Kurtulu\u015f mahallelerine ta\u015f\u0131d\u0131. 5 Eyl\u00fcl&#8217;e kadar devam edecek olan \u015fenlikte ekibin daha sonraki rotas\u0131 ise s\u0131ras\u0131yla; \u0130maml\u0131, Uzuncabur\u00e7, \u00d6ren, Keben, Senir ve Saya\u011fz\u0131 mahalleleri olacak.<br \/>\n&#8220;E\u011flence, \u00e7ocuklar\u0131m\u0131z\u0131n ayaklar\u0131na kadar geldi&#8221;<br \/>\nYaz tatilinde b\u00f6yle bir e\u011flencenin d\u00fczenlenmesinin \u00e7ocuklar a\u00e7\u0131s\u0131ndan \u00e7ok iyi oldu\u011funu s\u00f6yleyen Tolga \u00c7akmak, &#8220;\u00d6zellikle \u00e7ocuklar i\u00e7in \u00e7ok g\u00fczel bir e\u011flence. \u00c7ocuklar\u0131n e\u011flenmesi \u00e7ok iyi oldu&#8221; derken, o\u011flu Arda \u00c7\u0131nar \u00c7akmak ise, &#8220;Y\u00fcz\u00fcm\u00fc boyatt\u0131m, elle bask\u0131 yapt\u0131m. Kukla izledik. Balon ald\u0131k, \u00e7ok e\u011flendim&#8221; c\u00fcmleleri ile duygular\u0131n\u0131 payla\u015ft\u0131.<br \/>\nE\u011flencenin \u00e7ocuklar\u0131n aya\u011f\u0131na kadar geldi\u011fini ifade eden Leyla Dane de, &#8220;Biz \u00e7ok memnun kald\u0131k. Silifke&#8217;de bu tarz etkinlikler pek olmuyordu. Ba\u015fkan\u0131m\u0131za da te\u015fekk\u00fcr ederiz. \u00c7ocuklar\u0131n y\u00fczleri boyand\u0131, balon da\u011f\u0131t\u0131ld\u0131. B\u00f6yle etkinlikler bizim i\u00e7in de iyi oluyor&#8221; ifadelerini kulland\u0131.<br \/>\nHilmiye G\u00fcltekin ise, &#8220;Kukla, oyun, balon, resim vard\u0131. \u00c7ocuklar \u00e7ok e\u011flendi. \u0130yi ki gelmi\u015fiz&#8221; c\u00fcmleleriyle etkinli\u011fi de\u011ferlendirdi.<\/p>\n","protected":false},"excerpt":{"rendered":"<p>Mersin B\u00fcy\u00fck\u015fehir Belediyesi&#8217;nin Tarsus&#8217;ta ba\u015flatt\u0131\u011f\u0131 &#8216;K\u00f6y Bizim \u015eenlik Bizim&#8217; etkinlikleri Mersin&#8217;in farkl\u0131 il\u00e7elerinde de d\u00fczenleniyor. Bir taraftan Tarsus&#8217;ta etkinliklere devam ederken, di\u011fer taraftan Silifke&#8217;ye ge\u00e7en \u015fenlik ekibi, mahalle mahalle geziyor, &hellip; <a href=\"https:\/\/akdenizolaygazetesi.com\/?p=20631\" class=\"more-link\">Devam\u0131n\u0131 Oku&#8230;<\/a><\/p>\n","protected":false},"author":2,"featured_media":20632,"comment_status":"open","ping_status":"open","sticky":false,"template":"","format":"standard","meta":[],"categories":[34,2,3,5],"tags":[],"_links":{"self":[{"href":"https:\/\/akdenizolaygazetesi.com\/index.php?rest_route=\/wp\/v2\/posts\/20631"}],"collection":[{"href":"https:\/\/akdenizolaygazetesi.com\/index.php?rest_route=\/wp\/v2\/posts"}],"about":[{"href":"https:\/\/akdenizolaygazetesi.com\/index.php?rest_route=\/wp\/v2\/types\/post"}],"author":[{"embeddable":true,"href":"https:\/\/akdenizolaygazetesi.com\/index.php?rest_route=\/wp\/v2\/users\/2"}],"replies":[{"embeddable":true,"href":"https:\/\/akdenizolaygazetesi.com\/index.php?rest_route=%2Fwp%2Fv2%2Fcomments&post=20631"}],"version-history":[{"count":1,"href":"https:\/\/akdenizolaygazetesi.com\/index.php?rest_route=\/wp\/v2\/posts\/20631\/revisions"}],"predecessor-version":[{"id":20633,"href":"https:\/\/akdenizolaygazetesi.com\/index.php?rest_route=\/wp\/v2\/posts\/20631\/revisions\/20633"}],"wp:featuredmedia":[{"embeddable":true,"href":"https:\/\/akdenizolaygazetesi.com\/index.php?rest_route=\/wp\/v2\/media\/20632"}],"wp:attachment":[{"href":"https:\/\/akdenizolaygazetesi.com\/index.php?rest_route=%2Fwp%2Fv2%2Fmedia&parent=20631"}],"wp:term":[{"taxonomy":"category","embeddable":true,"href":"https:\/\/akdenizolaygazetesi.com\/index.php?rest_route=%2Fwp%2Fv2%2Fcategories&post=20631"},{"taxonomy":"post_tag","embeddable":true,"href":"https:\/\/akdenizolaygazetesi.com\/index.php?rest_route=%2Fwp%2Fv2%2Ftags&post=20631"}],"curies":[{"name":"wp","href":"https:\/\/api.w.org\/{rel}","templated":true}]}}