{"id":20634,"date":"2022-08-29T12:41:41","date_gmt":"2022-08-29T09:41:41","guid":{"rendered":"http:\/\/akdenizolaygazetesi.com\/?p=20634"},"modified":"2022-08-29T12:41:41","modified_gmt":"2022-08-29T09:41:41","slug":"buyuk-ozveri-ve-fedakarliklarla-bugunlere-geldik","status":"publish","type":"post","link":"https:\/\/akdenizolaygazetesi.com\/?p=20634","title":{"rendered":"&#8220;B\u00fcy\u00fck \u00f6zveri ve fedakarl\u0131klarla bug\u00fcnlere geldik&#8221;"},"content":{"rendered":"<p>Mersin B\u00fcy\u00fck\u015fehir Belediyesi, 30 A\u011fustos Zafer Bayram\u0131&#8217;n\u0131n 100&#8217;\u00fcnc\u00fc y\u0131l\u0131 kapsam\u0131nda, g\u00fcnler \u00f6ncesinde ba\u015flatt\u0131\u011f\u0131 kutlama etkinlikleriyle bayram co\u015fkusunu kent geneline yaymaya devam ediyor. Bu etkinliklerin en \u00f6zeli ise, B\u00fcy\u00fck\u015fehir Belediyesi Sa\u011fl\u0131k \u0130\u015fleri Dairesi koordinesindeki Engelsiz Ya\u015fam Park\u0131&#8217;nda d\u00fczenlendi. Parkta; &#8216;Yaza Veda&#8217; ve &#8217;30 A\u011fustos Zafer Bayram\u0131&#8217; kapsam\u0131nda d\u00fczenlenen co\u015fkulu etkinlikte, \u00f6zel bireyler ve aileleri e\u015fsiz bir g\u00fcn ya\u015fad\u0131.<br \/>\n&#8220;B\u00fcy\u00fck \u00f6zveri ve fedakarl\u0131klarla bug\u00fcnlere geldik&#8221;<br \/>\nEtkinli\u011fin a\u00e7\u0131l\u0131\u015f konu\u015fmas\u0131n\u0131 yapan Engelsiz Ya\u015fam Park\u0131 Sorumlusu Bet\u00fcl Demir, &#8220;Engelsiz Ya\u015fam Park\u0131&#8217;m\u0131zda, Temmuz ve A\u011fustos aylar\u0131 boyunca ger\u00e7ekle\u015fen bir\u00e7ok etkinliklerde hep birlikte olduk. B\u00fcy\u00fck \u00f6zveri ve fedakarl\u0131klarla bug\u00fcnlere geldik. Bug\u00fcn 30 A\u011fustos Zafer Bayram\u0131 etkinlikleri kapsam\u0131nda ve &#8216;Yaza Veda&#8217; partisi \u015feklinde de etkinli\u011fimizi d\u00fczenledik&#8221; dedi.<br \/>\n&#8220;Etkinliklerimizi, Zafer Bayram\u0131&#8217;yla ta\u00e7land\u0131r\u0131yoruz&#8221;<br \/>\nMersin&#8217;de en \u00f6zel 30 A\u011fustos kutlamalar\u0131ndan birine imza att\u0131klar\u0131n\u0131 kaydeden Engelliler \u015eube M\u00fcd\u00fcr\u00fc Abdullah Gerbo\u011fa, &#8220;Engelsiz Ya\u015fam Park\u0131&#8217;nda, \u00f6zel g\u00fcnleri atlamamaya \u00e7al\u0131\u015f\u0131yoruz. Bu \u015fekilde hem fark\u0131ndal\u0131\u011f\u0131 art\u0131r\u0131yor, hem de \u00f6zel bireylerimizle birlikte g\u00fczel bir etkinlik ya\u015f\u0131yoruz. 1 y\u0131l boyunca burada \u00e7ok g\u00fczel etkinlikler yapt\u0131k. Zafer Bayram\u0131&#8217;yla da bug\u00fcn bunu ta\u00e7land\u0131r\u0131yoruz&#8221; diye konu\u015ftu.<br \/>\n&#8220;\u00c7ocuklar burada kendini \u00f6zel bir birey olarak hissediyor&#8221;<br \/>\n\u00d6zel gereksinimli o\u011flu Selim&#8217;le birlikte co\u015fku dolu anlar\u0131n tad\u0131n\u0131 \u00e7\u0131karan Talip Kaya, 1 y\u0131ld\u0131r park\u0131n \u00fcyesi olduklar\u0131n\u0131 belirterek, &#8220;Burada bocce, spor, y\u00fczme dersleri etkinliklerine kat\u0131l\u0131yoruz. \u00c7ocu\u011fum hem konu\u015fma, hem de spor bak\u0131m\u0131ndan \u00e7ok ilerledi. Burada arkada\u015flar\u0131yla beraber \u00e7ok uyumlu, \u00f6\u011fretmenleri de \u00e7ok yard\u0131mc\u0131 oluyor&#8221; diye konu\u015ftu.<br \/>\nSMA Tip 2 hastas\u0131 Mert Suat&#8217;\u0131n annesi Fatma Korulmaz, &#8220;Buran\u0131n \u00e7ok faydas\u0131n\u0131 g\u00f6rd\u00fck. \u00c7ocu\u011fum burada kendini \u00f6zel bir birey olarak hissetti. Di\u011fer \u00e7ocuklardan bir fark\u0131 olmad\u0131\u011f\u0131n\u0131 hissetti. Bu bizim i\u00e7in \u00e7ok \u00f6nemli. Bu etkinlik i\u00e7in de ayr\u0131ca te\u015fekk\u00fcr ediyoruz&#8221; dedi.<br \/>\n&#8220;Ebeveynlere y\u00f6nelik de aktiviteler var&#8221;<br \/>\n\u00d6zel gereksinimli 8 ya\u015f\u0131ndaki Furkan Eymen&#8217;in annesi \u015eeyma Y\u0131ld\u0131z\u00e7elik, &#8220;Burada b\u00fct\u00fcn \u00e7ocuklara e\u015fit imkan sa\u011flamaya \u00e7al\u0131\u015f\u0131yorlar. Sadece \u00e7ocuklara y\u00f6nelik de\u011fil, annelere y\u00f6nelik de etkinlikler var. O da bizim i\u00e7in \u00e7ok b\u00fcy\u00fck bir avantaj oldu. \u00c7ocu\u011fumuz drama dersindeyken; biz de pilates, el i\u015fleri, makrome gibi dersleri alabildik&#8221; ifadelerini kulland\u0131.<br \/>\nYana\u011f\u0131na yapt\u0131\u011f\u0131 boyama ile g\u00fcl\u00fc\u015f\u00fcn\u00fc daha da renklendiren ve etkinli\u011fe ne\u015fe sa\u00e7an 14 ya\u015f\u0131ndaki \u00f6zel gereksinimli Dilara Sa\u00e7u, &#8220;Bug\u00fcn en mutlu g\u00fcn\u00fcm. Burada Zafer Bayram\u0131&#8217;n\u0131 kutluyoruz. Arkada\u015flar\u0131mla birlikte \u00e7ok e\u011flendik. Zaten y\u00fcz boyas\u0131 da yapt\u0131m, pamuk \u015feker de yedim ama doymad\u0131m. Ke\u015fke bir tane daha verseler ama yiyemem, \u00e7\u00fcnk\u00fc di\u015fim \u00e7\u00fcr\u00fcr&#8221; diye konu\u015ftu.<br \/>\nDans ve oyunlarda keyif dolu anlar ya\u015fayanlardan birisi de, 27 ya\u015f\u0131ndaki \u00f6zel gereksinimli birey Veli Erciyas oldu. Erciyas ya\u015fad\u0131\u011f\u0131 co\u015fkuyu, &#8220;1 senedir buraday\u0131m. Halk oyunu var, resim var, boccemiz var, bedenimiz var. Havuzu kullan\u0131yoruz \u015fu anda. Bug\u00fcn \u00e7ok g\u00fczel e\u011fleniyoruz. Bug\u00fcn 30 A\u011fustos Zafer Bayram\u0131. Atat\u00fcrk&#8217;\u00fcm\u00fcz\u00fc \u00e7ok severiz. Atat\u00fcrk olmasa, biz burada bulunamazd\u0131k. Zaferi o getirdi \u00e7\u00fcnk\u00fc&#8221; \u015feklinde konu\u015ftu.<br \/>\nMersin \u00dcniversitesi Resim \u00d6\u011fretmenli\u011fi b\u00f6l\u00fcm\u00fc \u00f6\u011frencisi 24 ya\u015f\u0131ndaki H\u00fcseyin Erg\u00fcn ise, &#8220;Buraya y\u00fczme kursuna geliyorum. \u015eimdi yaza elveda partisi ve 30 A\u011fustos kutlamas\u0131na kat\u0131ld\u0131m. Burada arkada\u015flar\u0131m\u0131zla kayna\u015f\u0131yor ve sosyalle\u015fiyoruz&#8221; ifadeleriyle duygular\u0131n\u0131 dile getirdi.<\/p>\n","protected":false},"excerpt":{"rendered":"<p>Mersin B\u00fcy\u00fck\u015fehir Belediyesi, 30 A\u011fustos Zafer Bayram\u0131&#8217;n\u0131n 100&#8217;\u00fcnc\u00fc y\u0131l\u0131 kapsam\u0131nda, g\u00fcnler \u00f6ncesinde ba\u015flatt\u0131\u011f\u0131 kutlama etkinlikleriyle bayram co\u015fkusunu kent geneline yaymaya devam ediyor. Bu etkinliklerin en \u00f6zeli ise, B\u00fcy\u00fck\u015fehir Belediyesi Sa\u011fl\u0131k &hellip; <a href=\"https:\/\/akdenizolaygazetesi.com\/?p=20634\" class=\"more-link\">Devam\u0131n\u0131 Oku&#8230;<\/a><\/p>\n","protected":false},"author":2,"featured_media":20635,"comment_status":"open","ping_status":"open","sticky":false,"template":"","format":"standard","meta":[],"categories":[8,34,1,2,3,5],"tags":[],"_links":{"self":[{"href":"https:\/\/akdenizolaygazetesi.com\/index.php?rest_route=\/wp\/v2\/posts\/20634"}],"collection":[{"href":"https:\/\/akdenizolaygazetesi.com\/index.php?rest_route=\/wp\/v2\/posts"}],"about":[{"href":"https:\/\/akdenizolaygazetesi.com\/index.php?rest_route=\/wp\/v2\/types\/post"}],"author":[{"embeddable":true,"href":"https:\/\/akdenizolaygazetesi.com\/index.php?rest_route=\/wp\/v2\/users\/2"}],"replies":[{"embeddable":true,"href":"https:\/\/akdenizolaygazetesi.com\/index.php?rest_route=%2Fwp%2Fv2%2Fcomments&post=20634"}],"version-history":[{"count":1,"href":"https:\/\/akdenizolaygazetesi.com\/index.php?rest_route=\/wp\/v2\/posts\/20634\/revisions"}],"predecessor-version":[{"id":20636,"href":"https:\/\/akdenizolaygazetesi.com\/index.php?rest_route=\/wp\/v2\/posts\/20634\/revisions\/20636"}],"wp:featuredmedia":[{"embeddable":true,"href":"https:\/\/akdenizolaygazetesi.com\/index.php?rest_route=\/wp\/v2\/media\/20635"}],"wp:attachment":[{"href":"https:\/\/akdenizolaygazetesi.com\/index.php?rest_route=%2Fwp%2Fv2%2Fmedia&parent=20634"}],"wp:term":[{"taxonomy":"category","embeddable":true,"href":"https:\/\/akdenizolaygazetesi.com\/index.php?rest_route=%2Fwp%2Fv2%2Fcategories&post=20634"},{"taxonomy":"post_tag","embeddable":true,"href":"https:\/\/akdenizolaygazetesi.com\/index.php?rest_route=%2Fwp%2Fv2%2Ftags&post=20634"}],"curies":[{"name":"wp","href":"https:\/\/api.w.org\/{rel}","templated":true}]}}