{"id":2064,"date":"2020-11-04T18:22:33","date_gmt":"2020-11-04T15:22:33","guid":{"rendered":"http:\/\/mersinekonomipolitikagazetesi.com\/?p=2064"},"modified":"2020-11-04T18:22:33","modified_gmt":"2020-11-04T15:22:33","slug":"mersin-barosunda-yeni-baskan-bilgin-yesilbogaz","status":"publish","type":"post","link":"https:\/\/akdenizolaygazetesi.com\/?p=2064","title":{"rendered":"Mersin Barosu&#8217;nda yeni  ba\u015fkan Bilgin Ye\u015filbo\u011faz"},"content":{"rendered":"<p>Mersin Barosu\u2019nun ola\u011fan\u00fcst\u00fc genel kurulunda, Bilgin Ye\u015filbo\u011faz ba\u015fkanl\u0131\u011fa se\u00e7ildi.<\/p>\n<p>Mersin Barosu G\u00f6kdelen Hizmet Biriminde ger\u00e7ekle\u015f ba\u015fkanl\u0131k se\u00e7iminde avukatlar 5 sand\u0131kta oy kulland\u0131. Sabah ba\u015flayan ve saat 17.00\u2019da biten oy verme i\u015fleminin ard\u0131ndan yap\u0131lan say\u0131mda, Bilgin Ye\u015filbo\u011faz 787 oyla Mersin Barosu\u2019nun yeni ba\u015fkan\u0131 se\u00e7ilirken, di\u011fer aday Gazi \u00d6zdemir ise 581 oy ald\u0131.\u00a0<br \/>\nSe\u00e7imin ard\u0131ndan te\u015fekk\u00fcr konu\u015fmas\u0131 yapan Ye\u015filbo\u011faz, \u201cMersin Barosu\u2019na yak\u0131\u015f\u0131r bir \u015fekilde se\u00e7im s\u00fcreci y\u00fcr\u00fcten de\u011ferli meslekta\u015flar\u0131ma te\u015fekk\u00fcr ediyorum. Bu s\u00fcrecin en iyi y\u00fcr\u00fct\u00fclmesi i\u00e7in elinden gelen \u00e7abay\u0131 g\u00f6steren de\u011ferli divan \u00fcyelerimizi tebrik ediyorum, te\u015fekk\u00fcr ediyorum. \u015eu anda alm\u0131\u015f oldu\u011fumuz g\u00f6revle birlikte \u00fczerimizdeki y\u00fck bir kat daha artm\u0131\u015ft\u0131r. D\u00fcn s\u00f6z verdi\u011fimiz gibi adalet, hukuk ve \u00f6zg\u00fcrl\u00fckler ad\u0131na barolar\u0131n vermi\u015f oldu\u011fu m\u00fccadeleye bir nefer olmak i\u00e7in yola \u00e7\u0131kt\u0131k. Mersin Barosu\u2019nun her zamanki \u00f6nc\u00fc, ilerici, demokrat, Atat\u00fcrk\u00e7\u00fc kimli\u011fine yeniden kavu\u015fmas\u0131 i\u00e7in bu ba\u015fkanl\u0131\u011fa talip olduk ve sizlerin sayesinde ger\u00e7ekle\u015ftirdik. Yapacaklar\u0131m\u0131z asl\u0131nda \u015fimdi ba\u015fl\u0131yor. Mersin Barosu\u2019nu, hep birlikte oldu\u011fumuz s\u00fcrece en iyi \u015fekilde ileriye g\u00f6t\u00fcrece\u011fimize inan\u0131yorum. Hepinize emeklerinizden dolay\u0131 tebrik ediyorum, te\u015fekk\u00fcr ediyorum\u201d dedi.\u00a0<\/p>\n","protected":false},"excerpt":{"rendered":"<p>Mersin Barosu\u2019nun ola\u011fan\u00fcst\u00fc genel kurulunda, Bilgin Ye\u015filbo\u011faz ba\u015fkanl\u0131\u011fa se\u00e7ildi. Mersin Barosu G\u00f6kdelen Hizmet Biriminde ger\u00e7ekle\u015f ba\u015fkanl\u0131k se\u00e7iminde avukatlar 5 sand\u0131kta oy kulland\u0131. Sabah ba\u015flayan ve saat 17.00\u2019da biten oy verme &hellip; <a href=\"https:\/\/akdenizolaygazetesi.com\/?p=2064\" class=\"more-link\">Devam\u0131n\u0131 Oku&#8230;<\/a><\/p>\n","protected":false},"author":1,"featured_media":0,"comment_status":"open","ping_status":"open","sticky":false,"template":"","format":"standard","meta":[],"categories":[],"tags":[],"_links":{"self":[{"href":"https:\/\/akdenizolaygazetesi.com\/index.php?rest_route=\/wp\/v2\/posts\/2064"}],"collection":[{"href":"https:\/\/akdenizolaygazetesi.com\/index.php?rest_route=\/wp\/v2\/posts"}],"about":[{"href":"https:\/\/akdenizolaygazetesi.com\/index.php?rest_route=\/wp\/v2\/types\/post"}],"author":[{"embeddable":true,"href":"https:\/\/akdenizolaygazetesi.com\/index.php?rest_route=\/wp\/v2\/users\/1"}],"replies":[{"embeddable":true,"href":"https:\/\/akdenizolaygazetesi.com\/index.php?rest_route=%2Fwp%2Fv2%2Fcomments&post=2064"}],"version-history":[{"count":0,"href":"https:\/\/akdenizolaygazetesi.com\/index.php?rest_route=\/wp\/v2\/posts\/2064\/revisions"}],"wp:attachment":[{"href":"https:\/\/akdenizolaygazetesi.com\/index.php?rest_route=%2Fwp%2Fv2%2Fmedia&parent=2064"}],"wp:term":[{"taxonomy":"category","embeddable":true,"href":"https:\/\/akdenizolaygazetesi.com\/index.php?rest_route=%2Fwp%2Fv2%2Fcategories&post=2064"},{"taxonomy":"post_tag","embeddable":true,"href":"https:\/\/akdenizolaygazetesi.com\/index.php?rest_route=%2Fwp%2Fv2%2Ftags&post=2064"}],"curies":[{"name":"wp","href":"https:\/\/api.w.org\/{rel}","templated":true}]}}