{"id":2065,"date":"2020-11-04T18:22:34","date_gmt":"2020-11-04T15:22:34","guid":{"rendered":"http:\/\/mersinekonomipolitikagazetesi.com\/?p=2065"},"modified":"2020-11-04T18:22:34","modified_gmt":"2020-11-04T15:22:34","slug":"30-milyon-yolcu-kapasitesi-ile-turkiyenin-ikinci-buyuk-hava-limani-olacak","status":"publish","type":"post","link":"https:\/\/akdenizolaygazetesi.com\/?p=2065","title":{"rendered":"&#8220;30 milyon yolcu kapasitesi ile T\u00fcrkiye&#8217;nin ikinci b\u00fcy\u00fck hava liman\u0131 olacak&#8221;"},"content":{"rendered":"<p>Kalk\u0131nma Bakan\u0131 L\u00fctfi Elvan, \u00c7ukurova Hava Liman\u0131&#8217;n\u0131n 30 milyon yolcu kapasitesi ile T\u00fcrkiye&#8217;nin ikinci b\u00fcy\u00fck hava liman\u0131 olaca\u011f\u0131n\u0131 belirterek, &#8220;Hedefimiz 2019 y\u0131l\u0131nda \u00c7ukurova B\u00f6lgesel Hava Liman\u0131&#8217;n\u0131 t\u00fcm T\u00fcrkiye&#8217;nin hizmetine sunmak&#8221; dedi.<\/p>\n<p><span style=\"line-height: 1.6em;\">Bakan Elvan, Vali Ali \u0130hsan Su ile birlikte Mersin&#8217;in Tarsus il\u00e7esinde yap\u0131m\u0131 devam eden \u00c7ukurova B\u00f6lgesel Hava Liman\u0131 in\u015faat\u0131nda incelemelerde bulundu. Y\u00fcklenici firma temsilcilerinden \u00e7al\u0131\u015fmalarla ilgili brifing alan Elvan, daha sonra in\u015faat sahas\u0131n\u0131 gezdi, terminal binas\u0131 ve ana pistteki betonlama \u00e7al\u0131\u015fmalar\u0131n\u0131 yerinde inceledi.\u00a0<\/span><\/p>\n<p>Elvan, incelemelerinin ard\u0131ndan gazetecilere yapt\u0131\u011f\u0131 a\u00e7\u0131klamada, \u00c7ukurova Hava Liman\u0131&#8217;n\u0131n 30 milyon yolcu kapasitesi ile T\u00fcrkiye&#8217;nin ikinci b\u00fcy\u00fck hava liman\u0131 olaca\u011f\u0131n\u0131 s\u00f6yledi. Hava liman\u0131nda son derece yo\u011fun bir \u00e7al\u0131\u015fma y\u00fcr\u00fct\u00fcld\u00fc\u011f\u00fcn\u00fc belirten Elvan, &#8220;Her hangi bir aksakl\u0131k s\u00f6z konusu de\u011fil. Hedefimiz 2019 y\u0131l\u0131nda \u00c7ukurova B\u00f6lgesel Hava Liman\u0131&#8217;n\u0131n t\u00fcm T\u00fcrkiye&#8217;nin hizmetine sunmak&#8221; diye konu\u015ftu.\u00a0<\/p>\n<p>&#8220;A\u011fustos&#8217;ta alt yap\u0131 bitirilmi\u015f olacak&#8221;<br \/>\n\u00a0<br \/>\nHava liman\u0131 in\u015faat\u0131nda alt yap\u0131 ile ilgili \u00e7al\u0131\u015fmalar\u0131n b\u00fcy\u00fck oranda tamamland\u0131\u011f\u0131n\u0131 dile getiren Elvan, &#8220;\u015eu anda ana pistin betonlama \u00e7al\u0131\u015fmalar\u0131 devam ediyor. \u0130ki pist olacak. Bunlar\u0131n biri ana pist, di\u011feri ise yedek olarak kullan\u0131labilecek pist. Bunun d\u0131\u015f\u0131nda 9 adet taksi yolu olacak. Hem yolcu u\u00e7aklar\u0131 i\u00e7in bir apron olacak hem kargo u\u00e7aklar\u0131 i\u00e7in hem de \u00f6zel u\u00e7aklar i\u00e7in birer apron olacak. Pistimizin uzunlu\u011fu 3 bin 500 metre ve 60 metre eninde olacak. Bu pistin alt\u0131nda yakla\u015f\u0131k 4 metre dolgu var. Bunlar\u0131n tamam\u0131 bitirilmi\u015f durumda, apronlar\u0131n ve taksi yollar\u0131n\u0131n alt yap\u0131s\u0131 bitirilmi\u015f durumda. Sadece betonlama \u00e7al\u0131\u015fmas\u0131 kald\u0131. Hava s\u0131cakl\u0131\u011f\u0131 nedeniyle daha \u00e7ok gece betonlama \u00e7al\u0131\u015fmalar\u0131 y\u00fcr\u00fct\u00fcl\u00fcyor. \u0130n\u015fallah a\u011fustos ay\u0131nda alt yap\u0131 hemen hemen bitirilmi\u015f olacak&#8221; ifadelerini kulland\u0131.\u00a0<\/p>\n<p>&#8220;\u00dcst yap\u0131 \u00e7al\u0131\u015fmalar\u0131 ba\u015flad\u0131&#8221;<br \/>\n\u00a0<br \/>\n\u00dcst yap\u0131n\u0131n da ihalesine \u00e7\u0131k\u0131ld\u0131\u011f\u0131n\u0131 ve \u00fcst yap\u0131 \u00e7al\u0131\u015fmalar\u0131na s\u00fcratle ba\u015fland\u0131\u011f\u0131n\u0131 kaydeden Elvan, &#8220;Ana terminalde betonlama \u00e7al\u0131\u015fmas\u0131 devam ediyor. Terminal binas\u0131 145 bin metrekarelik bir alana oturmu\u015f durumda. Bunun anlam\u0131, 500 bin metrekarenin \u00fczerinde kapal\u0131 alan olacak demektir. 3 ile 5 kat aras\u0131nda de\u011fi\u015fen bir terminal binam\u0131z olacak. Dolay\u0131s\u0131yla 500 bin metrekare kapal\u0131 alan olacak ve T\u00fcrkiye&#8217;nin ikinci b\u00fcy\u00fck hava liman\u0131 olacak. O a\u00e7\u0131dan biz \u00e7ok \u00f6nemsiyoruz. \u00dcst yap\u0131 ile ilgili de \u00e7al\u0131\u015fmalar yo\u011fun bir \u015fekilde devam ediyor. Bayramdan sonra in\u015fallah yo\u011funluk daha da artacak. \u015eu anda 500 civar\u0131nda i\u015f\u00e7i \u00e7al\u0131\u015f\u0131yor, bayramdan sonra bu say\u0131 bin 500&#8217;e \u00e7\u0131kacak. Ve s\u00fcratle \u00fcst yap\u0131y\u0131 da tamamlayaca\u011f\u0131z&#8221; \u015feklinde konu\u015ftu.\u00a0<br \/>\n&#8220;Ba\u011flant\u0131 yollar\u0131 yap\u0131l\u0131yor&#8221;\u00a0<br \/>\nTerminal binas\u0131nda yurt d\u0131\u015f\u0131 ve yurt i\u00e7i olmak \u00fczere iki ayr\u0131 b\u00f6l\u00fcm\u00fcn olaca\u011f\u0131n\u0131 ve ikisinin aras\u0131nda ise bir otel kompleksi olaca\u011f\u0131n\u0131 belirten Elvan, onun yan\u0131nda itfaiye ve g\u00fcvenlik gibi binalar\u0131n da burada yer alaca\u011f\u0131n\u0131 s\u00f6yledi. Havaalan\u0131n\u0131n toplam oturma alan\u0131n\u0131n 8 milyon metre kare oldu\u011funu ifade eden Elvan, &#8220;\u00c7evresi ise 17 kilometre olacak. \u00d6zellikle g\u00fcvenlik ama\u00e7l\u0131 bir yol yap\u0131m\u0131 olacak. G\u00fcnde burada 17 bin ton dolgu yap\u0131l\u0131yor. Bir di\u011fer husus ise havaalan\u0131n ula\u015f\u0131m ba\u011flant\u0131s\u0131. A\u015fa\u011f\u0131 yukar\u0131 17 kilometrelik bir ba\u011flant\u0131 yolunun ihalesini ger\u00e7ekle\u015ftirdik. Y\u00fcklenici firma \u00e7al\u0131\u015fmalar\u0131na yo\u011fun bir \u015fekilde devam ediyor. Bu ba\u011flant\u0131 yolunun hem otoyola hem de D-400 devlet yoluna ba\u011flant\u0131lar\u0131n\u0131n dolgu i\u015flemleri tamamlanm\u0131\u015f durum. 8 k\u00f6pr\u00fcden ikisi de bitirilmi\u015f durumda. S\u00fcratle bu yolunda tamamlanmas\u0131 i\u00e7in \u00e7al\u0131\u015fmalar s\u00fcr\u00fcyor. \u0130n\u015fallah havaalan\u0131n\u0131n tamamlanmas\u0131yla birlikte hem otoyola hem de D-400&#8217;e ba\u011flant\u0131 yollar\u0131m\u0131z\u0131 da a\u00e7m\u0131\u015f olaca\u011f\u0131z&#8221; dedi.\u00a0<\/p>\n<p>&#8220;Havaalan\u0131na h\u0131zl\u0131 tren ula\u015f\u0131m\u0131 sa\u011flanacak&#8221;<br \/>\n\u00a0<br \/>\n\u00c7ukurova B\u00f6lgesel Hava Liman\u0131&#8217;n\u0131n bir ba\u015fka \u00f6zelli\u011finin de ula\u015f\u0131m alt yap\u0131s\u0131 itibar\u0131yla, karayolu d\u0131\u015f\u0131nda demir yolu ba\u011flant\u0131s\u0131n\u0131n da olaca\u011f\u0131n\u0131 kaydeden Elvan, \u015f\u00f6yle devam etti; &#8220;Mersin ile Adana aras\u0131nda h\u0131zl\u0131 tren alt yap\u0131s\u0131n\u0131 yap\u0131yoruz. \u015eu anda mevcut 2 olan hatt\u0131m\u0131z\u0131 d\u00f6rde \u00e7\u0131kar\u0131yoruz. Bununla ilgili \u00e7al\u0131\u015fmalar\u0131m\u0131z\u0131n y\u00fczde 60&#8217;\u0131n\u0131 tamamlad\u0131k. Adana ile Mersin aras\u0131nda olu\u015facak olan h\u0131zl\u0131 tren hatt\u0131ndan 9 kilometrelik bir ba\u011flant\u0131 ger\u00e7ekle\u015ftiriyoruz. Bu 9 kilometrelik h\u0131zl\u0131 tren hatt\u0131n\u0131 da havaalan\u0131na ba\u011flayaca\u011f\u0131z. B\u00f6ylelikle Adana ve Mersin&#8217;den h\u0131zl\u0131 trenle havaalan\u0131na 15-20 dakikada ula\u015f\u0131labilinecek. \u0130n\u015fallah 2019 y\u0131l\u0131nda t\u00fcm vatanda\u015flar\u0131m\u0131z\u0131n hizmetine sunaca\u011f\u0131z. Yat\u0131r\u0131mlar\u0131m\u0131z tam gaz s\u00fcr\u00fcyor, T\u00fcrkiye b\u00fcy\u00fcmeye ve g\u00fc\u00e7lenmeye devam ediyor. Kimse kayg\u0131 i\u00e7inde olmas\u0131n. Bu mega projeleri yap\u0131yoruz, bundan sonra da yapmaya devam edece\u011fiz.&#8221;\u00a0<\/p>\n","protected":false},"excerpt":{"rendered":"<p>Kalk\u0131nma Bakan\u0131 L\u00fctfi Elvan, \u00c7ukurova Hava Liman\u0131&#8217;n\u0131n 30 milyon yolcu kapasitesi ile T\u00fcrkiye&#8217;nin ikinci b\u00fcy\u00fck hava liman\u0131 olaca\u011f\u0131n\u0131 belirterek, &#8220;Hedefimiz 2019 y\u0131l\u0131nda \u00c7ukurova B\u00f6lgesel Hava Liman\u0131&#8217;n\u0131 t\u00fcm T\u00fcrkiye&#8217;nin hizmetine sunmak&#8221; &hellip; <a href=\"https:\/\/akdenizolaygazetesi.com\/?p=2065\" class=\"more-link\">Devam\u0131n\u0131 Oku&#8230;<\/a><\/p>\n","protected":false},"author":1,"featured_media":0,"comment_status":"open","ping_status":"open","sticky":false,"template":"","format":"standard","meta":[],"categories":[],"tags":[],"_links":{"self":[{"href":"https:\/\/akdenizolaygazetesi.com\/index.php?rest_route=\/wp\/v2\/posts\/2065"}],"collection":[{"href":"https:\/\/akdenizolaygazetesi.com\/index.php?rest_route=\/wp\/v2\/posts"}],"about":[{"href":"https:\/\/akdenizolaygazetesi.com\/index.php?rest_route=\/wp\/v2\/types\/post"}],"author":[{"embeddable":true,"href":"https:\/\/akdenizolaygazetesi.com\/index.php?rest_route=\/wp\/v2\/users\/1"}],"replies":[{"embeddable":true,"href":"https:\/\/akdenizolaygazetesi.com\/index.php?rest_route=%2Fwp%2Fv2%2Fcomments&post=2065"}],"version-history":[{"count":0,"href":"https:\/\/akdenizolaygazetesi.com\/index.php?rest_route=\/wp\/v2\/posts\/2065\/revisions"}],"wp:attachment":[{"href":"https:\/\/akdenizolaygazetesi.com\/index.php?rest_route=%2Fwp%2Fv2%2Fmedia&parent=2065"}],"wp:term":[{"taxonomy":"category","embeddable":true,"href":"https:\/\/akdenizolaygazetesi.com\/index.php?rest_route=%2Fwp%2Fv2%2Fcategories&post=2065"},{"taxonomy":"post_tag","embeddable":true,"href":"https:\/\/akdenizolaygazetesi.com\/index.php?rest_route=%2Fwp%2Fv2%2Ftags&post=2065"}],"curies":[{"name":"wp","href":"https:\/\/api.w.org\/{rel}","templated":true}]}}