{"id":20658,"date":"2022-08-30T12:59:36","date_gmt":"2022-08-30T09:59:36","guid":{"rendered":"http:\/\/akdenizolaygazetesi.com\/?p=20658"},"modified":"2022-08-30T12:59:36","modified_gmt":"2022-08-30T09:59:36","slug":"baskan-secerden-30-agustos-zafer-bayrami-mesaji","status":"publish","type":"post","link":"https:\/\/akdenizolaygazetesi.com\/?p=20658","title":{"rendered":"BA\u015eKAN SE\u00c7ER&#8217;DEN 30 A\u011eUSTOS ZAFER BAYRAMI MESAJI"},"content":{"rendered":"<p>Mersin B\u00fcy\u00fck\u015fehir Belediye Ba\u015fkan\u0131 Vahap Se\u00e7er, 30 A\u011fustos Zafer Bayram\u0131&#8217;n\u0131n 100. Y\u0131ld\u00f6n\u00fcm\u00fc dolay\u0131s\u0131yla bir mesaj yay\u0131nlad\u0131. Ba\u015fkan Se\u00e7er&#8217;in mesaj\u0131 \u015f\u00f6yle:<\/p>\n<p>&#8220;Gazi Mustafa Kemal Atat\u00fcrk&#8217;\u00fcn \u00f6nderli\u011finde, 30 A\u011fustos 1922&#8217;de zaferle ta\u00e7lanan Ba\u015fkomutanl\u0131k Meydan Sava\u015f\u0131 ile Anadolu i\u015fgalden kurtar\u0131lm\u0131\u015f, milletimiz h\u00fcr ve ba\u011f\u0131ms\u0131z ya\u015fama onuruna kavu\u015fmu\u015ftur.<br \/>\nMilli M\u00fccadelemiz ve ard\u0131ndan \u00e7a\u011fda\u015fla\u015fma yolunda verilmi\u015f olan t\u00fcm m\u00fccadeleler, \u00f6nemli tarihi derslerle doludur.<br \/>\nBizler, hepimize emanet olarak b\u0131rak\u0131lm\u0131\u015f olan muas\u0131r medeniyet hedefinden hi\u00e7 ayr\u0131lmadan, akl\u0131n ve bilimin \u00f6nc\u00fcl\u00fc\u011f\u00fcnde; ba\u011f\u0131ms\u0131zl\u0131\u011f\u0131m\u0131za, cumhuriyetimize ve onun de\u011ferlerine sonsuza dek sahip \u00e7\u0131kmak i\u00e7in var g\u00fcc\u00fcm\u00fczle \u00e7al\u0131\u015f\u0131yoruz.<br \/>\nCumhuriyetimizin ikinci y\u00fczy\u0131l\u0131na ad\u0131m ad\u0131m yakla\u015ft\u0131\u011f\u0131m\u0131z bug\u00fcnlerde,  Ulu \u00d6nder Mustafa Kemal Atat\u00fcrk ve arkada\u015flar\u0131 taraf\u0131ndan sa\u011flam temeller \u00fczerine kurulmu\u015f olan Cumhuriyetimizi, ikinci y\u00fczy\u0131l\u0131nda b\u00fct\u00fcn\u00fcyle demokratikle\u015ftirmenin tarihsel bir zorunluluk oldu\u011funu \u00e7ok iyi biliyoruz.<br \/>\nBu bilin\u00e7 ve sorumlulukla, birlik ve beraberlik i\u00e7inde Mersin&#8217;e ve \u00fclkemize de\u011fer katacak, refah seviyesini y\u00fckseltecek proje ve uygulamalar\u0131m\u0131z\u0131 vatanda\u015flar\u0131m\u0131z\u0131n hizmetine sunuyoruz.<br \/>\nE\u015fsiz zaferin y\u00fcz\u00fcnc\u00fc y\u0131l\u0131na kavu\u015fman\u0131n verdi\u011fi onur ve mutlulukla, Cumhuriyetimizin kurucusu Ulu \u00d6nder Mustafa Kemal Atat\u00fcrk ba\u015fta olmak \u00fczere, \u00fczerinde ya\u015fad\u0131\u011f\u0131m\u0131z topraklar\u0131 bizlere vatan yapan t\u00fcm kahramanlar\u0131m\u0131z\u0131 rahmet ve minnetle an\u0131yor, vatanda\u015flar\u0131m\u0131z\u0131n 30 A\u011fustos Zafer Bayram\u0131&#8217;n\u0131 y\u00fcrekten kutluyorum.&#8221;<\/p>\n","protected":false},"excerpt":{"rendered":"<p>Mersin B\u00fcy\u00fck\u015fehir Belediye Ba\u015fkan\u0131 Vahap Se\u00e7er, 30 A\u011fustos Zafer Bayram\u0131&#8217;n\u0131n 100. Y\u0131ld\u00f6n\u00fcm\u00fc dolay\u0131s\u0131yla bir mesaj yay\u0131nlad\u0131. Ba\u015fkan Se\u00e7er&#8217;in mesaj\u0131 \u015f\u00f6yle: &#8220;Gazi Mustafa Kemal Atat\u00fcrk&#8217;\u00fcn \u00f6nderli\u011finde, 30 A\u011fustos 1922&#8217;de zaferle ta\u00e7lanan &hellip; <a href=\"https:\/\/akdenizolaygazetesi.com\/?p=20658\" class=\"more-link\">Devam\u0131n\u0131 Oku&#8230;<\/a><\/p>\n","protected":false},"author":2,"featured_media":20659,"comment_status":"open","ping_status":"open","sticky":false,"template":"","format":"standard","meta":[],"categories":[2,3,5],"tags":[],"_links":{"self":[{"href":"https:\/\/akdenizolaygazetesi.com\/index.php?rest_route=\/wp\/v2\/posts\/20658"}],"collection":[{"href":"https:\/\/akdenizolaygazetesi.com\/index.php?rest_route=\/wp\/v2\/posts"}],"about":[{"href":"https:\/\/akdenizolaygazetesi.com\/index.php?rest_route=\/wp\/v2\/types\/post"}],"author":[{"embeddable":true,"href":"https:\/\/akdenizolaygazetesi.com\/index.php?rest_route=\/wp\/v2\/users\/2"}],"replies":[{"embeddable":true,"href":"https:\/\/akdenizolaygazetesi.com\/index.php?rest_route=%2Fwp%2Fv2%2Fcomments&post=20658"}],"version-history":[{"count":1,"href":"https:\/\/akdenizolaygazetesi.com\/index.php?rest_route=\/wp\/v2\/posts\/20658\/revisions"}],"predecessor-version":[{"id":20660,"href":"https:\/\/akdenizolaygazetesi.com\/index.php?rest_route=\/wp\/v2\/posts\/20658\/revisions\/20660"}],"wp:featuredmedia":[{"embeddable":true,"href":"https:\/\/akdenizolaygazetesi.com\/index.php?rest_route=\/wp\/v2\/media\/20659"}],"wp:attachment":[{"href":"https:\/\/akdenizolaygazetesi.com\/index.php?rest_route=%2Fwp%2Fv2%2Fmedia&parent=20658"}],"wp:term":[{"taxonomy":"category","embeddable":true,"href":"https:\/\/akdenizolaygazetesi.com\/index.php?rest_route=%2Fwp%2Fv2%2Fcategories&post=20658"},{"taxonomy":"post_tag","embeddable":true,"href":"https:\/\/akdenizolaygazetesi.com\/index.php?rest_route=%2Fwp%2Fv2%2Ftags&post=20658"}],"curies":[{"name":"wp","href":"https:\/\/api.w.org\/{rel}","templated":true}]}}