{"id":20661,"date":"2022-08-30T13:01:14","date_gmt":"2022-08-30T10:01:14","guid":{"rendered":"http:\/\/akdenizolaygazetesi.com\/?p=20661"},"modified":"2022-08-30T13:01:14","modified_gmt":"2022-08-30T10:01:14","slug":"mersin-pomem-muduru-zafer-agirkayadan-ziyaret","status":"publish","type":"post","link":"https:\/\/akdenizolaygazetesi.com\/?p=20661","title":{"rendered":"Mersin POMEM M\u00fcd\u00fcr\u00fc Zafer A\u011f\u0131rkaya\u2019dan ziyaret"},"content":{"rendered":"<p>Mersin Polis Meslek E\u011fitim Merkezi M\u00fcd\u00fcr\u00fc Zafer A\u011f\u0131rkaya,  Mersin Orman B\u00f6lge M\u00fcd\u00fcr\u00fc Mustafa Yal\u00e7\u0131n\u2019\u0131 makam\u0131nda ziyaret etti. <\/p>\n<p>A\u011f\u0131rkaya, B\u00f6lge M\u00fcd\u00fcr\u00fc Yal\u00e7\u0131n\u2019a yeni g\u00f6revinin hay\u0131rl\u0131 olmas\u0131n\u0131 diledi. B\u00f6lge M\u00fcd\u00fcr\u00fc Yal\u00e7\u0131n ise ziyaretten duydu\u011fu memnuniyeti dile getirirken, Mersin Polis Meslek E\u011fitim Merkezi M\u00fcd\u00fcr\u00fc Zafer A\u011f\u0131rkaya\u2019ya ziyaret i\u00e7in te\u015fekk\u00fcr etti.<\/p>\n","protected":false},"excerpt":{"rendered":"<p>Mersin Polis Meslek E\u011fitim Merkezi M\u00fcd\u00fcr\u00fc Zafer A\u011f\u0131rkaya, Mersin Orman B\u00f6lge M\u00fcd\u00fcr\u00fc Mustafa Yal\u00e7\u0131n\u2019\u0131 makam\u0131nda ziyaret etti. A\u011f\u0131rkaya, B\u00f6lge M\u00fcd\u00fcr\u00fc Yal\u00e7\u0131n\u2019a yeni g\u00f6revinin hay\u0131rl\u0131 olmas\u0131n\u0131 diledi. B\u00f6lge M\u00fcd\u00fcr\u00fc Yal\u00e7\u0131n ise &hellip; <a href=\"https:\/\/akdenizolaygazetesi.com\/?p=20661\" class=\"more-link\">Devam\u0131n\u0131 Oku&#8230;<\/a><\/p>\n","protected":false},"author":2,"featured_media":20662,"comment_status":"open","ping_status":"open","sticky":false,"template":"","format":"standard","meta":[],"categories":[3],"tags":[],"_links":{"self":[{"href":"https:\/\/akdenizolaygazetesi.com\/index.php?rest_route=\/wp\/v2\/posts\/20661"}],"collection":[{"href":"https:\/\/akdenizolaygazetesi.com\/index.php?rest_route=\/wp\/v2\/posts"}],"about":[{"href":"https:\/\/akdenizolaygazetesi.com\/index.php?rest_route=\/wp\/v2\/types\/post"}],"author":[{"embeddable":true,"href":"https:\/\/akdenizolaygazetesi.com\/index.php?rest_route=\/wp\/v2\/users\/2"}],"replies":[{"embeddable":true,"href":"https:\/\/akdenizolaygazetesi.com\/index.php?rest_route=%2Fwp%2Fv2%2Fcomments&post=20661"}],"version-history":[{"count":1,"href":"https:\/\/akdenizolaygazetesi.com\/index.php?rest_route=\/wp\/v2\/posts\/20661\/revisions"}],"predecessor-version":[{"id":20663,"href":"https:\/\/akdenizolaygazetesi.com\/index.php?rest_route=\/wp\/v2\/posts\/20661\/revisions\/20663"}],"wp:featuredmedia":[{"embeddable":true,"href":"https:\/\/akdenizolaygazetesi.com\/index.php?rest_route=\/wp\/v2\/media\/20662"}],"wp:attachment":[{"href":"https:\/\/akdenizolaygazetesi.com\/index.php?rest_route=%2Fwp%2Fv2%2Fmedia&parent=20661"}],"wp:term":[{"taxonomy":"category","embeddable":true,"href":"https:\/\/akdenizolaygazetesi.com\/index.php?rest_route=%2Fwp%2Fv2%2Fcategories&post=20661"},{"taxonomy":"post_tag","embeddable":true,"href":"https:\/\/akdenizolaygazetesi.com\/index.php?rest_route=%2Fwp%2Fv2%2Ftags&post=20661"}],"curies":[{"name":"wp","href":"https:\/\/api.w.org\/{rel}","templated":true}]}}