{"id":20667,"date":"2022-08-30T13:04:46","date_gmt":"2022-08-30T10:04:46","guid":{"rendered":"http:\/\/akdenizolaygazetesi.com\/?p=20667"},"modified":"2022-08-30T13:04:46","modified_gmt":"2022-08-30T10:04:46","slug":"buyuksehir-kariyer-merkezinin-yetenek-donusum-projesi-34-kisi-istihdama-katildi","status":"publish","type":"post","link":"https:\/\/akdenizolaygazetesi.com\/?p=20667","title":{"rendered":"B\u00dcY\u00dcK\u015eEH\u0130R KAR\u0130YER MERKEZ\u0130&#8217;N\u0130N &#8216;YETENEK D\u00d6N\u00dc\u015e\u00dcM PROJES\u0130&#8217; 34 K\u0130\u015e\u0130 \u0130ST\u0130HDAMA KATILDI"},"content":{"rendered":"<p>Mersin B\u00fcy\u00fck\u015fehir Belediyesi Kariyer Merkezi, &#8216;Yetenek D\u00f6n\u00fc\u015f\u00fcm Projesi&#8217; ile 34 ki\u015fiye istihdam kap\u0131s\u0131 aralad\u0131. Ba\u015fta Mersin \u0130l Milli E\u011fitim M\u00fcd\u00fcrl\u00fc\u011f\u00fc i\u015f birli\u011finde hayata ge\u00e7irilen proje kapsam\u0131nda a\u00e7\u0131lan 11 kursa kat\u0131lan 186 kursiyerden 119&#8217;u sertifika almaya hak kazan\u0131rken, 34 kursiyer istihdama kat\u0131ld\u0131.<br \/>\n&#8220;Mersin&#8217;de ve T\u00fcrkiye&#8217;de de\u011fi\u015fikliklerin \u00f6nc\u00fcs\u00fc olmak istiyoruz&#8221;<br \/>\nKariyer Merkezi M\u00fcd\u00fcr\u00fc Serkan \u00d6zada, pandemi ile birlikte i\u015f hayat\u0131nda baz\u0131 tan\u0131mlar\u0131n ve kavramlar\u0131n de\u011fi\u015fti\u011fini ifade ederek, &#8220;Hayat\u0131m\u0131za hibrit \u00e7al\u0131\u015fma, uzaktan \u00e7al\u0131\u015fma gibi kavramlar daha s\u0131k girmeye ba\u015flad\u0131. Bunun d\u0131\u015f\u0131nda i\u015fverenlerin adaylardan bekledi\u011fi yetkinlikler de\u011fi\u015fti.  Biz Kariyer Merkezi olarak, Mersin&#8217;de ve T\u00fcrkiye&#8217;de bu de\u011fi\u015fikliklerin \u00f6nc\u00fcs\u00fc olmak istiyoruz&#8221; dedi.<br \/>\n&#8220;Yapt\u0131\u011f\u0131m\u0131z en \u00f6nemli \u00e7al\u0131\u015fma i\u015f arama dan\u0131\u015fmanl\u0131\u011f\u0131&#8221;<br \/>\n\u0130\u015f birli\u011fi k\u00fclt\u00fcr\u00fcne \u00f6nem verdiklerini ve Mersin&#8217;de bulunan kamu kurum ve kurulu\u015flar\u0131 ile oda, STK gibi dinamiklerle \u00e7al\u0131\u015ft\u0131klar\u0131n\u0131 s\u00f6zlerine ekleyen \u00d6zada, &#8216;Yetenek D\u00f6n\u00fc\u015f\u00fcm Projesi&#8217;nin i\u015f g\u00fcc\u00fc piyasas\u0131 i\u00e7in \u00f6neminden bahsetti. \u00d6zada \u015funlar\u0131 s\u00f6yledi:<br \/>\n&#8220;Bu kurslar\u0131m\u0131zdan mezun olan adaylar\u0131m\u0131z \u0130l Milli E\u011fitim&#8217;den onayl\u0131 sertifika al\u0131yor. Bu projelerin bir\u00e7ok bile\u015feni var; bu bile\u015fenlerden bir tanesi de adaylar\u0131n meslek edinmesi. Burada ilk defa meslek edinmenin yan\u0131nda, meslek de\u011fi\u015ftirmek isteyen adaylar da kurslardan yararlanabiliyor.  Ayr\u0131ca; \u00f6zge\u00e7mi\u015f olu\u015fturma, m\u00fclakatta ba\u015far\u0131, yeni nesil i\u015f arama kanallar\u0131 gibi i\u015f arama becerileri e\u011fitimleri veriyoruz. Networking \u00e7al\u0131\u015fmalar\u0131 ile i\u015fverenlerle bulu\u015fma etkinlikleri yap\u0131yoruz. Teknik gezilerle kursiyerlerimizin kursta alm\u0131\u015f olduklar\u0131 bilgilerin, i\u015f g\u00fcc\u00fc piyasas\u0131nda nas\u0131l i\u015flendi\u011fine dair firmalar\u0131 ziyaret ediyoruz. Bunun d\u0131\u015f\u0131nda yapt\u0131\u011f\u0131m\u0131z en \u00f6nemli \u00e7al\u0131\u015fma i\u015f arama dan\u0131\u015fmanl\u0131\u011f\u0131.&#8221;<br \/>\n34 kursiyer istihdama kat\u0131ld\u0131<br \/>\n\u00d6zada, kurslarda mezun kursiyerlere i\u015f arama dan\u0131\u015fmanl\u0131\u011f\u0131 verdiklerini de belirterek, istihdam kap\u0131s\u0131 sa\u011flad\u0131klar\u0131 ki\u015filerden bahsetti. \u00d6zada, &#8220;\u0130\u015f g\u00fcc\u00fc piyasas\u0131n\u0131n ihtiya\u00e7 duydu\u011fu alanlarda kurslar veriyoruz. Bu kurslar; Finans ve Muhasebe, Y\u00f6netim ve Organizasyon, Sat\u0131\u015f ve Pazarlama, D\u0131\u015f Ticaret Lojistik, Bili\u015fim. 2022 d\u00f6neminde toplam 11 tane kursumuz var. Bu kurslara kat\u0131lan 186 \u00f6\u011frencimiz oldu. 119 mezun kursiyerimiz var. Bu da kurslar\u0131m\u0131z\u0131n ne kadar etkili oldu\u011funu g\u00f6steriyor&#8221; diye konu\u015ftu.<br \/>\n\u00d6n\u00fcm\u00fczdeki g\u00fcnlerde Mersin halk\u0131na a\u00e7\u0131k olacak bir e\u011fitim d\u00fczenlemeyi planlad\u0131klar\u0131n\u0131 da s\u00f6zlerine ekleyen \u00d6zada, &#8220;23 Eyl\u00fcl&#8217;de yeni bir program\u0131m\u0131z var. \u0130\u015f arama teknikleri e\u011fitimleri ve networklar\u0131 Mersin halk\u0131na a\u00e7mak istiyoruz. Bunun i\u00e7in Mersin Ticaret ve Sanayi Odas\u0131 ve Mersin \u00dcniversitesi&#8217;yle i\u015fbirli\u011fi yapt\u0131k. Bununla ilgili olarak, yak\u0131n tarihte program\u0131m\u0131z kamuoyu ile payla\u015f\u0131lacak&#8221; dedi.<\/p>\n","protected":false},"excerpt":{"rendered":"<p>Mersin B\u00fcy\u00fck\u015fehir Belediyesi Kariyer Merkezi, &#8216;Yetenek D\u00f6n\u00fc\u015f\u00fcm Projesi&#8217; ile 34 ki\u015fiye istihdam kap\u0131s\u0131 aralad\u0131. Ba\u015fta Mersin \u0130l Milli E\u011fitim M\u00fcd\u00fcrl\u00fc\u011f\u00fc i\u015f birli\u011finde hayata ge\u00e7irilen proje kapsam\u0131nda a\u00e7\u0131lan 11 kursa kat\u0131lan &hellip; <a href=\"https:\/\/akdenizolaygazetesi.com\/?p=20667\" class=\"more-link\">Devam\u0131n\u0131 Oku&#8230;<\/a><\/p>\n","protected":false},"author":2,"featured_media":20668,"comment_status":"open","ping_status":"open","sticky":false,"template":"","format":"standard","meta":[],"categories":[34,2,3,11],"tags":[],"_links":{"self":[{"href":"https:\/\/akdenizolaygazetesi.com\/index.php?rest_route=\/wp\/v2\/posts\/20667"}],"collection":[{"href":"https:\/\/akdenizolaygazetesi.com\/index.php?rest_route=\/wp\/v2\/posts"}],"about":[{"href":"https:\/\/akdenizolaygazetesi.com\/index.php?rest_route=\/wp\/v2\/types\/post"}],"author":[{"embeddable":true,"href":"https:\/\/akdenizolaygazetesi.com\/index.php?rest_route=\/wp\/v2\/users\/2"}],"replies":[{"embeddable":true,"href":"https:\/\/akdenizolaygazetesi.com\/index.php?rest_route=%2Fwp%2Fv2%2Fcomments&post=20667"}],"version-history":[{"count":1,"href":"https:\/\/akdenizolaygazetesi.com\/index.php?rest_route=\/wp\/v2\/posts\/20667\/revisions"}],"predecessor-version":[{"id":20669,"href":"https:\/\/akdenizolaygazetesi.com\/index.php?rest_route=\/wp\/v2\/posts\/20667\/revisions\/20669"}],"wp:featuredmedia":[{"embeddable":true,"href":"https:\/\/akdenizolaygazetesi.com\/index.php?rest_route=\/wp\/v2\/media\/20668"}],"wp:attachment":[{"href":"https:\/\/akdenizolaygazetesi.com\/index.php?rest_route=%2Fwp%2Fv2%2Fmedia&parent=20667"}],"wp:term":[{"taxonomy":"category","embeddable":true,"href":"https:\/\/akdenizolaygazetesi.com\/index.php?rest_route=%2Fwp%2Fv2%2Fcategories&post=20667"},{"taxonomy":"post_tag","embeddable":true,"href":"https:\/\/akdenizolaygazetesi.com\/index.php?rest_route=%2Fwp%2Fv2%2Ftags&post=20667"}],"curies":[{"name":"wp","href":"https:\/\/api.w.org\/{rel}","templated":true}]}}