{"id":20671,"date":"2022-08-31T12:34:49","date_gmt":"2022-08-31T09:34:49","guid":{"rendered":"http:\/\/akdenizolaygazetesi.com\/?p=20671"},"modified":"2022-08-31T12:34:49","modified_gmt":"2022-08-31T09:34:49","slug":"cukurova-basketbol-30-agustos-zaferini-kutladi","status":"publish","type":"post","link":"https:\/\/akdenizolaygazetesi.com\/?p=20671","title":{"rendered":"\u00c7UKUROVA BASKETBOL, 30 A\u011eUSTOS ZAFER\u0130&#8217;N\u0130 KUTLADI"},"content":{"rendered":"<p>\u00c7ukurova Basketbol Kul\u00fcb\u00fc (\u00c7BK) Mersin Yeni\u015fehir Belediyesi&#8217;nde Kaptan Esra Ural, &#8220;30 A\u011fustos zaferinin yakt\u0131\u011f\u0131 ate\u015f, h\u00fcrriyet azmindeki ba\u015fka milletlerin de yolunu ayd\u0131nlatm\u0131\u015ft\u0131r&#8221; dedi. <\/p>\n<p>Yeni sezon haz\u0131rl\u0131klar\u0131n\u0131 s\u00fcrd\u00fcren turuncu-lacivertli ekip, antrenman \u00f6ncesinde T\u00fcrk bayra\u011f\u0131 ve Atat\u00fcrk posteri a\u00e7arak, 30 A\u011fustos 1922&#8217;de kazan\u0131lan B\u00fcy\u00fck Taarruz Zaferi&#8217;nin 100&#8217;\u00fcnc\u00fc y\u0131ld\u00f6n\u00fcm\u00fcn\u00fc kutlad\u0131. 30 A\u011fustos&#8217;un T\u00fcrk tarihinin d\u00f6n\u00fcm noktalar\u0131ndan biri oldu\u011funa dikkat \u00e7eken Kaptan Esra Ural Topuz, &#8220;Milletimiz 30 A\u011fustos Zaferi ile vatan b\u00fct\u00fcnl\u00fc\u011f\u00fcnden ve h\u00fcrriyetinden taviz vermeyece\u011fini b\u00fct\u00fcn d\u00fcnyaya ilan etmi\u015ftir. Bu zaferin yakt\u0131\u011f\u0131 ate\u015f, h\u00fcrriyet azmindeki ba\u015fka milletlerin de yolunu ayd\u0131nlatm\u0131\u015ft\u0131r&#8221; diye konu\u015ftu.<\/p>\n<p>Teknik Koordinat\u00f6r Zafer Kalayc\u0131o\u011flu ise &#8220;Ba\u015fta bu kutlu zaferi bizlere hediye eden Ba\u015fkomutan Gazi Mustafa Kemal Atat\u00fcrk ve silah arkada\u015flar\u0131 ile tarihin her d\u00f6neminde bu topraklar\u0131 vatan yapma u\u011frunda can\u0131n\u0131 feda etmi\u015f aziz \u015fehitlerimizi rahmetle an\u0131yoruz. 30 A\u011fustos Zafer Bayram\u0131m\u0131z kutlu olsun&#8221; ifadesini kulland\u0131. <\/p>\n","protected":false},"excerpt":{"rendered":"<p>\u00c7ukurova Basketbol Kul\u00fcb\u00fc (\u00c7BK) Mersin Yeni\u015fehir Belediyesi&#8217;nde Kaptan Esra Ural, &#8220;30 A\u011fustos zaferinin yakt\u0131\u011f\u0131 ate\u015f, h\u00fcrriyet azmindeki ba\u015fka milletlerin de yolunu ayd\u0131nlatm\u0131\u015ft\u0131r&#8221; dedi. Yeni sezon haz\u0131rl\u0131klar\u0131n\u0131 s\u00fcrd\u00fcren turuncu-lacivertli ekip, antrenman &hellip; <a href=\"https:\/\/akdenizolaygazetesi.com\/?p=20671\" class=\"more-link\">Devam\u0131n\u0131 Oku&#8230;<\/a><\/p>\n","protected":false},"author":2,"featured_media":20672,"comment_status":"open","ping_status":"open","sticky":false,"template":"","format":"standard","meta":[],"categories":[3,10],"tags":[],"_links":{"self":[{"href":"https:\/\/akdenizolaygazetesi.com\/index.php?rest_route=\/wp\/v2\/posts\/20671"}],"collection":[{"href":"https:\/\/akdenizolaygazetesi.com\/index.php?rest_route=\/wp\/v2\/posts"}],"about":[{"href":"https:\/\/akdenizolaygazetesi.com\/index.php?rest_route=\/wp\/v2\/types\/post"}],"author":[{"embeddable":true,"href":"https:\/\/akdenizolaygazetesi.com\/index.php?rest_route=\/wp\/v2\/users\/2"}],"replies":[{"embeddable":true,"href":"https:\/\/akdenizolaygazetesi.com\/index.php?rest_route=%2Fwp%2Fv2%2Fcomments&post=20671"}],"version-history":[{"count":1,"href":"https:\/\/akdenizolaygazetesi.com\/index.php?rest_route=\/wp\/v2\/posts\/20671\/revisions"}],"predecessor-version":[{"id":20673,"href":"https:\/\/akdenizolaygazetesi.com\/index.php?rest_route=\/wp\/v2\/posts\/20671\/revisions\/20673"}],"wp:featuredmedia":[{"embeddable":true,"href":"https:\/\/akdenizolaygazetesi.com\/index.php?rest_route=\/wp\/v2\/media\/20672"}],"wp:attachment":[{"href":"https:\/\/akdenizolaygazetesi.com\/index.php?rest_route=%2Fwp%2Fv2%2Fmedia&parent=20671"}],"wp:term":[{"taxonomy":"category","embeddable":true,"href":"https:\/\/akdenizolaygazetesi.com\/index.php?rest_route=%2Fwp%2Fv2%2Fcategories&post=20671"},{"taxonomy":"post_tag","embeddable":true,"href":"https:\/\/akdenizolaygazetesi.com\/index.php?rest_route=%2Fwp%2Fv2%2Ftags&post=20671"}],"curies":[{"name":"wp","href":"https:\/\/api.w.org\/{rel}","templated":true}]}}