{"id":20680,"date":"2022-08-31T12:40:04","date_gmt":"2022-08-31T09:40:04","guid":{"rendered":"http:\/\/akdenizolaygazetesi.com\/?p=20680"},"modified":"2022-08-31T12:40:04","modified_gmt":"2022-08-31T09:40:04","slug":"bolge-muduru-yalcin-camliyaylada","status":"publish","type":"post","link":"https:\/\/akdenizolaygazetesi.com\/?p=20680","title":{"rendered":"B\u00f6lge M\u00fcd\u00fcr\u00fc Yal\u00e7\u0131n \u00c7aml\u0131yayla\u2019da"},"content":{"rendered":"<p>Mersin Orman B\u00f6lge M\u00fcd\u00fcr\u00fc Mustafa Yal\u00e7\u0131n, \u00c7aml\u0131yayla Orman \u0130\u015fletme M\u00fcd\u00fcrl\u00fc\u011f\u00fcnde personellerle bir araya gelerek fikir al\u0131\u015fveri\u015finde bulundu.<br \/>\nB\u00f6lge M\u00fcd\u00fcr\u00fc Yal\u00e7\u0131n\u2019\u0131 \u00c7aml\u0131yayla Orman \u0130\u015fletme M\u00fcd\u00fcr\u00fc Ali Durmaz, \u0130\u015fletme M\u00fcd\u00fcr Yard\u0131mc\u0131s\u0131 ve personeller kar\u015f\u0131lad\u0131.<br \/>\nYal\u00e7\u0131n, \u00c7aml\u0131yayla\u2019da d\u00fczenlenen toplant\u0131da mahalle muhtarlar\u0131 ve vatanda\u015flarla bir araya gelerek \u201cBiz kurum olarak vatanda\u015flar\u0131m\u0131za kolayl\u0131k sa\u011flamak i\u00e7in var\u0131z. Ormanlar hepimizin, birlikte koruyup birlikte b\u00fcy\u00fctmeye devam edece\u011fiz.\u201d ifadelerine yer verdi.<\/p>\n","protected":false},"excerpt":{"rendered":"<p>Mersin Orman B\u00f6lge M\u00fcd\u00fcr\u00fc Mustafa Yal\u00e7\u0131n, \u00c7aml\u0131yayla Orman \u0130\u015fletme M\u00fcd\u00fcrl\u00fc\u011f\u00fcnde personellerle bir araya gelerek fikir al\u0131\u015fveri\u015finde bulundu. B\u00f6lge M\u00fcd\u00fcr\u00fc Yal\u00e7\u0131n\u2019\u0131 \u00c7aml\u0131yayla Orman \u0130\u015fletme M\u00fcd\u00fcr\u00fc Ali Durmaz, \u0130\u015fletme M\u00fcd\u00fcr Yard\u0131mc\u0131s\u0131 ve &hellip; <a href=\"https:\/\/akdenizolaygazetesi.com\/?p=20680\" class=\"more-link\">Devam\u0131n\u0131 Oku&#8230;<\/a><\/p>\n","protected":false},"author":2,"featured_media":20681,"comment_status":"open","ping_status":"open","sticky":false,"template":"","format":"standard","meta":[],"categories":[3],"tags":[],"_links":{"self":[{"href":"https:\/\/akdenizolaygazetesi.com\/index.php?rest_route=\/wp\/v2\/posts\/20680"}],"collection":[{"href":"https:\/\/akdenizolaygazetesi.com\/index.php?rest_route=\/wp\/v2\/posts"}],"about":[{"href":"https:\/\/akdenizolaygazetesi.com\/index.php?rest_route=\/wp\/v2\/types\/post"}],"author":[{"embeddable":true,"href":"https:\/\/akdenizolaygazetesi.com\/index.php?rest_route=\/wp\/v2\/users\/2"}],"replies":[{"embeddable":true,"href":"https:\/\/akdenizolaygazetesi.com\/index.php?rest_route=%2Fwp%2Fv2%2Fcomments&post=20680"}],"version-history":[{"count":1,"href":"https:\/\/akdenizolaygazetesi.com\/index.php?rest_route=\/wp\/v2\/posts\/20680\/revisions"}],"predecessor-version":[{"id":20682,"href":"https:\/\/akdenizolaygazetesi.com\/index.php?rest_route=\/wp\/v2\/posts\/20680\/revisions\/20682"}],"wp:featuredmedia":[{"embeddable":true,"href":"https:\/\/akdenizolaygazetesi.com\/index.php?rest_route=\/wp\/v2\/media\/20681"}],"wp:attachment":[{"href":"https:\/\/akdenizolaygazetesi.com\/index.php?rest_route=%2Fwp%2Fv2%2Fmedia&parent=20680"}],"wp:term":[{"taxonomy":"category","embeddable":true,"href":"https:\/\/akdenizolaygazetesi.com\/index.php?rest_route=%2Fwp%2Fv2%2Fcategories&post=20680"},{"taxonomy":"post_tag","embeddable":true,"href":"https:\/\/akdenizolaygazetesi.com\/index.php?rest_route=%2Fwp%2Fv2%2Ftags&post=20680"}],"curies":[{"name":"wp","href":"https:\/\/api.w.org\/{rel}","templated":true}]}}