{"id":20683,"date":"2022-08-31T12:41:32","date_gmt":"2022-08-31T09:41:32","guid":{"rendered":"http:\/\/akdenizolaygazetesi.com\/?p=20683"},"modified":"2022-08-31T12:41:32","modified_gmt":"2022-08-31T09:41:32","slug":"secer-belediyelerimizden-aldiginiz-hizmetin-aynisini-yarin-iktidara-geldigimizde-bakanliklarimizdan-da-alacaksiniz","status":"publish","type":"post","link":"https:\/\/akdenizolaygazetesi.com\/?p=20683","title":{"rendered":"SE\u00c7ER: &#8220;BELED\u0130YELER\u0130M\u0130ZDEN ALDI\u011eINIZ H\u0130ZMET\u0130N AYNISINI, YARIN \u0130KT\u0130DARA GELD\u0130\u011e\u0130M\u0130ZDE BAKANLIKLARIMIZDAN DA ALACAKSINIZ&#8221;"},"content":{"rendered":"<p>Ba\u015fkan Vahap Se\u00e7er, 30 A\u011fustos Zafer Bayram\u0131&#8217;nda Mezitli il\u00e7esine ba\u011fl\u0131 Takanl\u0131, Kuzucu, Zeybekler, Kocayer ve F\u0131nd\u0131kp\u0131nar\u0131 mahallelerini gezip, bayram co\u015fkusunu vatanda\u015flarla birlikte ya\u015fad\u0131.<br \/>\nKent genelinde yapt\u0131klar\u0131 tar\u0131msal ve hayvansal desteklerden, bu b\u00f6lgedeki \u00fcreticilerin de faydaland\u0131\u011f\u0131n\u0131 kaydeden Ba\u015fkan Se\u00e7er, &#8220;Da\u011f\u0131tt\u0131\u011f\u0131m\u0131z k\u00fc\u00e7\u00fckba\u015f hayvanlar\u0131n say\u0131s\u0131 5 y\u0131l i\u00e7inde 7500 olurken, 300 aile i\u015fletmesi kurulmu\u015f olacak. B\u00f6ylece, \u00e7ark art\u0131k kendi kendine d\u00f6nm\u00fc\u015f olacak&#8221; dedi.<br \/>\nVatanda\u015flara yapt\u0131\u011f\u0131 konu\u015fmada, T\u00fcrkiye&#8217;nin \u00f6n\u00fcnde bir genel se\u00e7imin oldu\u011funu hat\u0131rlatan Ba\u015fkan Se\u00e7er, &#8220;Belediyelerimiz \u015fu anda size nas\u0131l hizmet ediyorsa, emin olun ki iktidara geldi\u011fimizde Bakanl\u0131klar\u0131m\u0131z da o \u015fekilde hizmet edecek. Onun i\u00e7in gelecek se\u00e7imlerde iktidar olmak ve halk\u0131m\u0131za daha geni\u015f imkanlarla hizmet etmek i\u00e7in, hepimiz bir koldan \u00e7al\u0131\u015fmalara devam edece\u011fiz&#8221; diye konu\u015ftu.<br \/>\nB\u00fct\u00fcn il\u00e7e belediyeleriyle uyum i\u00e7inde \u00e7al\u0131\u015ft\u0131klar\u0131n\u0131 da ifade eden Ba\u015fkan Se\u00e7er, &#8220;\u0130l\u00e7e belediye ba\u015fkanlar\u0131m\u0131zla, hangi partili olursa olsun uyumlu \u00e7al\u0131\u015f\u0131yoruz. \u00c7\u00fcnk\u00fc, &#8216;devlette uyum esast\u0131r&#8217; ilkesiyle hareket ediyoruz. Vatanda\u015f kavga de\u011fil, huzur istiyor&#8221; ifadesini kulland\u0131.<br \/>\n&#8220;B\u00f6lge \u00fcreticisine \u00e7ok de\u011ferli desteklerimiz oluyor&#8221;<br \/>\nMersin B\u00fcy\u00fck\u015fehir Belediye Ba\u015fkan\u0131 Vahap Se\u00e7er, ilk olarak Takanl\u0131 Mahallesi&#8217;nde vatanda\u015flarla bir araya geldi. Se\u00e7er, &#8220;Takanl\u0131&#8217;n\u0131n \u00e7ok sorunu kalmam\u0131\u015f. Kuzucu-Takanl\u0131 grup yolu 9,8 kilometre. Yol kalitemiz m\u00fckemmel. Mersin Belediyesi ger\u00e7ekten d\u00fczg\u00fcn ve kaliteli i\u015f yap\u0131yor. G\u00fcn\u00fc kurtarmak i\u00e7in i\u015f yapm\u0131yoruz. Ya hi\u00e7 yapmay\u0131z, yaparsak da kalitelisini yapar\u0131z&#8221; dedi. Kooperatifler arac\u0131l\u0131\u011f\u0131yla 3 y\u0131ld\u0131r kent genelinde 160 kilometre sulama borusu da\u011f\u0131tt\u0131klar\u0131n\u0131 belirten Ba\u015fkan Se\u00e7er, &#8220;Takanl\u0131&#8217;ya 1000 metre sulama borusu vermi\u015fiz. Biz elimizden geldi\u011fince kendi g\u00f6rev alan\u0131m\u0131zdan \u00e7\u0131k\u0131p, \u00fcreticiye yard\u0131mc\u0131 oluyoruz&#8221; diye konu\u015ftu.<br \/>\nTakanl\u0131 Mahallesi&#8217;nde &#8220;Hadi Gel K\u00f6y\u00fcm\u00fcze Destek Verelim&#8221; projesinden bir yeti\u015ftiricinin yararland\u0131\u011f\u0131n\u0131 s\u00f6yleyen Ba\u015fkan Se\u00e7er, yeti\u015ftiriciye 4 ton yem deste\u011fi ile \u00fccretsiz veteriner hizmeti de verildi\u011fini s\u00f6yledi. Ba\u015fkan Se\u00e7er, &#8220;Ben bu projeyi \u00e7ok \u00f6nemsiyorum. Her y\u0131l 60 aile bu projeden faydalan\u0131yor. Bu y\u0131l da\u011f\u0131t\u0131m\u0131n\u0131 yapt\u0131\u011f\u0131m\u0131z 1500 hayvan\u0131n 500 kadar\u0131, daha \u00f6nce k\u00fc\u00e7\u00fckba\u015f hayvan da\u011f\u0131tt\u0131\u011f\u0131m\u0131z \u00fcreticilerden geldi. Projede 3. y\u0131l\u0131n i\u00e7indeyiz. 5 y\u0131l\u0131n sonunda bu sistem i\u00e7erisinde, 7 bin 500 hayvan da\u011f\u0131taca\u011f\u0131z. 300 aile i\u015fletmesi olacak ve sistem art\u0131k kendi kendine d\u00f6necek&#8221; dedi.<br \/>\nB\u00f6lgeye her t\u00fcrl\u00fc tar\u0131msal ve hayvansal destek verdiklerini s\u00f6yleyen Ba\u015fkan Se\u00e7er, &#8220;\u00c7ok \u00e7e\u015fitli fidanlar da\u011f\u0131t\u0131yoruz. Bedava vermiyoruz. Fakat, bunlar\u0131n i\u00e7inde y\u00fczde 50, y\u00fczde 75 hibeli olanlar var. Hayvanc\u0131l\u0131k desteklerimiz sadece k\u00fc\u00e7\u00fckba\u015f hayvanlarla da s\u0131n\u0131rl\u0131 de\u011fil. Ar\u0131c\u0131l\u0131k deste\u011fi, k\u00fc\u00e7\u00fckba\u015f hayvan deste\u011fi, b\u00fcy\u00fckba\u015f hayvan yeti\u015ftiricilerine yem deste\u011fi, s\u00fct tank\u0131 deste\u011fi, zeytin boylama, ceviz soyma, hamur yo\u011furma makinesi deste\u011fimiz devam ediyor&#8221; ifadesini kulland\u0131.<br \/>\n&#8220;Bizim i\u00e7in \u00f6nemli olan, herkesin huzur ve bar\u0131\u015f i\u00e7inde ya\u015famas\u0131&#8221;<br \/>\nMezitli merkezinde ve k\u0131rsal\u0131nda, belediye hizmetlerini ve projeleri rahat bir \u015fekilde yerine getirdiklerini ifade eden Ba\u015fkan Se\u00e7er, &#8220;S\u0131k\u0131nt\u0131 ya\u015fad\u0131\u011f\u0131m\u0131z il\u00e7e belediyeleri oluyor, ama genel anlamda o belediye ba\u015fkanlar\u0131m\u0131zla da, hangi partili olursa olsun uyumlu \u00e7al\u0131\u015f\u0131yoruz. \u00c7\u00fcnk\u00fc, devlette uyum esast\u0131r. Devlette kavga olursa, vatanda\u015fa hi\u00e7bir hayr\u0131 olmaz. Ba\u015fta Say\u0131n Genel Ba\u015fkan\u0131m\u0131z Kemal K\u0131l\u0131\u00e7daro\u011flu olmak \u00fczere, bizler de bu sertlikte bir siyaseti asla tasvip etmiyoruz&#8221; dedi.<br \/>\nBelediye Ba\u015fkan\u0131 se\u00e7ildikten sonra, kendisine oy veren vermeyen herkesin ba\u015fkan\u0131 olmaya \u00f6zen g\u00f6sterdi\u011fini ifade eden Ba\u015fkan Se\u00e7er,  &#8220;Bizim d\u00fcnya g\u00f6r\u00fc\u015f\u00fcm\u00fcz belli. Fakat, hepimizin kimli\u011fi T\u00fcrkiye Cumhuriyeti. Bizim i\u00e7in \u00f6nemli olan; herkesin bir arada, huzur i\u00e7erisinde, bar\u0131\u015f i\u00e7erisinde olmas\u0131. Bir se\u00e7ime gidiyoruz. Belediyelerimiz \u015fu anda size nas\u0131l hizmet ediyorsa, emin olun ki iktidara geldi\u011fimizde Bakanl\u0131klar\u0131m\u0131z da o \u015fekilde hizmet edecek. Onun i\u00e7in gelecek se\u00e7imlerde iktidar olmak ve halk\u0131m\u0131za daha geni\u015f imkanlarla hizmet etmek i\u00e7in, hepimiz bir koldan \u00e7al\u0131\u015fmalara devam edece\u011fiz&#8221; diye konu\u015ftu.<br \/>\nTarhan: &#8220;B\u00fcy\u00fck\u015fehir, k\u00f6yler aras\u0131ndaki yollarda gerekli deste\u011fi sa\u011fl\u0131yor&#8221;<br \/>\nMezitli Belediye Ba\u015fkan\u0131 Ne\u015fet Tarhan, t\u00fcm muhtarlar ile uyum i\u00e7inde \u00e7al\u0131\u015ft\u0131klar\u0131n\u0131 ifade ederek, &#8220;Her sene, sezon \u00f6ncesi \u00f6zellikle k\u0131rsal mahalledeki muhtarlar\u0131m\u0131zla toplan\u0131yoruz ve i\u015fler i\u00e7in belli bir b\u00fct\u00e7e ay\u0131r\u0131yoruz. Tabi ki B\u00fcy\u00fck\u015fehir Belediye Ba\u015fkan\u0131m\u0131z, k\u00f6yler aras\u0131ndaki yollarda gerekli deste\u011fi sa\u011fl\u0131yor&#8221;  diye konu\u015ftu.<br \/>\nG\u00f6k\u00e7el: &#8220;Hakk\u0131n\u0131z olan hizmetler zaman\u0131nda ve kaliteli \u015fekilde size ula\u015f\u0131yor&#8221;<br \/>\nB\u00fcy\u00fck\u015fehir Belediyesi ile Mezitli Belediyesi&#8217;nin bir\u00e7ok hizmetinin, kent merkezinde ya\u015fayanlara oldu\u011fu gibi, k\u0131rsalda ya\u015fayan vatanda\u015flara da zaman\u0131nda ve kaliteli bir \u015fekilde ula\u015ft\u0131\u011f\u0131n\u0131 belirten CHP Mersin Milletvekili Cengiz G\u00f6k\u00e7el, &#8220;\u00d6zellikle B\u00fcy\u00fck\u015fehir Belediyemizin tar\u0131ma dair yapt\u0131\u011f\u0131 projeler ve destekler ger\u00e7ekten takdire \u015fayan. \u00c7ift\u00e7ilerimizin bah\u00e7e aras\u0131ndaki ula\u015f\u0131m yollar\u0131 B\u00fcy\u00fck\u015fehir Belediyemizin imkanlar\u0131yla yap\u0131l\u0131yor. MESK\u0130&#8217;nin ger\u00e7ekle\u015ftirdi\u011fi hizmetler sayesinde bu b\u00f6lgede i\u00e7me suyunda da hi\u00e7bir s\u0131k\u0131nt\u0131 olmad\u0131&#8221; ifadelerine yer verdi.<\/p>\n","protected":false},"excerpt":{"rendered":"<p>Ba\u015fkan Vahap Se\u00e7er, 30 A\u011fustos Zafer Bayram\u0131&#8217;nda Mezitli il\u00e7esine ba\u011fl\u0131 Takanl\u0131, Kuzucu, Zeybekler, Kocayer ve F\u0131nd\u0131kp\u0131nar\u0131 mahallelerini gezip, bayram co\u015fkusunu vatanda\u015flarla birlikte ya\u015fad\u0131. Kent genelinde yapt\u0131klar\u0131 tar\u0131msal ve hayvansal desteklerden, &hellip; <a href=\"https:\/\/akdenizolaygazetesi.com\/?p=20683\" class=\"more-link\">Devam\u0131n\u0131 Oku&#8230;<\/a><\/p>\n","protected":false},"author":2,"featured_media":20684,"comment_status":"open","ping_status":"open","sticky":false,"template":"","format":"standard","meta":[],"categories":[1,2,3,5],"tags":[],"_links":{"self":[{"href":"https:\/\/akdenizolaygazetesi.com\/index.php?rest_route=\/wp\/v2\/posts\/20683"}],"collection":[{"href":"https:\/\/akdenizolaygazetesi.com\/index.php?rest_route=\/wp\/v2\/posts"}],"about":[{"href":"https:\/\/akdenizolaygazetesi.com\/index.php?rest_route=\/wp\/v2\/types\/post"}],"author":[{"embeddable":true,"href":"https:\/\/akdenizolaygazetesi.com\/index.php?rest_route=\/wp\/v2\/users\/2"}],"replies":[{"embeddable":true,"href":"https:\/\/akdenizolaygazetesi.com\/index.php?rest_route=%2Fwp%2Fv2%2Fcomments&post=20683"}],"version-history":[{"count":1,"href":"https:\/\/akdenizolaygazetesi.com\/index.php?rest_route=\/wp\/v2\/posts\/20683\/revisions"}],"predecessor-version":[{"id":20685,"href":"https:\/\/akdenizolaygazetesi.com\/index.php?rest_route=\/wp\/v2\/posts\/20683\/revisions\/20685"}],"wp:featuredmedia":[{"embeddable":true,"href":"https:\/\/akdenizolaygazetesi.com\/index.php?rest_route=\/wp\/v2\/media\/20684"}],"wp:attachment":[{"href":"https:\/\/akdenizolaygazetesi.com\/index.php?rest_route=%2Fwp%2Fv2%2Fmedia&parent=20683"}],"wp:term":[{"taxonomy":"category","embeddable":true,"href":"https:\/\/akdenizolaygazetesi.com\/index.php?rest_route=%2Fwp%2Fv2%2Fcategories&post=20683"},{"taxonomy":"post_tag","embeddable":true,"href":"https:\/\/akdenizolaygazetesi.com\/index.php?rest_route=%2Fwp%2Fv2%2Ftags&post=20683"}],"curies":[{"name":"wp","href":"https:\/\/api.w.org\/{rel}","templated":true}]}}