{"id":20687,"date":"2022-08-31T12:43:08","date_gmt":"2022-08-31T09:43:08","guid":{"rendered":"http:\/\/akdenizolaygazetesi.com\/?p=20687"},"modified":"2022-08-31T12:43:08","modified_gmt":"2022-08-31T09:43:08","slug":"yenisehir-sokaklarinda-zafer-coskusu","status":"publish","type":"post","link":"https:\/\/akdenizolaygazetesi.com\/?p=20687","title":{"rendered":"Yeni\u015fehir sokaklar\u0131nda zafer co\u015fkusu"},"content":{"rendered":"<p>30 A\u011fustos Zafer Bayram\u0131 kutlamalar\u0131 kapsam\u0131nda Mersin Yeni\u015fehir Belediyesi ve Mersin B\u00fcy\u00fck\u015fehir Belediyesi taraf\u0131ndan d\u00fczenlenen 30 A\u011fustos Korteji ile bayram co\u015fkusu sokaklara ta\u015f\u0131nd\u0131. Forum AVM \u00f6n\u00fcnden \u00d6zgecan Aslan Bar\u0131\u015f Meydan\u0131\u2019na devam eden korteje Mersinli vatanda\u015flar yo\u011fun ilgi g\u00f6sterdi.<br \/>\n30 A\u011fustos Zafer Bayram\u0131\u2019n\u0131n 100\u2019\u00fcnc\u00fc y\u0131l\u0131 kutlamalar\u0131 kapsam\u0131nda Mersin Yeni\u015fehir\u2019de 30 A\u011fustos Korteji d\u00fczenlendi. Atat\u00fcrk posteri ve T\u00fcrk bayraklar\u0131 e\u015fli\u011finde ger\u00e7ekle\u015fen kortej y\u00fcr\u00fcy\u00fc\u015f\u00fcne klasik otomobilliler ve bisikletliler de kat\u0131ld\u0131. Mar\u015flar ve \u015fark\u0131lar s\u00f6yleyen kortejdeki vatanda\u015flar renkli g\u00f6r\u00fcnt\u00fcler olu\u015ftururken, yol boyunca yo\u011fun ilgiyle kar\u015f\u0131la\u015ft\u0131.<br \/>\nKorteje Yeni\u015fehir Belediye Ba\u015fkan\u0131 Abdullah \u00d6zyi\u011fit\u2019in yan\u0131 s\u0131ra CHP Mersin \u0130l Ba\u015fkan\u0131 Adil Aktay, CHP Mersin Milletvekili Alpay Antmen, CHP PM \u00dcyesi Emre Y\u0131lmaz,  CHP Yeni\u015fehir \u0130l\u00e7e Ba\u015fkan\u0131 Tayar Tahiro\u011flu, CHP Mezitli \u0130l\u00e7e Ba\u015fkan\u0131 Ahmet Serkan Tuncer, CHP \u0130l Kad\u0131n Kollar\u0131 Ba\u015fkan\u0131 G\u00fcl\u015fah Y\u0131ld\u0131r\u0131m Gen\u00e7, CHP il\u00e7e kad\u0131n ve gen\u00e7lik kollar\u0131 ba\u015fkanlar\u0131, meclis \u00fcyeleri, sivil toplum kurulu\u015flar\u0131 temsilcileri ve y\u00fczlerce vatanda\u015f kat\u0131ld\u0131.<br \/>\nManu\u015f Baba Mersinlilerle bulu\u015fuyor<br \/>\n30 A\u011fustos Zafer Bayram\u0131 kutlamalar\u0131 Yeni\u015fehir\u2019de bug\u00fcn de devam edecek.  Yeni\u015fehir Belediyesi taraf\u0131ndan d\u00fczenlenecek konserde Manu\u015f Baba bug\u00fcn saat 20.00\u2019de \u00d6zgecan Aslan Bar\u0131\u015f Meydan\u0131\u2019nda Mersinlilerle bulu\u015facak.  <\/p>\n","protected":false},"excerpt":{"rendered":"<p>30 A\u011fustos Zafer Bayram\u0131 kutlamalar\u0131 kapsam\u0131nda Mersin Yeni\u015fehir Belediyesi ve Mersin B\u00fcy\u00fck\u015fehir Belediyesi taraf\u0131ndan d\u00fczenlenen 30 A\u011fustos Korteji ile bayram co\u015fkusu sokaklara ta\u015f\u0131nd\u0131. Forum AVM \u00f6n\u00fcnden \u00d6zgecan Aslan Bar\u0131\u015f Meydan\u0131\u2019na &hellip; <a href=\"https:\/\/akdenizolaygazetesi.com\/?p=20687\" class=\"more-link\">Devam\u0131n\u0131 Oku&#8230;<\/a><\/p>\n","protected":false},"author":2,"featured_media":20688,"comment_status":"open","ping_status":"open","sticky":false,"template":"","format":"standard","meta":[],"categories":[34,2,3,5],"tags":[],"_links":{"self":[{"href":"https:\/\/akdenizolaygazetesi.com\/index.php?rest_route=\/wp\/v2\/posts\/20687"}],"collection":[{"href":"https:\/\/akdenizolaygazetesi.com\/index.php?rest_route=\/wp\/v2\/posts"}],"about":[{"href":"https:\/\/akdenizolaygazetesi.com\/index.php?rest_route=\/wp\/v2\/types\/post"}],"author":[{"embeddable":true,"href":"https:\/\/akdenizolaygazetesi.com\/index.php?rest_route=\/wp\/v2\/users\/2"}],"replies":[{"embeddable":true,"href":"https:\/\/akdenizolaygazetesi.com\/index.php?rest_route=%2Fwp%2Fv2%2Fcomments&post=20687"}],"version-history":[{"count":1,"href":"https:\/\/akdenizolaygazetesi.com\/index.php?rest_route=\/wp\/v2\/posts\/20687\/revisions"}],"predecessor-version":[{"id":20689,"href":"https:\/\/akdenizolaygazetesi.com\/index.php?rest_route=\/wp\/v2\/posts\/20687\/revisions\/20689"}],"wp:featuredmedia":[{"embeddable":true,"href":"https:\/\/akdenizolaygazetesi.com\/index.php?rest_route=\/wp\/v2\/media\/20688"}],"wp:attachment":[{"href":"https:\/\/akdenizolaygazetesi.com\/index.php?rest_route=%2Fwp%2Fv2%2Fmedia&parent=20687"}],"wp:term":[{"taxonomy":"category","embeddable":true,"href":"https:\/\/akdenizolaygazetesi.com\/index.php?rest_route=%2Fwp%2Fv2%2Fcategories&post=20687"},{"taxonomy":"post_tag","embeddable":true,"href":"https:\/\/akdenizolaygazetesi.com\/index.php?rest_route=%2Fwp%2Fv2%2Ftags&post=20687"}],"curies":[{"name":"wp","href":"https:\/\/api.w.org\/{rel}","templated":true}]}}