{"id":20690,"date":"2022-08-31T12:44:42","date_gmt":"2022-08-31T09:44:42","guid":{"rendered":"http:\/\/akdenizolaygazetesi.com\/?p=20690"},"modified":"2022-08-31T12:44:42","modified_gmt":"2022-08-31T09:44:42","slug":"gencler-nova-norda-ve-gazapizm-ile-costu","status":"publish","type":"post","link":"https:\/\/akdenizolaygazetesi.com\/?p=20690","title":{"rendered":"&#8220;GEN\u00c7LER NOVA NORDA VE GAZAP\u0130ZM \u0130LE CO\u015eTU&#8221;"},"content":{"rendered":"<p>Ba\u015fkan Vahap Se\u00e7er, 30 A\u011fustos Zafer Bayram\u0131&#8217;n\u0131n 100. y\u0131l\u0131 dolay\u0131s\u0131yla B\u00fcy\u00fck\u015fehir Belediyesi taraf\u0131ndan \u00d6zgecan Aslan Bar\u0131\u015f Meydan\u0131&#8217;nda d\u00fczenlenen Nova Norda ve Gazapizm&#8217;in sahne ald\u0131\u011f\u0131 konsere kat\u0131ld\u0131. Bayram co\u015fkusunu konserdeki gen\u00e7lerle birlikte ya\u015fayan Ba\u015fkan Se\u00e7er, binlerce gen\u00e7le birlikte 10. Y\u0131l Mar\u015f\u0131&#8217;n\u0131 s\u00f6yledi. Mersin&#8217;in, gen\u00e7lerin ve ayd\u0131nl\u0131k y\u00fczl\u00fc \u00e7ocuklar\u0131n kenti oldu\u011funu s\u00f6yleyen Ba\u015fkan Se\u00e7er, &#8220;Zafer Bayram\u0131n\u0131z kutlu olsun. Mersin Atat\u00fcrk&#8217;\u00fcn kenti. Mersin Cumhuriyet&#8217;in kenti. Mersin siz gen\u00e7lerimizin kenti. Mersin ayd\u0131nl\u0131k y\u00fczl\u00fc \u00e7ocuklar\u0131m\u0131z\u0131n kenti. Sizleri baban\u0131z\u0131n sevgisiyle, annenizin \u015fefkatiyle kanatlar\u0131m\u0131z\u0131n alt\u0131nda koruyaca\u011f\u0131z&#8221; s\u00f6zleriyle gen\u00e7lere hitap etti.<br \/>\nAk\u015fam saatlerinde Forum AVM \u00f6n\u00fcnden y\u00fczlerce Mersinli&#8217;nin, ellerinde bayraklarla konser alan\u0131na do\u011fru kortej e\u015fli\u011finde y\u00fcr\u00fcyerek ba\u015flatt\u0131\u011f\u0131 bayram co\u015fkusu, meydanda yank\u0131lanan \u015fark\u0131larla ta\u00e7land\u0131. B\u00fcy\u00fck\u015fehir Belediyesi Bandosu e\u015fli\u011finde, ellerinde renkli \u0131\u015f\u0131klar ve T\u00fcrk Bayraklar\u0131 ile \u00d6zgecan Aslan Bar\u0131\u015f Meydan\u0131&#8217;na y\u00fcr\u00fcyen kalabal\u0131k, g\u00fcnler \u00f6ncesinden heyecanla beklenen konserde Nova Norda ve Gazapizm&#8217;i dinledi. Sanat\u00e7\u0131lar, s\u00f6yledikleri \u015fark\u0131larla Mersinlilere unutulmaz bir bayram co\u015fkusu ya\u015fatt\u0131.<br \/>\n&#8220;Sizlere g\u00fcveniyoruz, sizlere inan\u0131yoruz. Sizler de bize inan\u0131n&#8221;<br \/>\nKonser alan\u0131nda yapt\u0131\u011f\u0131 konu\u015fmada, Mersin&#8217;de 30 A\u011fustos co\u015fkusunu gen\u00e7lerle hep birlikte ya\u015faman\u0131n mutlulu\u011fu i\u00e7erisinde oldu\u011funu belirten Mersin B\u00fcy\u00fck\u015fehir Belediye Ba\u015fkan\u0131 Vahap Se\u00e7er, &#8220;Mersin&#8217;de \u00f6\u011frenci olmak, gen\u00e7 olmak bir ayr\u0131cal\u0131k. \u00dcniversite okumak isteyen b\u00fct\u00fcn gen\u00e7leri Mersin&#8217;e davet ediyorum. Otob\u00fcs 1 lira, yemek 3,5 lira. Okuma salonlar\u0131 var, yurt var. Her \u015fey var. Ben de gen\u00e7 olsam; Atat\u00fcrk&#8217;\u00fcn kenti, \u00e7a\u011fda\u015f bir kent olan Mersin&#8217;de ya\u015fard\u0131m&#8221; dedi.<br \/>\nGen\u00e7lere, 30 A\u011fustos Zafer Bayram\u0131&#8217;n\u0131n tarihimizde \u00e7ok \u00f6nemli bir g\u00fcn oldu\u011funu ve Cumhuriyetin temel ta\u015flar\u0131n\u0131n d\u00f6\u015fendi\u011fi, ulus olarak Ulu \u00d6nder Mustafa Kemal Atat\u00fcrk&#8217;\u00fcn \u00f6nderli\u011finde kazand\u0131\u011f\u0131m\u0131z bir zafer oldu\u011funu hat\u0131rlatan Ba\u015fkan Se\u00e7er, &#8220;Atat\u00fcrk&#8217;\u00fcn devrimleriyle ve Cumhuriyetle beraber, \u00e7a\u011fda\u015f bir toplum olduk. O&#8217;nun izinden giderek, muas\u0131r medeniyet seviyesine \u00e7\u0131kaca\u011f\u0131z. Bunu hep beraber yapaca\u011f\u0131z. Sizlere g\u00fcveniyoruz, sizlere inan\u0131yoruz. Sizler de bize inan\u0131n. Sizleri baban\u0131z\u0131n sevgisiyle, annenizin \u015fefkatiyle kanatlar\u0131m\u0131z\u0131n alt\u0131nda koruyaca\u011f\u0131z&#8221; ifadelerini kulland\u0131.<br \/>\nBa\u015fkan Se\u00e7er&#8217;in konu\u015fmas\u0131n\u0131n ard\u0131ndan gece, Nova Norda ve Gazapizm konserleriyle devam etti. Ba\u015fkan Se\u00e7er&#8217;in de ilgiyle izledi\u011fi konserde gen\u00e7ler, sanat\u00e7\u0131lar\u0131n \u015fark\u0131lar\u0131na e\u015flik ederek, g\u00f6n\u00fcllerince e\u011flendi. Konser sonunda Ba\u015fkan Se\u00e7er, binlerce gen\u00e7le birlikte 10. Y\u0131l Mar\u015f\u0131&#8217;n\u0131 s\u00f6yledi.<br \/>\nMersinliler Zafer co\u015fkusunda bulu\u015ftu<br \/>\n30 A\u011fustos Zafer Bayram\u0131 co\u015fkusuna ilk andan beri ortak olan Mersinliler, konser \u00f6ncesi ger\u00e7ekle\u015fen kortej y\u00fcr\u00fcy\u00fc\u015f\u00fcnde de birlik ve beraberlik mesaj\u0131 verdi. Vatanda\u015flardan Dilber \u015eenol, &#8220;Ke\u015fke her g\u00fcn\u00fc 30 A\u011fustos gibi kutlasak. Herkes i\u00e7ine kapand\u0131, karanl\u0131k bir ortamday\u0131z. Ben Belediyemizin yapt\u0131\u011f\u0131 b\u00fct\u00fcn hizmetlerden memnunum. \u0130yi ki var, iyi ki b\u00f6yle bir belediyemiz var. Yapt\u0131\u011f\u0131 b\u00fct\u00fcn etkinliklere kat\u0131labildi\u011fimiz kadar, ya\u015f\u0131m\u0131z ve ortam\u0131m\u0131z elverdi\u011fi kadar kat\u0131l\u0131yoruz. \u00c7ok da memnunuz&#8221; dedi.<br \/>\nKorteje kat\u0131lanlardan Dans \u00d6\u011fretmeni Ev\u015fen Ers\u00f6z ise, &#8220;Bug\u00fcn Mersinliler olarak bu co\u015fkuyu ya\u015f\u0131yor olmak, inan\u0131lmaz g\u00fczel bir mutluluk. 100. y\u0131l\u0131 ya\u015f\u0131yoruz. \u0130n\u015fallah daha nice 100. y\u0131llara&#8221; diye konu\u015ftu.<br \/>\nAy\u015fe Ba\u015fc\u0131, &#8220;Mustafa Kemal Atat\u00fcrk, Atam\u0131z bizim her zaman akl\u0131m\u0131zda ve ruhumuzda. Bug\u00fcn de Zafer Bayram\u0131. Her zaman da kutlayaca\u011f\u0131z&#8221; ifadelerini kulland\u0131.<br \/>\nHanifi Albayrak, &#8220;\u00d6mr\u00fcm\u00fcz\u00fcn sonuna kadar bu co\u015fkuyu ya\u015fayaca\u011f\u0131z. Ben bu ya\u015ftay\u0131m ve buraya geldim. Sonuna kadar da gidece\u011fiz&#8221; dedi.<br \/>\nMiniklerden Esmanur Geyik de, 30 A\u011fustos co\u015fkusunu &#8220;G\u00fczel bir his var i\u00e7imde&#8221; s\u00f6zleriyle anlatt\u0131. Bir ba\u015fka minik Mehmet Demirel, &#8220;\u00c7ok heyecanl\u0131y\u0131m. Hocalar\u0131m\u0131z sa\u011f olsunlar, bizi buraya getirdi&#8221; dedi.<br \/>\n14 ya\u015f\u0131ndaki Yi\u011fit Aslan, &#8220;\u00c7ok mutluyum, \u00e7ok sevin\u00e7liyim. 30 A\u011fustos Zafer Bayram\u0131 Atat\u00fcrk taraf\u0131ndan bize verilen bir arma\u011fand\u0131r. \u00c7ok gururluyum&#8221; dedi.<br \/>\nBisikletliler olarak kortejde yerlerini alan Hasan \u00d6zt\u00fcrk, &#8220;Duygular\u0131m\u0131 s\u00f6yleyemeyecek kadar heyecanl\u0131y\u0131m. \u0130yi ki Atat\u00fcrk varm\u0131\u015f. \u0130yi ki bu vatan\u0131 bize arma\u011fan etmi\u015f. Harika bir duygu&#8221; diye konu\u015ftu.<br \/>\nBerna Kalkan, &#8220;Ger\u00e7ekten \u00e7ok duyguluyum. B\u00fct\u00fcn T\u00fcrkiye, b\u00fct\u00fcn Atat\u00fcrk&#8217;\u00fc sevenler \u00e7ok g\u00fczel \u015feyler ya\u015fas\u0131n. Her \u015fey \u00e7ok g\u00fczel olacak, biliyorum&#8221; ifadelerini kulland\u0131.<br \/>\nTarsus&#8217;tan gelerek korteje kat\u0131lan F\u0131rat K\u00fcr\u015fat Olgun, &#8220;Buradaki co\u015fkuya, heyecana yak\u0131n olmak i\u00e7in geldik. G\u00fczel bir ortam. Genciyle ya\u015fl\u0131s\u0131yla b\u00f6yle co\u015fkulu olmak ger\u00e7ekten g\u00fczel bir his. Arkada\u015flar\u0131m\u0131zla beraber y\u00fcr\u00fcy\u00fc\u015fe kat\u0131lmak, onlara e\u015flik etmek, bando e\u015fli\u011finde \u015fark\u0131lar\u0131m\u0131z\u0131 s\u00f6ylemek, ger\u00e7ekten i\u00e7ten i\u00e7e insana heyecan katan bir durum&#8221; dedi.<br \/>\nEzgi Uzar, &#8220;Son y\u0131llarda bu t\u00fcr etkinlikler \u00e7o\u011fald\u0131. Gayet memnunum. Kalabal\u0131\u011f\u0131 g\u00f6r\u00fcnce daha \u00e7ok memnun oluyorum. \u0130n\u015fallah bu \u015fekilde de devam eder. Hepimizin, Atat\u00fcrk&#8217;\u00fcn bu vatan\u0131 nas\u0131l kazand\u0131\u011f\u0131n\u0131 \u00f6\u011frendi\u011fimiz nice y\u0131llar diliyorum&#8221; diye konu\u015ftu.<br \/>\nMeryem Erdo\u011fan ise, &#8220;B\u00fcy\u00fck\u015fehir&#8217;in yapt\u0131\u011f\u0131 her \u00e7al\u0131\u015fmay\u0131 destekliyorum ve \u00e7ok be\u011feniyorum. Bug\u00fcn de b\u00f6yle bir etkinlik yap\u0131ld\u0131\u011f\u0131 i\u00e7in \u00e7ok mutluyuz ve buraday\u0131z. Zafer Bayram\u0131n\u0131 en i\u00e7ten dileklerimle kutluyorum&#8221; dedi.<\/p>\n","protected":false},"excerpt":{"rendered":"<p>Ba\u015fkan Vahap Se\u00e7er, 30 A\u011fustos Zafer Bayram\u0131&#8217;n\u0131n 100. y\u0131l\u0131 dolay\u0131s\u0131yla B\u00fcy\u00fck\u015fehir Belediyesi taraf\u0131ndan \u00d6zgecan Aslan Bar\u0131\u015f Meydan\u0131&#8217;nda d\u00fczenlenen Nova Norda ve Gazapizm&#8217;in sahne ald\u0131\u011f\u0131 konsere kat\u0131ld\u0131. Bayram co\u015fkusunu konserdeki gen\u00e7lerle &hellip; <a href=\"https:\/\/akdenizolaygazetesi.com\/?p=20690\" class=\"more-link\">Devam\u0131n\u0131 Oku&#8230;<\/a><\/p>\n","protected":false},"author":2,"featured_media":20691,"comment_status":"open","ping_status":"open","sticky":false,"template":"","format":"standard","meta":[],"categories":[2,3,5],"tags":[],"_links":{"self":[{"href":"https:\/\/akdenizolaygazetesi.com\/index.php?rest_route=\/wp\/v2\/posts\/20690"}],"collection":[{"href":"https:\/\/akdenizolaygazetesi.com\/index.php?rest_route=\/wp\/v2\/posts"}],"about":[{"href":"https:\/\/akdenizolaygazetesi.com\/index.php?rest_route=\/wp\/v2\/types\/post"}],"author":[{"embeddable":true,"href":"https:\/\/akdenizolaygazetesi.com\/index.php?rest_route=\/wp\/v2\/users\/2"}],"replies":[{"embeddable":true,"href":"https:\/\/akdenizolaygazetesi.com\/index.php?rest_route=%2Fwp%2Fv2%2Fcomments&post=20690"}],"version-history":[{"count":1,"href":"https:\/\/akdenizolaygazetesi.com\/index.php?rest_route=\/wp\/v2\/posts\/20690\/revisions"}],"predecessor-version":[{"id":20692,"href":"https:\/\/akdenizolaygazetesi.com\/index.php?rest_route=\/wp\/v2\/posts\/20690\/revisions\/20692"}],"wp:featuredmedia":[{"embeddable":true,"href":"https:\/\/akdenizolaygazetesi.com\/index.php?rest_route=\/wp\/v2\/media\/20691"}],"wp:attachment":[{"href":"https:\/\/akdenizolaygazetesi.com\/index.php?rest_route=%2Fwp%2Fv2%2Fmedia&parent=20690"}],"wp:term":[{"taxonomy":"category","embeddable":true,"href":"https:\/\/akdenizolaygazetesi.com\/index.php?rest_route=%2Fwp%2Fv2%2Fcategories&post=20690"},{"taxonomy":"post_tag","embeddable":true,"href":"https:\/\/akdenizolaygazetesi.com\/index.php?rest_route=%2Fwp%2Fv2%2Ftags&post=20690"}],"curies":[{"name":"wp","href":"https:\/\/api.w.org\/{rel}","templated":true}]}}