{"id":20693,"date":"2022-08-31T15:01:17","date_gmt":"2022-08-31T12:01:17","guid":{"rendered":"http:\/\/akdenizolaygazetesi.com\/?p=20693"},"modified":"2022-08-31T15:01:17","modified_gmt":"2022-08-31T12:01:17","slug":"cukurovanin-ilk-rakibi-fenerbahce-oldu","status":"publish","type":"post","link":"https:\/\/akdenizolaygazetesi.com\/?p=20693","title":{"rendered":"\u00c7UKUROVA&#8217;NIN \u0130LK RAK\u0130B\u0130 FENERBAH\u00c7E OLDU"},"content":{"rendered":"<p>Kad\u0131nlar Basketbol S\u00fcper Ligi&#8217;nde (KBSL) 2022-2023 sezonu i\u00e7in kuralar \u00e7ekildi. \u00c7ukurova Basketbol Kul\u00fcb\u00fc (\u00c7BK) Mersin Yeni\u015fehir Belediyesi, lige deplasmanda Fenerbah\u00e7e ma\u00e7\u0131 ile &#8216;merhaba&#8217; diyecek.<\/p>\n<p>\u00c7BK, \u0130stanbul Sinan Erdem Spor Salonu&#8217;ndaki t\u00f6rende Genel Koordinat\u00f6r Ender \u00dcnl\u00fc taraf\u0131ndan temsil edildi. Tak\u0131mlar, ayn\u0131 \u015fehirde m\u00fccadele eden birden fazla ekip olmas\u0131 nedeniyle Ankara, \u0130stanbul ve genel olarak 3 gruba ayr\u0131lan torbalarda yer ald\u0131. Genel Koordinat\u00f6r Ender \u00dcnl\u00fc, \u00e7ekti\u011fi kura ile tak\u0131m\u0131n\u0131n ilk haftadaki rakibini Fenerbah\u00e7e Alag\u00f6z Holding olarak belirledi. EuroLig, KBSL ve T\u00fcrkiye Kupas\u0131&#8217;nda final oynamas\u0131na kesin g\u00f6z\u00fcyle bak\u0131lan, ayn\u0131 zamanda da Cumhurba\u015fkanl\u0131\u011f\u0131 Kupas\u0131&#8217;nda m\u00fccadele edecek 2 tak\u0131m\u0131n \u0130stanbul&#8217;daki ilk hafta ma\u00e7\u0131nda kar\u015f\u0131la\u015facak olmas\u0131, &#8216;erken final&#8217; s\u00f6ylemlerini beraberinde getirdi. <\/p>\n<p>Kuray\u0131 de\u011ferlendiren \u00dcnl\u00fc, &#8220;T\u00fcrk basketbolunun mihenk ta\u015flar\u0131ndan Fenerbah\u00e7e ile kuruldu\u011fumuz y\u0131ldan bu yana rekabet halindeyiz. Ge\u00e7ti\u011fimiz y\u0131l rakibimizi yenerek T\u00fcrkiye Kupas\u0131&#8217;nda mutlu sona ula\u015ft\u0131k. Bu sezon da 4 kulvarda \u015fampiyonluk hedefliyoruz. Cumhurba\u015fkanl\u0131\u011f\u0131 Kupas\u0131&#8217;ndaki rakibimiz zaten Fenerbah\u00e7e&#8217;ydi. Basketbol otoriteleri EuroLig, KBSL ve T\u00fcrkiye Kupas\u0131&#8217;nda \u00c7ukurova Basketbol-Fenerbah\u00e7e finalini \u00f6ng\u00f6r\u00fcyor. Ligin ilk haftas\u0131nda Fenerbah\u00e7e ile kar\u015f\u0131la\u015facak olmam\u0131z da rekabete ayr\u0131 bir boyut kazand\u0131racakt\u0131r. Kuran\u0131n t\u00fcm tak\u0131mlara hay\u0131rl\u0131 olmas\u0131n\u0131 diliyorum&#8221; dedi. <\/p>\n","protected":false},"excerpt":{"rendered":"<p>Kad\u0131nlar Basketbol S\u00fcper Ligi&#8217;nde (KBSL) 2022-2023 sezonu i\u00e7in kuralar \u00e7ekildi. \u00c7ukurova Basketbol Kul\u00fcb\u00fc (\u00c7BK) Mersin Yeni\u015fehir Belediyesi, lige deplasmanda Fenerbah\u00e7e ma\u00e7\u0131 ile &#8216;merhaba&#8217; diyecek. \u00c7BK, \u0130stanbul Sinan Erdem Spor Salonu&#8217;ndaki &hellip; <a href=\"https:\/\/akdenizolaygazetesi.com\/?p=20693\" class=\"more-link\">Devam\u0131n\u0131 Oku&#8230;<\/a><\/p>\n","protected":false},"author":2,"featured_media":20694,"comment_status":"open","ping_status":"open","sticky":false,"template":"","format":"standard","meta":[],"categories":[3,10],"tags":[],"_links":{"self":[{"href":"https:\/\/akdenizolaygazetesi.com\/index.php?rest_route=\/wp\/v2\/posts\/20693"}],"collection":[{"href":"https:\/\/akdenizolaygazetesi.com\/index.php?rest_route=\/wp\/v2\/posts"}],"about":[{"href":"https:\/\/akdenizolaygazetesi.com\/index.php?rest_route=\/wp\/v2\/types\/post"}],"author":[{"embeddable":true,"href":"https:\/\/akdenizolaygazetesi.com\/index.php?rest_route=\/wp\/v2\/users\/2"}],"replies":[{"embeddable":true,"href":"https:\/\/akdenizolaygazetesi.com\/index.php?rest_route=%2Fwp%2Fv2%2Fcomments&post=20693"}],"version-history":[{"count":1,"href":"https:\/\/akdenizolaygazetesi.com\/index.php?rest_route=\/wp\/v2\/posts\/20693\/revisions"}],"predecessor-version":[{"id":20695,"href":"https:\/\/akdenizolaygazetesi.com\/index.php?rest_route=\/wp\/v2\/posts\/20693\/revisions\/20695"}],"wp:featuredmedia":[{"embeddable":true,"href":"https:\/\/akdenizolaygazetesi.com\/index.php?rest_route=\/wp\/v2\/media\/20694"}],"wp:attachment":[{"href":"https:\/\/akdenizolaygazetesi.com\/index.php?rest_route=%2Fwp%2Fv2%2Fmedia&parent=20693"}],"wp:term":[{"taxonomy":"category","embeddable":true,"href":"https:\/\/akdenizolaygazetesi.com\/index.php?rest_route=%2Fwp%2Fv2%2Fcategories&post=20693"},{"taxonomy":"post_tag","embeddable":true,"href":"https:\/\/akdenizolaygazetesi.com\/index.php?rest_route=%2Fwp%2Fv2%2Ftags&post=20693"}],"curies":[{"name":"wp","href":"https:\/\/api.w.org\/{rel}","templated":true}]}}