{"id":20708,"date":"2022-09-01T13:05:45","date_gmt":"2022-09-01T10:05:45","guid":{"rendered":"http:\/\/akdenizolaygazetesi.com\/?p=20708"},"modified":"2022-09-01T13:05:45","modified_gmt":"2022-09-01T10:05:45","slug":"secer-cay-mahallesinde-mahallelinin-sicak-cayini-icti","status":"publish","type":"post","link":"https:\/\/akdenizolaygazetesi.com\/?p=20708","title":{"rendered":"SE\u00c7ER, \u00c7AY MAHALLES\u0130&#8217;NDE MAHALLEL\u0130N\u0130N SICAK \u00c7AYINI \u0130\u00c7T\u0130"},"content":{"rendered":"<p>Ba\u015fkan Se\u00e7er&#8217;e mahalle ziyaretlerinde; CHP Akdeniz \u0130l\u00e7e Ba\u015fkan\u0131 Semih Palamut, \u00c7ay Mahalle Muhtar\u0131 Ahmet Akyol, Meclis \u00fcyeleri ile B\u00fcy\u00fck\u015fehir Belediyesi ve MESK\u0130 b\u00fcrokratlar\u0131 e\u015flik etti.<br \/>\nMahallede ilk olarak, pazar ziyaretini ger\u00e7ekle\u015ftiren ve pazarc\u0131 esnaf\u0131 ile sohbet eden Ba\u015fkan Se\u00e7er, &#8216;Hay\u0131rl\u0131 \u0130\u015fler&#8217; dileklerinde bulundu. Al\u0131\u015f veri\u015f yapan vatanda\u015flarla da sohbet etme ve sorunlar\u0131n\u0131 dinleme f\u0131rsat\u0131 bulan Ba\u015fkan Se\u00e7er, daha sonra ayn\u0131 mahallede yer alan Ahmet Kaya Park\u0131&#8217;na ge\u00e7ti. Ba\u015fkan Se\u00e7er burada bir taraftan \u00c7ay Mahallesi sakinlerinin ikram etti\u011fi s\u0131cak \u00e7ay\u0131n\u0131 i\u00e7erken, di\u011fer taraftan da vatanda\u015flarla sohbet ederek, taleplerini ve sorunlar\u0131n\u0131 dinledi, gerekli notlar\u0131 ald\u0131rd\u0131.<br \/>\nMahalle sakinleriyle sohbetinde, her yerle\u015fim b\u00f6lgesinin kendine \u00f6zg\u00fc sorunlar\u0131 oldu\u011funu ifade eden Ba\u015fkan Se\u00e7er; bu problemleri belli bir plan, program ve b\u00fct\u00e7e dahilinde \u00e7\u00f6zd\u00fcklerini kaydetti.<br \/>\n\u00c7ay Mahallesi&#8217;nin geriden gelen bir\u00e7ok \u00f6nemli sorunu oldu\u011funu ve bu sorunlar\u0131 Ba\u015fkan Vahap Se\u00e7er&#8217;e ilettiklerini s\u00f6yleyen \u00c7ay Mahallesi Muhtar\u0131 Ahmet Akyol, s\u00f6z konusu sorunlar\u0131n \u00f6nemli bir k\u0131sm\u0131n\u0131n \u00e7\u00f6z\u00fcld\u00fc\u011f\u00fcn\u00fc ve mahalle olarak hizmetlerden memnun olduklar\u0131n\u0131 ifade etti.<br \/>\n\u00c7ay Mahallesi&#8217;nde vatanda\u015flar\u0131n yo\u011fun ilgi ve sevgisi ile kar\u015f\u0131lanan Ba\u015fkan Se\u00e7er, daha sonras\u0131nda mahalle esnaf\u0131n\u0131 da ziyaret ederek, i\u015flerinde kolayl\u0131klar diledi.<br \/>\nBa\u015fkan Se\u00e7er&#8217;in ziyaretleri esnas\u0131nda, B\u00fcy\u00fck\u015fehir Belediyesi personeli taraf\u0131ndan \u00e7ocuklara oyuncak da\u011f\u0131t\u0131m\u0131 yap\u0131ld\u0131.<\/p>\n","protected":false},"excerpt":{"rendered":"<p>Ba\u015fkan Se\u00e7er&#8217;e mahalle ziyaretlerinde; CHP Akdeniz \u0130l\u00e7e Ba\u015fkan\u0131 Semih Palamut, \u00c7ay Mahalle Muhtar\u0131 Ahmet Akyol, Meclis \u00fcyeleri ile B\u00fcy\u00fck\u015fehir Belediyesi ve MESK\u0130 b\u00fcrokratlar\u0131 e\u015flik etti. Mahallede ilk olarak, pazar ziyaretini &hellip; <a href=\"https:\/\/akdenizolaygazetesi.com\/?p=20708\" class=\"more-link\">Devam\u0131n\u0131 Oku&#8230;<\/a><\/p>\n","protected":false},"author":2,"featured_media":20709,"comment_status":"open","ping_status":"open","sticky":false,"template":"","format":"standard","meta":[],"categories":[3,5],"tags":[],"_links":{"self":[{"href":"https:\/\/akdenizolaygazetesi.com\/index.php?rest_route=\/wp\/v2\/posts\/20708"}],"collection":[{"href":"https:\/\/akdenizolaygazetesi.com\/index.php?rest_route=\/wp\/v2\/posts"}],"about":[{"href":"https:\/\/akdenizolaygazetesi.com\/index.php?rest_route=\/wp\/v2\/types\/post"}],"author":[{"embeddable":true,"href":"https:\/\/akdenizolaygazetesi.com\/index.php?rest_route=\/wp\/v2\/users\/2"}],"replies":[{"embeddable":true,"href":"https:\/\/akdenizolaygazetesi.com\/index.php?rest_route=%2Fwp%2Fv2%2Fcomments&post=20708"}],"version-history":[{"count":1,"href":"https:\/\/akdenizolaygazetesi.com\/index.php?rest_route=\/wp\/v2\/posts\/20708\/revisions"}],"predecessor-version":[{"id":20710,"href":"https:\/\/akdenizolaygazetesi.com\/index.php?rest_route=\/wp\/v2\/posts\/20708\/revisions\/20710"}],"wp:featuredmedia":[{"embeddable":true,"href":"https:\/\/akdenizolaygazetesi.com\/index.php?rest_route=\/wp\/v2\/media\/20709"}],"wp:attachment":[{"href":"https:\/\/akdenizolaygazetesi.com\/index.php?rest_route=%2Fwp%2Fv2%2Fmedia&parent=20708"}],"wp:term":[{"taxonomy":"category","embeddable":true,"href":"https:\/\/akdenizolaygazetesi.com\/index.php?rest_route=%2Fwp%2Fv2%2Fcategories&post=20708"},{"taxonomy":"post_tag","embeddable":true,"href":"https:\/\/akdenizolaygazetesi.com\/index.php?rest_route=%2Fwp%2Fv2%2Ftags&post=20708"}],"curies":[{"name":"wp","href":"https:\/\/api.w.org\/{rel}","templated":true}]}}