{"id":20717,"date":"2022-09-01T13:13:26","date_gmt":"2022-09-01T10:13:26","guid":{"rendered":"http:\/\/akdenizolaygazetesi.com\/?p=20717"},"modified":"2022-09-01T13:13:26","modified_gmt":"2022-09-01T10:13:26","slug":"buyuksehirle-7den-77ye-yuzme-kursu","status":"publish","type":"post","link":"https:\/\/akdenizolaygazetesi.com\/?p=20717","title":{"rendered":"B\u00dcY\u00dcK\u015eEH\u0130RLE 7&#8217;DEN 77&#8217;YE Y\u00dcZME KURSU"},"content":{"rendered":"<p>Mersin B\u00fcy\u00fck\u015fehir Belediyesi&#8217;nin y\u00fczme kurslar\u0131, toplumun her kesiminden ilgi g\u00f6rmeye devam ediyor. 6 ya\u015f\u0131ndan itibaren t\u00fcm ya\u015f gruplar\u0131na verilen y\u00fczme kursu e\u011fitimlerine, y\u00fczme konusunda korku ya\u015fayan 77 ya\u015f\u0131ndaki Erdo\u011fan G\u00f6kkurt da kat\u0131ld\u0131.<\/p>\n<p>&#8220;77 ya\u015f\u0131nda havuzla tan\u0131\u015ft\u0131&#8221;<\/p>\n<p>Mersin B\u00fcy\u00fck\u015fehir Belediyesi, sporun her bran\u015f\u0131n\u0131, t\u00fcm Mersin geneline yaymak amac\u0131 ile ba\u015flatt\u0131\u011f\u0131 projelerini s\u00fcrd\u00fcr\u00fcyor. &#8216;7&#8217;den 77&#8217;ye y\u00fczme bilmeyen kimse kalmas\u0131n&#8217; slogan\u0131 ile yola \u00e7\u0131kan B\u00fcy\u00fck\u015fehir Belediyesi&#8217;nin y\u00fczme kursu e\u011fitimlerinde, t\u00fcm ya\u015f gruplar\u0131ndan vatanda\u015flar y\u00fczme \u00f6\u011freniyor.<br \/>\nGen\u00e7lik ve Spor Hizmetleri Dairesi Ba\u015fkanl\u0131\u011f\u0131&#8217;na ba\u011fl\u0131 uzman y\u00fczme antren\u00f6rleri taraf\u0131ndan, Macit \u00d6zcan Spor Tesisleri&#8217;ndeki olimpik y\u00fczme havuzunda verilen y\u00fczme kursuna kat\u0131lanlardan birisi de, 1945 do\u011fumlu 77 ya\u015f\u0131ndaki Erdo\u011fan G\u00f6kkurt isimli vatanda\u015f\u0131m\u0131z. G\u00f6kkurt, daha \u00f6nce bireysel olarak y\u00fczme deneyimlerinde bo\u011fulma tehlikesi ge\u00e7irdi\u011fi i\u00e7in y\u00fczmekten korktu\u011funu ifade ederek, otob\u00fcs dura\u011f\u0131nda bir ba\u015fka vatanda\u015f\u0131n B\u00fcy\u00fck\u015fehir Belediyesi y\u00fczme kursuna gitti\u011fini s\u00f6ylemesi \u00fczerine, kursa kay\u0131t olmaya karar verdi\u011fini belirtti.<\/p>\n<p>&#8220;\u015eimdi sudan hi\u00e7 korkmuyorum. \u0130nsan her ya\u015fta \u00f6\u011frenebilir&#8221;<\/p>\n<p>30 senedir Mersin&#8217;de ya\u015fayan Erdo\u011fan G\u00f6kkurt, B\u00fcy\u00fck\u015fehir Belediyesi&#8217;nin y\u00fczme kursunu duyar duymaz kay\u0131t yapt\u0131rd\u0131\u011f\u0131n\u0131 belirterek, &#8220;Y\u00fczmeye ba\u015flad\u0131m. \u00d6\u011fretmenler bizimle \u00e7ok ilgilendi. Bu ya\u015fta bize b\u00f6yle bir imkan sa\u011flad\u0131klar\u0131 i\u00e7in \u00e7ok te\u015fekk\u00fcr ediyorum. Daha \u00f6nceleri denize giriyordum ama korkuyordum. Bir de bo\u011fulma tehlikesi ya\u015fad\u0131m. Suya kafam\u0131 sokmaya korkuyordum. \u015eimdi \u00f6\u011fretmenlerim sayesinde, kafam\u0131 suya sokup burundan nefes verebiliyorum. \u00c7ok g\u00fczel bir uygulama oldu. \u015eimdi sudan hi\u00e7 korkmuyorum. Suya atl\u0131yorum rahat\u00e7a y\u00fczebiliyorum. \u0130nsan her ya\u015fta \u00f6\u011frenebilir. B\u00fcy\u00fck\u015fehir Belediyesi&#8217;nin imkanlar\u0131yla bu tesiste y\u00fczmeyi \u00f6\u011frendim. Rahatl\u0131kla, korkmadan y\u00fczmeye gidebilirim art\u0131k. Deniz aya\u011f\u0131m\u0131z\u0131n dibinde, biz de faydalanal\u0131m&#8221; dedi.<br \/>\nG\u00f6kkurt, y\u00fczme bilmeyenlere de \u00e7a\u011fr\u0131da bulunarak, &#8220;Y\u00fczme bilmeyenler gelsin ki, kendilerini rahatl\u0131kla suya ats\u0131n. Korkmas\u0131n yani. Ben de \u00e7ok korkuyordum, ama \u015fimdi hi\u00e7 korkmadan suya atl\u0131yorum. Tekni\u011fini biliyorum, \u00e7\u00fcnk\u00fc \u00f6\u011frettiler. \u00d6\u011fretmenler sa\u011f olsun \u00e7ok ilgilendiler. B\u00fct\u00fcn arkada\u015flara tavsiye edece\u011fim&#8221; diye konu\u015ftu.<\/p>\n","protected":false},"excerpt":{"rendered":"<p>Mersin B\u00fcy\u00fck\u015fehir Belediyesi&#8217;nin y\u00fczme kurslar\u0131, toplumun her kesiminden ilgi g\u00f6rmeye devam ediyor. 6 ya\u015f\u0131ndan itibaren t\u00fcm ya\u015f gruplar\u0131na verilen y\u00fczme kursu e\u011fitimlerine, y\u00fczme konusunda korku ya\u015fayan 77 ya\u015f\u0131ndaki Erdo\u011fan G\u00f6kkurt &hellip; <a href=\"https:\/\/akdenizolaygazetesi.com\/?p=20717\" class=\"more-link\">Devam\u0131n\u0131 Oku&#8230;<\/a><\/p>\n","protected":false},"author":2,"featured_media":20718,"comment_status":"open","ping_status":"open","sticky":false,"template":"","format":"standard","meta":[],"categories":[1,2,3,5],"tags":[],"_links":{"self":[{"href":"https:\/\/akdenizolaygazetesi.com\/index.php?rest_route=\/wp\/v2\/posts\/20717"}],"collection":[{"href":"https:\/\/akdenizolaygazetesi.com\/index.php?rest_route=\/wp\/v2\/posts"}],"about":[{"href":"https:\/\/akdenizolaygazetesi.com\/index.php?rest_route=\/wp\/v2\/types\/post"}],"author":[{"embeddable":true,"href":"https:\/\/akdenizolaygazetesi.com\/index.php?rest_route=\/wp\/v2\/users\/2"}],"replies":[{"embeddable":true,"href":"https:\/\/akdenizolaygazetesi.com\/index.php?rest_route=%2Fwp%2Fv2%2Fcomments&post=20717"}],"version-history":[{"count":1,"href":"https:\/\/akdenizolaygazetesi.com\/index.php?rest_route=\/wp\/v2\/posts\/20717\/revisions"}],"predecessor-version":[{"id":20719,"href":"https:\/\/akdenizolaygazetesi.com\/index.php?rest_route=\/wp\/v2\/posts\/20717\/revisions\/20719"}],"wp:featuredmedia":[{"embeddable":true,"href":"https:\/\/akdenizolaygazetesi.com\/index.php?rest_route=\/wp\/v2\/media\/20718"}],"wp:attachment":[{"href":"https:\/\/akdenizolaygazetesi.com\/index.php?rest_route=%2Fwp%2Fv2%2Fmedia&parent=20717"}],"wp:term":[{"taxonomy":"category","embeddable":true,"href":"https:\/\/akdenizolaygazetesi.com\/index.php?rest_route=%2Fwp%2Fv2%2Fcategories&post=20717"},{"taxonomy":"post_tag","embeddable":true,"href":"https:\/\/akdenizolaygazetesi.com\/index.php?rest_route=%2Fwp%2Fv2%2Ftags&post=20717"}],"curies":[{"name":"wp","href":"https:\/\/api.w.org\/{rel}","templated":true}]}}