{"id":20720,"date":"2022-09-01T13:15:10","date_gmt":"2022-09-01T10:15:10","guid":{"rendered":"http:\/\/akdenizolaygazetesi.com\/?p=20720"},"modified":"2022-09-01T13:15:10","modified_gmt":"2022-09-01T10:15:10","slug":"yeni-adli-yil-basta-avukatlar-olmak-uzere-tum-yari-mensuplari-ve-yargimiz-acisindan-cok-buyuk-sancilarla-basliyor","status":"publish","type":"post","link":"https:\/\/akdenizolaygazetesi.com\/?p=20720","title":{"rendered":"&#8216;Yeni adli y\u0131l ba\u015fta avukatlar olmak \u00fczere t\u00fcm yar\u0131 mensuplar\u0131 ve yarg\u0131m\u0131z a\u00e7\u0131s\u0131ndan \u00e7ok b\u00fcy\u00fck sanc\u0131larla ba\u015fl\u0131yor&#8217;"},"content":{"rendered":"<p>CHP Mersin Milletvekili Alpay Antmen, Adli Y\u0131l\u0131n ba\u015flamas\u0131 vesilesiyle yaz\u0131l\u0131 bir bas\u0131n a\u00e7\u0131klamas\u0131 yay\u0131nlad\u0131.<\/p>\n<p>Adalet Komisyonu \u00fcyesi olan ve \u0130ki d\u00f6nem Mersin Barosu Ba\u015fkanl\u0131\u011f\u0131 da yapm\u0131\u015f olan CHP&#8217;li Vekil Antmen, &#8220;Yen adli y\u0131l ba\u015fta avukatlar olmak \u00fczere t\u00fcm yar\u0131 mensuplar\u0131 ve yarg\u0131m\u0131z a\u00e7\u0131s\u0131ndan \u00e7ok b\u00fcy\u00fck sanc\u0131larla ba\u015fl\u0131yor. Avukat meslekta\u015flar\u0131m\u0131z\u0131n ekonomik sorunlar\u0131 da\u011f gibi artarken, Avukatlara y\u00f6nelen \u015fiddet ve Avukat intiharlar\u0131 da h\u0131zla \u00e7o\u011falmakta; Yarg\u0131 tarafs\u0131zl\u0131\u011f\u0131n\u0131 ve ba\u011f\u0131ms\u0131zl\u0131\u011f\u0131 yitirerek Saray rejiminin kontrol ve hegemonyas\u0131 alt\u0131na girmi\u015f durumdad\u0131r. Hukukun \u00fcst\u00fcnl\u00fc\u011f\u00fc yerini \u00fcst\u00fcnlerin hukukuna b\u0131rakm\u0131\u015f, iktidar sahipleri ve bir k\u0131s\u0131m  kolluk g\u00fc\u00e7leri kendilerini, varl\u0131k nedeni olduklar\u0131, vatanda\u015ftan \u00fcst\u00fcn g\u00f6r\u00fcr hale gelmi\u015flerdir.&#8221; dedi.<br \/>\nYarg\u0131n\u0131n, iktidara ve tek adama ba\u011fland\u0131\u011f\u0131n\u0131 ifade eden Antmen, a\u00e7\u0131klamas\u0131nda ba\u011f\u0131ms\u0131z yarg\u0131n\u0131n olmad\u0131\u011f\u0131 bir \u00fclkede demokrasi ve \u00f6zg\u00fcrl\u00fc\u011f\u00fcn olamayaca\u011f\u0131n\u0131 ifade etti. Savunma hakk\u0131n\u0131n, yarg\u0131n\u0131n temel \u00f6gelerinden birisi, adaletin sa\u011flanmas\u0131n\u0131n en \u00f6nemli ko\u015fulu oldu\u011funun alt\u0131n\u0131 \u00e7izen Alpay Antmen &#8220;Avukatlar, \u00fcstlendikleri bu \u00f6nemli g\u00f6revle, adaletin sa\u011flanmas\u0131na hizmet ettikleri gibi, vatanda\u015flar\u0131n bir arada ya\u015fama ve e\u015fit yurtta\u015f kimli\u011fiyle  hareket ederek \u00dclkemizde huzura ve birlikte ya\u015fama k\u00fclt\u00fcr\u00fcn\u00fcn i\u00e7selle\u015ftilmesi i\u00e7in at\u0131lan ad\u0131mlarda da \u00f6nemli g\u00f6revler \u00fcstleniyorlar. T\u00fcrkiye bug\u00fcn Hukukun \u00dcst\u00fcnl\u00fc\u011f\u00fc Endeksinde 139 \u00fclke i\u00e7inde 117&#8217;inci s\u0131rada. \u0130\u015fte avukatlar bu gerici ve karanl\u0131k tabloya kar\u015f\u0131 b\u00fcy\u00fck s\u0131k\u0131nt\u0131lar i\u00e7inde hukukun onuru i\u00e7in m\u00fccadele ediyor&#8221; ifadelerini kulland\u0131. \u0130nsan haklar\u0131na ve \u00f6zg\u00fcrl\u00fcklere dayanan, temel hukuk ilkelerinden ayr\u0131lmayan avukatlar\u0131n \u00fczerlerinde ta\u015f\u0131d\u0131\u011f\u0131 c\u00fcbbelerin \u00e7a\u011flar boyunca adaletin, hakk\u0131n ve adaletin sembol\u00fc oldu\u011funu belirten CHP&#8217;li Vekil &#8220;Avukatlar \u0131rk, renk, s\u0131n\u0131f, cinsiyet, ya da inan\u00e7 ayr\u0131m\u0131 yapmaks\u0131z\u0131n t\u00fcm insanl\u0131\u011f\u0131n e\u015fitli\u011fi i\u00e7in sava\u015f\u0131rlar. \u0130\u00e7inde bulundu\u011fumuz bask\u0131, karanl\u0131k ve adaletsizlik d\u00f6nemi i\u00e7inde insanlar\u0131n, hayvanlar\u0131n ve do\u011fan\u0131n t\u00fcm haklar\u0131n\u0131 avukatlar savundu, savunmaya da devam ediyor , mevcut durumda Hukukun \u00fcst\u00fcnl\u00fc\u011f\u00fc , yarg\u0131 ba\u011f\u0131ms\u0131zl\u0131\u011f\u0131 ve \u00dclkemizin yeniden demokrasiye d\u00f6nebilmesi i\u00e7in Avukatlara \u00e7ok b\u00fcy\u00fck g\u00f6rev d\u00fc\u015fecek&#8221; dedi.<\/p>\n<p>Yarg\u0131n\u0131n \u00fc\u00e7 sacaya\u011f\u0131ndan birisi olan avukatlar\u0131n \u00e7ok b\u00fcy\u00fck sorunlarla kar\u015f\u0131 kar\u015f\u0131ya oldu\u011funu belirten Antmen &#8220;Savunma hakk\u0131n\u0131n uygulay\u0131c\u0131s\u0131 ve \u00e7a\u011fda\u015f hukuk sisteminin ayr\u0131lmaz \u00f6gesi olan avukatlar\u0131n \u00f6zl\u00fck haklar\u0131n\u0131n iyile\u015ftirilmesi ve onlar\u0131n sayg\u0131n u\u011fra\u015flar\u0131na yara\u015f\u0131r ya\u015fam ko\u015fullar\u0131na kavu\u015fturulmas\u0131 gerekiyor. \u00c7oklu baro d\u00fczenlemesiyle avukatlar aras\u0131nda par\u00e7alanma yarat\u0131lmak istenmi\u015f, ancak avukatlar bu oyuna gelmemi\u015ftir. Avukatlar\u0131m\u0131z g\u00f6revi ba\u015f\u0131nda \u015fiddete u\u011fruyor, buna derhal \u00f6nlem al\u0131nmas\u0131 gerekiyor. CMK g\u00f6revlendirmelerinde avukatlar haklar\u0131n\u0131 alam\u0131yor, CMK \u00fccretleri asgari avukatl\u0131k \u00fccreti ile e\u015fitlenmelidir. Bir kamu g\u00f6revi y\u00fcr\u00fcten avukatlar\u0131n \u00f6dedi\u011fi KDV oranlar\u0131nda indirime gidilmelidir&#8221; Daha da \u00f6nemli olarak saray iktidar\u0131n\u0131n yarg\u0131dan elini \u00e7ekmesi ve yarg\u0131n\u0131n , mahkemelerin tarafs\u0131z , ba\u011f\u0131ms\u0131z ve objektif olmalar\u0131 \u015fartt\u0131r , zorunludur&#8221; dedi.<\/p>\n","protected":false},"excerpt":{"rendered":"<p>CHP Mersin Milletvekili Alpay Antmen, Adli Y\u0131l\u0131n ba\u015flamas\u0131 vesilesiyle yaz\u0131l\u0131 bir bas\u0131n a\u00e7\u0131klamas\u0131 yay\u0131nlad\u0131. Adalet Komisyonu \u00fcyesi olan ve \u0130ki d\u00f6nem Mersin Barosu Ba\u015fkanl\u0131\u011f\u0131 da yapm\u0131\u015f olan CHP&#8217;li Vekil Antmen, &hellip; <a href=\"https:\/\/akdenizolaygazetesi.com\/?p=20720\" class=\"more-link\">Devam\u0131n\u0131 Oku&#8230;<\/a><\/p>\n","protected":false},"author":2,"featured_media":20721,"comment_status":"open","ping_status":"open","sticky":false,"template":"","format":"standard","meta":[],"categories":[1,2,3,5],"tags":[],"_links":{"self":[{"href":"https:\/\/akdenizolaygazetesi.com\/index.php?rest_route=\/wp\/v2\/posts\/20720"}],"collection":[{"href":"https:\/\/akdenizolaygazetesi.com\/index.php?rest_route=\/wp\/v2\/posts"}],"about":[{"href":"https:\/\/akdenizolaygazetesi.com\/index.php?rest_route=\/wp\/v2\/types\/post"}],"author":[{"embeddable":true,"href":"https:\/\/akdenizolaygazetesi.com\/index.php?rest_route=\/wp\/v2\/users\/2"}],"replies":[{"embeddable":true,"href":"https:\/\/akdenizolaygazetesi.com\/index.php?rest_route=%2Fwp%2Fv2%2Fcomments&post=20720"}],"version-history":[{"count":1,"href":"https:\/\/akdenizolaygazetesi.com\/index.php?rest_route=\/wp\/v2\/posts\/20720\/revisions"}],"predecessor-version":[{"id":20722,"href":"https:\/\/akdenizolaygazetesi.com\/index.php?rest_route=\/wp\/v2\/posts\/20720\/revisions\/20722"}],"wp:featuredmedia":[{"embeddable":true,"href":"https:\/\/akdenizolaygazetesi.com\/index.php?rest_route=\/wp\/v2\/media\/20721"}],"wp:attachment":[{"href":"https:\/\/akdenizolaygazetesi.com\/index.php?rest_route=%2Fwp%2Fv2%2Fmedia&parent=20720"}],"wp:term":[{"taxonomy":"category","embeddable":true,"href":"https:\/\/akdenizolaygazetesi.com\/index.php?rest_route=%2Fwp%2Fv2%2Fcategories&post=20720"},{"taxonomy":"post_tag","embeddable":true,"href":"https:\/\/akdenizolaygazetesi.com\/index.php?rest_route=%2Fwp%2Fv2%2Ftags&post=20720"}],"curies":[{"name":"wp","href":"https:\/\/api.w.org\/{rel}","templated":true}]}}