{"id":20735,"date":"2022-09-02T13:01:00","date_gmt":"2022-09-02T10:01:00","guid":{"rendered":"http:\/\/akdenizolaygazetesi.com\/?p=20735"},"modified":"2022-09-02T13:01:00","modified_gmt":"2022-09-02T10:01:00","slug":"tarsusta-is-sagligi-ve-guvenligi-egitimi-verildi","status":"publish","type":"post","link":"https:\/\/akdenizolaygazetesi.com\/?p=20735","title":{"rendered":"Tarsus\u2019ta \u0130\u015f Sa\u011fl\u0131\u011f\u0131 ve G\u00fcvenli\u011fi E\u011fitimi verildi"},"content":{"rendered":"<p>Mersin Orman B\u00f6lge M\u00fcd\u00fcr\u00fc Mustafa Yal\u00e7\u0131n\u2019\u0131n da kat\u0131ld\u0131\u011f\u0131 \u0130\u015f Sa\u011fl\u0131\u011f\u0131 ve G\u00fcvenli\u011fi E\u011fitimi Tarsus Orman \u0130\u015fletme M\u00fcd\u00fcrl\u00fc\u011f\u00fcnde verildi.<br \/>\nE\u011fitime B\u00f6lge M\u00fcd\u00fcr\u00fc Yal\u00e7\u0131n, Tarsus Orman \u0130\u015fletme M\u00fcd\u00fcr\u00fc Muhammet K\u00f6se, \u0130\u015fletme \u015fefleri, i\u015fe yeni ba\u015flayan i\u015f\u00e7i ve s\u00f6zle\u015fmeli personel ile e\u011fitim s\u00fcresi dolan di\u011fer i\u015f\u00e7iler kat\u0131ld\u0131.<br \/>\nE\u011fitimler, A s\u0131n\u0131f\u0131 \u0130\u015f G\u00fcvenlik Uzman\u0131 Zafer K\u0131z\u0131l, \u0130\u015f yeri Hekimi Dr. C\u00fcneyt Taze taraf\u0131ndan verildi. B\u00f6lge M\u00fcd\u00fcr\u00fc Yal\u00e7\u0131n \u201d\u00d6nlemek, \u00f6demekten daha ucuz ve insanidir. Bu nedenle t\u00fcm personelimize \u0130\u015f Sa\u011fl\u0131\u011f\u0131 ve G\u00fcvenli\u011fi konusunda asgari e\u011fitim ve koruyucu donan\u0131m verilmektedir. Kazalar\u0131n % 88\u2019i tehlikeli davran\u0131\u015flardan kaynakland\u0131\u011f\u0131ndan \u00e7al\u0131\u015fan\u0131m\u0131z\u0131 e\u011fitti\u011fimiz zaman kazalar\u0131n b\u00fcy\u00fck oranda \u00f6nlenece\u011fi a\u015fikard\u0131r.\u201d dedi.<\/p>\n","protected":false},"excerpt":{"rendered":"<p>Mersin Orman B\u00f6lge M\u00fcd\u00fcr\u00fc Mustafa Yal\u00e7\u0131n\u2019\u0131n da kat\u0131ld\u0131\u011f\u0131 \u0130\u015f Sa\u011fl\u0131\u011f\u0131 ve G\u00fcvenli\u011fi E\u011fitimi Tarsus Orman \u0130\u015fletme M\u00fcd\u00fcrl\u00fc\u011f\u00fcnde verildi. E\u011fitime B\u00f6lge M\u00fcd\u00fcr\u00fc Yal\u00e7\u0131n, Tarsus Orman \u0130\u015fletme M\u00fcd\u00fcr\u00fc Muhammet K\u00f6se, \u0130\u015fletme \u015fefleri, &hellip; <a href=\"https:\/\/akdenizolaygazetesi.com\/?p=20735\" class=\"more-link\">Devam\u0131n\u0131 Oku&#8230;<\/a><\/p>\n","protected":false},"author":2,"featured_media":20736,"comment_status":"open","ping_status":"open","sticky":false,"template":"","format":"standard","meta":[],"categories":[3],"tags":[],"_links":{"self":[{"href":"https:\/\/akdenizolaygazetesi.com\/index.php?rest_route=\/wp\/v2\/posts\/20735"}],"collection":[{"href":"https:\/\/akdenizolaygazetesi.com\/index.php?rest_route=\/wp\/v2\/posts"}],"about":[{"href":"https:\/\/akdenizolaygazetesi.com\/index.php?rest_route=\/wp\/v2\/types\/post"}],"author":[{"embeddable":true,"href":"https:\/\/akdenizolaygazetesi.com\/index.php?rest_route=\/wp\/v2\/users\/2"}],"replies":[{"embeddable":true,"href":"https:\/\/akdenizolaygazetesi.com\/index.php?rest_route=%2Fwp%2Fv2%2Fcomments&post=20735"}],"version-history":[{"count":1,"href":"https:\/\/akdenizolaygazetesi.com\/index.php?rest_route=\/wp\/v2\/posts\/20735\/revisions"}],"predecessor-version":[{"id":20737,"href":"https:\/\/akdenizolaygazetesi.com\/index.php?rest_route=\/wp\/v2\/posts\/20735\/revisions\/20737"}],"wp:featuredmedia":[{"embeddable":true,"href":"https:\/\/akdenizolaygazetesi.com\/index.php?rest_route=\/wp\/v2\/media\/20736"}],"wp:attachment":[{"href":"https:\/\/akdenizolaygazetesi.com\/index.php?rest_route=%2Fwp%2Fv2%2Fmedia&parent=20735"}],"wp:term":[{"taxonomy":"category","embeddable":true,"href":"https:\/\/akdenizolaygazetesi.com\/index.php?rest_route=%2Fwp%2Fv2%2Fcategories&post=20735"},{"taxonomy":"post_tag","embeddable":true,"href":"https:\/\/akdenizolaygazetesi.com\/index.php?rest_route=%2Fwp%2Fv2%2Ftags&post=20735"}],"curies":[{"name":"wp","href":"https:\/\/api.w.org\/{rel}","templated":true}]}}