{"id":20738,"date":"2022-09-02T13:02:38","date_gmt":"2022-09-02T10:02:38","guid":{"rendered":"http:\/\/akdenizolaygazetesi.com\/?p=20738"},"modified":"2022-09-02T13:02:38","modified_gmt":"2022-09-02T10:02:38","slug":"buyuksehirin-her-projesi-amacina-ulasiyor","status":"publish","type":"post","link":"https:\/\/akdenizolaygazetesi.com\/?p=20738","title":{"rendered":"B\u00dcY\u00dcK\u015eEH\u0130R&#8217;\u0130N HER PROJES\u0130 AMACINA ULA\u015eIYOR"},"content":{"rendered":"<p>Pandemi nedeniyle i\u015fsiz kalan 2 \u00e7ocuk babas\u0131 Musa Yelli, Mersin B\u00fcy\u00fck\u015fehir Belediyesi&#8217;nin &#8216;Hadi Gel K\u00f6y\u00fcm\u00fcze Destek Verelim&#8217; projesi sayesinde, art\u0131k gelece\u011fe g\u00fcvenle bak\u0131yor. \u0130\u015fsiz kald\u0131ktan sonra tarlalarda yevmiye ile \u00e7al\u0131\u015ft\u0131\u011f\u0131n\u0131 anlatan gen\u00e7 \u00fcretici, &#8220;Parayla almak istesek alamazd\u0131k, ama hi\u00e7 para vermeden hayvan sahibi olduk. Gelece\u011fe art\u0131k g\u00fcvenle bak\u0131yorum&#8221; dedi.<br \/>\nB\u00fcy\u00fck\u015fehirin projesi ile hayat\u0131 de\u011fi\u015fti<br \/>\nMersin B\u00fcy\u00fck\u015fehir Belediyesi, \u00fcretti\u011fi insan odakl\u0131 projelerle farkl\u0131 kesimlere dokunmaya devam ediyor. 34 ya\u015f\u0131ndaki 2 \u00e7ocuk babas\u0131 Musa Yelli de, pandemi nedeni ile ya\u015fad\u0131\u011f\u0131 i\u015fsizlikten, B\u00fcy\u00fck\u015fehir Belediyesi&#8217;nin Tar\u0131msal Hizmetler Dairesi b\u00fcnyesinde ba\u015flatt\u0131\u011f\u0131 &#8216;Hadi Gel K\u00f6y\u00fcm\u00fcze Destek Verelim&#8217; projesi ile kurtulan vatanda\u015flardan.<br \/>\nTarsus&#8217;ta y\u0131llard\u0131r \u00e7al\u0131\u015ft\u0131\u011f\u0131 manifaturac\u0131dan, pandemi nedeni ile ayr\u0131lmak zorunda kalan Musa Yelli, yakla\u015f\u0131k 1 y\u0131l s\u00fcren i\u015fsizli\u011fin ard\u0131ndan, e\u015fini ve \u00e7ocuklar\u0131n\u0131 Tarsus&#8217;ta b\u0131rakarak, baba oca\u011f\u0131 olan Alanyal\u0131 Mahallesi&#8217;ne d\u00f6n\u00fc\u015f yapt\u0131. &#8216;Ne yapaca\u011f\u0131m&#8217; diye kara kara d\u00fc\u015f\u00fcnerek g\u00fcnlerini tarlalarda, ormanda yevmiye ile \u00e7al\u0131\u015farak ge\u00e7iren Yelli&#8217;nin \u015fans\u0131, Mersin B\u00fcy\u00fck\u015fehir Belediyesi&#8217;nin \u00fcreticileri desteklemek amac\u0131yla ba\u015flatt\u0131\u011f\u0131 &#8216;Hadi Gel K\u00f6y\u00fcm\u00fcze Destek Verelim&#8217; projesi ile g\u00fclmeye ba\u015flad\u0131.<br \/>\n&#8220;Bu proje geldikten sonra kendi i\u015fim oldu&#8221;<br \/>\nMahalle muhtar\u0131ndan ald\u0131\u011f\u0131 bilgi \u0131\u015f\u0131\u011f\u0131nda projeye ba\u015fvurdu\u011funu ve B\u00fcy\u00fck\u015fehir Belediyesi&#8217;nin deste\u011fini almaya hak kazand\u0131\u011f\u0131n\u0131 s\u00f6yleyen Yelli, &#8220;Buraya geldi\u011fimde &#8216;Ne yapaca\u011f\u0131m&#8217; diye d\u00fc\u015f\u00fcn\u00fcyordum. Tarlaya, orman i\u015fine gidiyordum. Fakat sonu yoktu. Bu proje geldikten sonra kendi i\u015fim oldu. Daha da iyi olacak in\u015fallah&#8221; diye konu\u015ftu.<br \/>\nProje kapsam\u0131nda 25 koyun ve 4 ton yem deste\u011fi ald\u0131\u011f\u0131n\u0131 aktaran Musa Yelli, &#8220;\u0130lk y\u0131l 9 do\u011fum oldu, 5&#8217;ini belediyeye geri verdim. Bu y\u0131l 18 do\u011fum oldu, onun da bir k\u0131sm\u0131n\u0131 \u00f6n\u00fcm\u00fczdeki y\u0131l verece\u011fim. 200&#8217;e kadar \u00e7o\u011faltmay\u0131 d\u00fc\u015f\u00fcn\u00fcyorum. Kurbanl\u0131k sat\u0131\u015f\u0131m\u0131z olacak. Di\u015fi hayvan sat\u0131\u015f\u0131m\u0131z, et, s\u00fct, peynir sat\u0131\u015f\u0131m\u0131z olacak&#8221; dedi.<br \/>\n&#8220;Kendi imkanlar\u0131m ile b\u00f6yle bir i\u015fe giri\u015femezdim&#8221;<br \/>\nKendi imk\u00e2nlar\u0131 ile b\u00f6yle bir i\u015fe giri\u015femeyece\u011finin alt\u0131n\u0131 \u00e7izen Yelli, &#8220;G\u00fczel bir proje. 25 hayvan verdiler. Par\u00e7a par\u00e7a geri alacaklar, hi\u00e7bir zorlu\u011fu yok. Maddi bir s\u0131k\u0131nt\u0131s\u0131 yok. Parayla almak istesek 25-30 bin lira \u00f6derdik, ama hi\u00e7 para vermeden hayvan sahibi olduk. &#8216;Yapabilir miyim yapamaz m\u0131y\u0131m? Geri Tarsus&#8217;a d\u00f6nmem gerekir mi?&#8217; diye d\u00fc\u015f\u00fcn\u00fcyordum. Buraya gelirken evimi getirmemi\u015ftim. Hayvanlar verildikten sonra buraya ev yapt\u0131rd\u0131k. Ondan sonra tam kesin d\u00f6n\u00fc\u015f\u00fcm\u00fcz\u00fc yapt\u0131k. Daha da iyi olacak. Gelece\u011fe art\u0131k g\u00fcvenle bak\u0131yorum&#8221; ifadelerini kulland\u0131.<br \/>\n&#8220;De\u011fil 25 koyun, 1 koyun alacak durumumuz yoktu&#8221;<br \/>\nE\u015fine, koyunlar\u0131n yeti\u015ftirilmesinde destek oldu\u011funu s\u00f6yleyen Sultan Yelli ise duygular\u0131n\u0131, &#8220;E\u015fim sigortal\u0131 i\u015fte \u00e7al\u0131\u015f\u0131yordu. \u00c7al\u0131\u015ft\u0131\u011f\u0131 yerde s\u0131k\u0131nt\u0131lar oldu, pandemi girdi, ondan sonra buraya yerle\u015fme karar\u0131 ald\u0131k. Her \u015fey bir anda oldu. K\u00fc\u00e7\u00fckba\u015f hayvan deste\u011fi ald\u0131k. Normalde biz kendi imkanlar\u0131m\u0131zla de\u011fil 25 koyun, 1 koyun bile alamazd\u0131k. \u00c7\u00fcnk\u00fc hi\u00e7 durumumuz yoktu. E\u015fim 1 sene \u00e7al\u0131\u015fmad\u0131. Ondan dolay\u0131 buraya yerle\u015ftik zaten. Vahap Se\u00e7er beye te\u015fekk\u00fcr ederim&#8221; s\u00f6zleri ile ifade etti.<\/p>\n","protected":false},"excerpt":{"rendered":"<p>Pandemi nedeniyle i\u015fsiz kalan 2 \u00e7ocuk babas\u0131 Musa Yelli, Mersin B\u00fcy\u00fck\u015fehir Belediyesi&#8217;nin &#8216;Hadi Gel K\u00f6y\u00fcm\u00fcze Destek Verelim&#8217; projesi sayesinde, art\u0131k gelece\u011fe g\u00fcvenle bak\u0131yor. \u0130\u015fsiz kald\u0131ktan sonra tarlalarda yevmiye ile \u00e7al\u0131\u015ft\u0131\u011f\u0131n\u0131 &hellip; <a href=\"https:\/\/akdenizolaygazetesi.com\/?p=20738\" class=\"more-link\">Devam\u0131n\u0131 Oku&#8230;<\/a><\/p>\n","protected":false},"author":2,"featured_media":20739,"comment_status":"open","ping_status":"open","sticky":false,"template":"","format":"standard","meta":[],"categories":[1,2,3],"tags":[],"_links":{"self":[{"href":"https:\/\/akdenizolaygazetesi.com\/index.php?rest_route=\/wp\/v2\/posts\/20738"}],"collection":[{"href":"https:\/\/akdenizolaygazetesi.com\/index.php?rest_route=\/wp\/v2\/posts"}],"about":[{"href":"https:\/\/akdenizolaygazetesi.com\/index.php?rest_route=\/wp\/v2\/types\/post"}],"author":[{"embeddable":true,"href":"https:\/\/akdenizolaygazetesi.com\/index.php?rest_route=\/wp\/v2\/users\/2"}],"replies":[{"embeddable":true,"href":"https:\/\/akdenizolaygazetesi.com\/index.php?rest_route=%2Fwp%2Fv2%2Fcomments&post=20738"}],"version-history":[{"count":1,"href":"https:\/\/akdenizolaygazetesi.com\/index.php?rest_route=\/wp\/v2\/posts\/20738\/revisions"}],"predecessor-version":[{"id":20740,"href":"https:\/\/akdenizolaygazetesi.com\/index.php?rest_route=\/wp\/v2\/posts\/20738\/revisions\/20740"}],"wp:featuredmedia":[{"embeddable":true,"href":"https:\/\/akdenizolaygazetesi.com\/index.php?rest_route=\/wp\/v2\/media\/20739"}],"wp:attachment":[{"href":"https:\/\/akdenizolaygazetesi.com\/index.php?rest_route=%2Fwp%2Fv2%2Fmedia&parent=20738"}],"wp:term":[{"taxonomy":"category","embeddable":true,"href":"https:\/\/akdenizolaygazetesi.com\/index.php?rest_route=%2Fwp%2Fv2%2Fcategories&post=20738"},{"taxonomy":"post_tag","embeddable":true,"href":"https:\/\/akdenizolaygazetesi.com\/index.php?rest_route=%2Fwp%2Fv2%2Ftags&post=20738"}],"curies":[{"name":"wp","href":"https:\/\/api.w.org\/{rel}","templated":true}]}}