{"id":20744,"date":"2022-09-04T08:44:31","date_gmt":"2022-09-04T05:44:31","guid":{"rendered":"http:\/\/akdenizolaygazetesi.com\/?p=20744"},"modified":"2022-09-04T08:44:31","modified_gmt":"2022-09-04T05:44:31","slug":"yapida-farkli-alanlarda-egitim-verilecek-atolyeler-bulunacak","status":"publish","type":"post","link":"https:\/\/akdenizolaygazetesi.com\/?p=20744","title":{"rendered":"Yap\u0131da farkl\u0131 alanlarda e\u011fitim verilecek at\u00f6lyeler bulunacak"},"content":{"rendered":"<p>Mersin B\u00fcy\u00fck\u015fehir Belediyesi taraf\u0131ndan, 2021 y\u0131l\u0131 Eyl\u00fcl ay\u0131nda ihalesi yap\u0131lan ve Ekim ay\u0131nda \u00e7al\u0131\u015fmalar\u0131na ba\u015flanan &#8216;Mersin Mutfak K\u00fclt\u00fcr\u00fc Evi ve Karamanc\u0131lar Kona\u011f\u0131&#8217;n\u0131n restorasyon yap\u0131m i\u015fi \u00e7al\u0131\u015fmalar\u0131 h\u0131zla devam ediyor.<\/p>\n<p>Yap\u0131da farkl\u0131 alanlarda e\u011fitim verilecek at\u00f6lyeler bulunacak<\/p>\n<p>Fen \u0130\u015fleri Dairesi, koruma alan\u0131 s\u0131n\u0131rlar\u0131 i\u00e7inde bulunan ve Mersin&#8217;in eski yerle\u015fim alan\u0131 olan b\u00f6lgedeki, tarihi Karamanc\u0131lar Kona\u011f\u0131&#8217;n\u0131n yeniden kente kazand\u0131r\u0131lmas\u0131 i\u00e7in \u00e7al\u0131\u015fmalar\u0131n\u0131 titizlikle s\u00fcrd\u00fcr\u00fcyor. Restorasyon tamamland\u0131\u011f\u0131nda, 2 bloktan olu\u015fan Karamanc\u0131lar Kona\u011f\u0131&#8217;n\u0131n zemin katlar\u0131nda, Mersin Mutfak K\u00fclt\u00fcr\u00fc&#8217;n\u00fcn tarihten g\u00fcn\u00fcm\u00fcze ziyaret\u00e7ilere tan\u0131t\u0131lmas\u0131 hedefleniyor.<\/p>\n<p>Ayr\u0131ca yap\u0131da Ulu \u00d6nder Mustafa Kemal Atat\u00fcrk ve kentin ileri gelenleri taraf\u0131ndan Kuvayi Milliye&#8217;nin ba\u015flat\u0131lmas\u0131 y\u00f6n\u00fcndeki kararlar\u0131n al\u0131nd\u0131\u011f\u0131 toplant\u0131n\u0131n da canland\u0131r\u0131lmas\u0131 yap\u0131lacak. Yap\u0131n\u0131n \u00fcst kat\u0131nda ise y\u00f6resel yemeklerin sunulaca\u011f\u0131 bir restoran ile a\u015f\u00e7\u0131l\u0131k e\u011fitimlerinin verilece\u011fi mutfak at\u00f6lyeleri; m\u00fczik, resim, el i\u015fi gibi farkl\u0131 alanlarda e\u011fitim verilecek ve sunum yap\u0131lacak at\u00f6lyeler de bulunacak.<\/p>\n<p>&#8220;Karamanc\u0131lar Kona\u011f\u0131 bir\u00e7ok mutfak k\u00fclt\u00fcr\u00fcne ev sahipli\u011fi yapacak&#8221;<\/p>\n<p>B\u00fcy\u00fck\u015fehir Belediyesi Fen \u0130\u015fleri Dairesi Ba\u015fkanl\u0131\u011f\u0131&#8217;nda Restorasyon Uzman\u0131 Y\u00fcksek Mimar ve Karamanc\u0131lar Kona\u011f\u0131&#8217;nda Kontrol M\u00fchendisi olarak g\u00f6rev yapan Aysel Selcan K\u00fc\u00e7\u00fckal\u0131\u00e7 Erturhan, &#8220;Restorasyon projemizde \u00fcst katta, daha \u00e7ok y\u00f6resel yemeklerin sunulaca\u011f\u0131 ve gelenlere eski tarihi dokuyu hissettirecek restoranlar\u0131m\u0131z yer alacak. Ayn\u0131 zamanda \u00e7e\u015fitli etkinliklerin de yap\u0131laca\u011f\u0131 mutfak at\u00f6lyelerimiz mevcut olacak. Burada yap\u0131n\u0131n asl\u0131na uygun olmayan t\u00fcm muhdes ekleri temizledik. Daha sonra duvar g\u00fc\u00e7lendirmelerine ge\u00e7tik. \u015eu anda ah\u015fap \u00e7atk\u0131l\u0131 duvarlar\u0131m\u0131z\u0131n, restorasyon projesine uygun olarak yap\u0131m\u0131 s\u00fcrmekte&#8221; diye konu\u015ftu.<\/p>\n<p>Karamanc\u0131lar Kona\u011f\u0131&#8217;n\u0131n \u00f6nemli ve tarihi bir yap\u0131 oldu\u011funu s\u00f6zlerine ekleyen Erturhan, &#8220;Burada hem y\u00f6resel yemeklerimizin, hem de hem de Girit Mutfa\u011f\u0131 gibi bir\u00e7ok de\u011fi\u015fik k\u00fclt\u00fcrlere ait mutfaklar\u0131n sunuldu\u011fu ve \u00f6\u011fretildi\u011fi at\u00f6lyeler olacak. Onlar i\u00e7in de, bizim i\u00e7in de b\u00fcy\u00fck bir katk\u0131 olacak&#8221; dedi.<\/p>\n","protected":false},"excerpt":{"rendered":"<p>Mersin B\u00fcy\u00fck\u015fehir Belediyesi taraf\u0131ndan, 2021 y\u0131l\u0131 Eyl\u00fcl ay\u0131nda ihalesi yap\u0131lan ve Ekim ay\u0131nda \u00e7al\u0131\u015fmalar\u0131na ba\u015flanan &#8216;Mersin Mutfak K\u00fclt\u00fcr\u00fc Evi ve Karamanc\u0131lar Kona\u011f\u0131&#8217;n\u0131n restorasyon yap\u0131m i\u015fi \u00e7al\u0131\u015fmalar\u0131 h\u0131zla devam ediyor. Yap\u0131da &hellip; <a href=\"https:\/\/akdenizolaygazetesi.com\/?p=20744\" class=\"more-link\">Devam\u0131n\u0131 Oku&#8230;<\/a><\/p>\n","protected":false},"author":2,"featured_media":20745,"comment_status":"open","ping_status":"open","sticky":false,"template":"","format":"standard","meta":[],"categories":[1,2,3],"tags":[],"_links":{"self":[{"href":"https:\/\/akdenizolaygazetesi.com\/index.php?rest_route=\/wp\/v2\/posts\/20744"}],"collection":[{"href":"https:\/\/akdenizolaygazetesi.com\/index.php?rest_route=\/wp\/v2\/posts"}],"about":[{"href":"https:\/\/akdenizolaygazetesi.com\/index.php?rest_route=\/wp\/v2\/types\/post"}],"author":[{"embeddable":true,"href":"https:\/\/akdenizolaygazetesi.com\/index.php?rest_route=\/wp\/v2\/users\/2"}],"replies":[{"embeddable":true,"href":"https:\/\/akdenizolaygazetesi.com\/index.php?rest_route=%2Fwp%2Fv2%2Fcomments&post=20744"}],"version-history":[{"count":1,"href":"https:\/\/akdenizolaygazetesi.com\/index.php?rest_route=\/wp\/v2\/posts\/20744\/revisions"}],"predecessor-version":[{"id":20746,"href":"https:\/\/akdenizolaygazetesi.com\/index.php?rest_route=\/wp\/v2\/posts\/20744\/revisions\/20746"}],"wp:featuredmedia":[{"embeddable":true,"href":"https:\/\/akdenizolaygazetesi.com\/index.php?rest_route=\/wp\/v2\/media\/20745"}],"wp:attachment":[{"href":"https:\/\/akdenizolaygazetesi.com\/index.php?rest_route=%2Fwp%2Fv2%2Fmedia&parent=20744"}],"wp:term":[{"taxonomy":"category","embeddable":true,"href":"https:\/\/akdenizolaygazetesi.com\/index.php?rest_route=%2Fwp%2Fv2%2Fcategories&post=20744"},{"taxonomy":"post_tag","embeddable":true,"href":"https:\/\/akdenizolaygazetesi.com\/index.php?rest_route=%2Fwp%2Fv2%2Ftags&post=20744"}],"curies":[{"name":"wp","href":"https:\/\/api.w.org\/{rel}","templated":true}]}}