{"id":20747,"date":"2022-09-04T08:46:02","date_gmt":"2022-09-04T05:46:02","guid":{"rendered":"http:\/\/akdenizolaygazetesi.com\/?p=20747"},"modified":"2022-09-04T08:46:02","modified_gmt":"2022-09-04T05:46:02","slug":"kariyer-merkezi-kursiyerleri-is-dunyasi-ile-bulusuyor","status":"publish","type":"post","link":"https:\/\/akdenizolaygazetesi.com\/?p=20747","title":{"rendered":"KAR\u0130YER MERKEZ\u0130 KURS\u0130YERLER\u0130 \u0130\u015e D\u00dcNYASI \u0130LE BULU\u015eUYOR"},"content":{"rendered":"<p>Mersin B\u00fcy\u00fck\u015fehir Belediyesi Kariyer Merkezi koordinesinde 2022 d\u00f6neminde hayata ge\u00e7irilen Yetenek D\u00f6n\u00fc\u015f\u00fcm Projesi&#8217;nde yer alan gen\u00e7ler, bir yandan mesleki e\u011fitim program\u0131 ile sertifika almaya hak kazan\u0131rken di\u011fer yandan i\u015f hayat\u0131na haz\u0131rl\u0131k programlar\u0131ndan da faydalan\u0131yor. Proje kapsam\u0131nda kursa kat\u0131lan kursiyerlere y\u00f6nelik &#8216;Tecr\u00fcbe Payla\u015f\u0131m Program\u0131&#8217; d\u00fczenlendi.<\/p>\n<p>Sat\u0131\u015f dan\u0131\u015fmanl\u0131\u011f\u0131 kursiyerleri ile tecr\u00fcbe payla\u015f\u0131m program\u0131 ger\u00e7ekle\u015ftirildi<\/p>\n<p>Mersin B\u00fcy\u00fck\u015fehir Belediyesi Kariyer Merkezi, Merkez Halk E\u011fitim M\u00fcd\u00fcrl\u00fc\u011f\u00fc, Mersin Ticaret ve Sanayi Odas\u0131, MTSO E\u011fitim ve Kalk\u0131nma Vakf\u0131, Mersin Perakendeci \u0130\u015f Adamlar\u0131 Derne\u011fi, Giri\u015fimci \u0130nsan Kaynaklar\u0131 Derne\u011fi i\u015f birli\u011finde a\u00e7\u0131lan Sat\u0131\u015f Dan\u0131\u015fmanl\u0131\u011f\u0131 Kursu&#8217;na devam eden kursiyerlere y\u00f6nelik, &#8216;Tecr\u00fcbe Payla\u015f\u0131m Program\u0131&#8217; d\u00fczenlendi. Mersin Ticaret ve Sanayi Odas\u0131&#8217;nda ger\u00e7ekle\u015ftirilen program\u0131n konu\u011fu, Mersin Ticaret ve Sanayi Odas\u0131 E\u011fitim ve Kalk\u0131nma Vakf\u0131 Ba\u015fkan Vekili, E\u011fitimci ve \u0130\u015f \u0130nsan\u0131 Tamer G\u00fcner oldu. Ger\u00e7ekle\u015ftirilen sunumda &#8220;sat\u0131\u015f teknikleri, ileti\u015fim, motivasyon, fark\u0131ndal\u0131k, imaj y\u00f6netimi&#8221; gibi konulara de\u011finerek tecr\u00fcbe payla\u015f\u0131m\u0131nda bulunuldu.<\/p>\n<p>Tecr\u00fcbe Payla\u015f\u0131m Program\u0131&#8217;nda ayr\u0131ca i\u015f d\u00fcnyas\u0131n\u0131n adaylardan beklentileri, mesle\u011fin gereklilikleri, pandemi sonras\u0131 i\u015fverenlerin adaylardan bekledi\u011fi yetkinlik setleri ve ba\u015far\u0131l\u0131 bir i\u015f hayat\u0131 i\u00e7in \u00f6neriler gibi bir\u00e7ok konuda kursiyerlerle interaktif bilgi al\u0131\u015fveri\u015fi yap\u0131ld\u0131.<\/p>\n<p>&#8220;\u0130stihdama Y\u00f6nelik Projeleri hayata ge\u00e7iriyoruz&#8221;<\/p>\n<p>Mersin B\u00fcy\u00fck\u015fehir Belediyesi Kariyer Merkez M\u00fcd\u00fcr\u00fc Serkan \u00d6zada,  Kariyer Merkezi&#8217;nin ger\u00e7ekle\u015ftirdi\u011fi kurumlar aras\u0131 i\u015fbirlikleri ve hayata ge\u00e7irilen bir\u00e7ok projeyle gen\u00e7lerin istihdam edilebilirli\u011fine katk\u0131 sunduklar\u0131n\u0131 belirtti. Yetenek D\u00f6n\u00fc\u015f\u00fcm Projesi&#8217;yle mesleki e\u011fitimin yan\u0131nda, kariyer dan\u0131\u015fmanl\u0131\u011f\u0131 ve i\u015f arama dan\u0131\u015fmanl\u0131\u011f\u0131 hizmetlerini bir b\u00fct\u00fcn olarak sunduklar\u0131n\u0131n alt\u0131n\u0131 \u00e7izen \u00d6zada, kurumlar aras\u0131 i\u015f birliklerine dayal\u0131 projelerin, gen\u00e7lerin kariyer yolculuklar\u0131 i\u00e7in avantaj sa\u011flad\u0131\u011f\u0131n\u0131 s\u00f6yledi.<\/p>\n","protected":false},"excerpt":{"rendered":"<p>Mersin B\u00fcy\u00fck\u015fehir Belediyesi Kariyer Merkezi koordinesinde 2022 d\u00f6neminde hayata ge\u00e7irilen Yetenek D\u00f6n\u00fc\u015f\u00fcm Projesi&#8217;nde yer alan gen\u00e7ler, bir yandan mesleki e\u011fitim program\u0131 ile sertifika almaya hak kazan\u0131rken di\u011fer yandan i\u015f hayat\u0131na &hellip; <a href=\"https:\/\/akdenizolaygazetesi.com\/?p=20747\" class=\"more-link\">Devam\u0131n\u0131 Oku&#8230;<\/a><\/p>\n","protected":false},"author":2,"featured_media":20748,"comment_status":"open","ping_status":"open","sticky":false,"template":"","format":"standard","meta":[],"categories":[1,2,3,5],"tags":[],"_links":{"self":[{"href":"https:\/\/akdenizolaygazetesi.com\/index.php?rest_route=\/wp\/v2\/posts\/20747"}],"collection":[{"href":"https:\/\/akdenizolaygazetesi.com\/index.php?rest_route=\/wp\/v2\/posts"}],"about":[{"href":"https:\/\/akdenizolaygazetesi.com\/index.php?rest_route=\/wp\/v2\/types\/post"}],"author":[{"embeddable":true,"href":"https:\/\/akdenizolaygazetesi.com\/index.php?rest_route=\/wp\/v2\/users\/2"}],"replies":[{"embeddable":true,"href":"https:\/\/akdenizolaygazetesi.com\/index.php?rest_route=%2Fwp%2Fv2%2Fcomments&post=20747"}],"version-history":[{"count":1,"href":"https:\/\/akdenizolaygazetesi.com\/index.php?rest_route=\/wp\/v2\/posts\/20747\/revisions"}],"predecessor-version":[{"id":20749,"href":"https:\/\/akdenizolaygazetesi.com\/index.php?rest_route=\/wp\/v2\/posts\/20747\/revisions\/20749"}],"wp:featuredmedia":[{"embeddable":true,"href":"https:\/\/akdenizolaygazetesi.com\/index.php?rest_route=\/wp\/v2\/media\/20748"}],"wp:attachment":[{"href":"https:\/\/akdenizolaygazetesi.com\/index.php?rest_route=%2Fwp%2Fv2%2Fmedia&parent=20747"}],"wp:term":[{"taxonomy":"category","embeddable":true,"href":"https:\/\/akdenizolaygazetesi.com\/index.php?rest_route=%2Fwp%2Fv2%2Fcategories&post=20747"},{"taxonomy":"post_tag","embeddable":true,"href":"https:\/\/akdenizolaygazetesi.com\/index.php?rest_route=%2Fwp%2Fv2%2Ftags&post=20747"}],"curies":[{"name":"wp","href":"https:\/\/api.w.org\/{rel}","templated":true}]}}