{"id":20750,"date":"2022-09-04T08:47:52","date_gmt":"2022-09-04T05:47:52","guid":{"rendered":"http:\/\/akdenizolaygazetesi.com\/?p=20750"},"modified":"2022-09-04T08:47:52","modified_gmt":"2022-09-04T05:47:52","slug":"turkulerimin-ustune-daha-ne-katabilirim-dusuncesindeyim","status":"publish","type":"post","link":"https:\/\/akdenizolaygazetesi.com\/?p=20750","title":{"rendered":"&#8220;T\u00dcRK\u00dcLER\u0130M\u0130N \u00dcST\u00dcNE DAHA NE KATAB\u0130L\u0130R\u0130M D\u00dc\u015e\u00dcNCES\u0130NDEY\u0130M&#8221;"},"content":{"rendered":"<p>Yakla\u015f\u0131k 1,5 y\u0131ld\u0131r Mersin B\u00fcy\u00fck\u015fehir Belediyesi \u00c7evre Koruma Dairesi Ba\u015fkanl\u0131\u011f\u0131&#8217;nda temizlik i\u015f\u00e7isi olarak g\u00f6rev yapmaktayken, B\u00fcy\u00fck\u015fehir Belediyesi taraf\u0131ndan a\u00e7\u0131lan s\u0131nava giren ve yetene\u011finden dolay\u0131 j\u00fcrinin y\u00f6nlendirmesiyle K\u00fclt\u00fcr ve Sosyal \u0130\u015fler Daire Ba\u015fkanl\u0131\u011f\u0131&#8217;na ba\u011fl\u0131 THM toplulu\u011fu solistlerinden birisi olan 41 ya\u015f\u0131ndaki \u00c7i\u011fdem Akdo\u011fan, ba\u015far\u0131 hikayesinin arkas\u0131nda &#8216;Hayallerinin pe\u015finden gitmek&#8217; oldu\u011funu s\u00f6yledi.<\/p>\n<p>Ge\u00e7mi\u015fte farkl\u0131 sekt\u00f6rlerde \u00e7al\u0131\u015ft\u0131\u011f\u0131n\u0131, ancak evlenip \u00e7ocuk sahibi olduktan sonra \u00e7al\u0131\u015fma hayat\u0131na ara vermek zorunda kald\u0131\u011f\u0131n\u0131 s\u00f6yleyen Akdo\u011fan &#8220;M\u00fczi\u011fe yetene\u011fim vard\u0131 ve m\u00fczikle hep i\u00e7 i\u00e7eydim. Hobi olarak m\u00fczikle u\u011fra\u015fmaya devam ediyordum. Pandemi d\u00f6neminde ise, Mersin B\u00fcy\u00fck\u015fehir Belediyesi&#8217;nin personel al\u0131m ilan\u0131 dikkatimi \u00e7ekti. Ben de ba\u015fvurumu ger\u00e7ekle\u015ftirdim ve temizlik i\u015f\u00e7isi olarak i\u015fba\u015f\u0131 yapt\u0131m&#8221; dedi.<\/p>\n<p>8 ayd\u0131r THM toplulu\u011fu solisti<\/p>\n<p>Akdo\u011fan i\u015fini severek yapt\u0131\u011f\u0131n\u0131, ba\u015flang\u0131\u00e7ta solist olmak gibi d\u00fc\u015f\u00fcncesi olmad\u0131\u011f\u0131n\u0131, ancak THM toplulu\u011funa solist olarak kabul edilmesinin, kendisinin bile \u015fa\u015f\u0131rd\u0131\u011f\u0131 bir \u015fekilde ger\u00e7ekle\u015fti\u011fini s\u00f6yledi.<\/p>\n<p>\u0130\u015f \u00e7\u0131k\u0131\u015f\u0131 evine d\u00f6nerken Mersin B\u00fcy\u00fck\u015fehir Belediyesi&#8217;nin sosyal medya hesab\u0131nda &#8216;Solist Al\u0131m S\u0131nav\u0131&#8217; duyurusunu g\u00f6rd\u00fc\u011f\u00fcn\u00fc ve &#8216;Neden ba\u015fvurmayay\u0131m ki?&#8217; diye d\u00fc\u015f\u00fcnd\u00fc\u011f\u00fcn\u00fc ifade eden Akdo\u011fan, &#8220;G\u00f6rd\u00fc\u011f\u00fcm ilan \u00fczerine ben de s\u0131nava ba\u015fvurdum. S\u0131nav\u0131 kazanamad\u0131m, fakat j\u00fcrinin yetene\u011fimden dolay\u0131 beni y\u00f6nlendirmesiyle K\u00fclt\u00fcr ve Sosyal \u0130\u015fler Dairesi Ba\u015fkanl\u0131\u011f\u0131&#8217;na ba\u011fl\u0131 THM toplulu\u011funa solist olarak ge\u00e7i\u015fim oldu&#8221; \u015feklinde konu\u015ftu.<\/p>\n<p>&#8220;B\u00fcy\u00fck\u015fehir Belediyesi&#8217;nin k\u00fclt\u00fcre ve sanata verdi\u011fi de\u011feri birebir g\u00f6rd\u00fcm&#8221;<\/p>\n<p>Ba\u015fkan Vahap Se\u00e7er&#8217;in \u00f6nc\u00fcl\u00fc\u011f\u00fcnde, Mersin B\u00fcy\u00fck\u015fehir Belediyesi&#8217;nin k\u00fclt\u00fcre ve sanata verdi\u011fi de\u011feri duydu\u011funu, Mersin genelinde ger\u00e7ekle\u015fen k\u00fclt\u00fcrel ve sanatsal etkinliklerin yo\u011funla\u015fmas\u0131n\u0131n dikkatini \u00e7ekti\u011fini, ancak i\u00e7ine girince bire bir g\u00f6rme \u015fans\u0131na eri\u015fti\u011fini de dile getiren \u00c7i\u011fdem Akdo\u011fan yeni hedefleri i\u00e7in ise, &#8220;Buras\u0131 benim i\u00e7in ger\u00e7ekten bir okul gibi. T\u00fcrk\u00fclerimin \u00fcst\u00fcne daha ne katabilirim diye d\u00fc\u015f\u00fcn\u00fcyorum. Repertuar\u0131m\u0131 geni\u015fletip, daha \u00e7ok yerlere ula\u015fmak istiyorum&#8221; ifadelerini kulland\u0131.<\/p>\n<p>&#8220;Buras\u0131 benim i\u00e7in tam bir aile ortam\u0131&#8221;<\/p>\n<p>\u00c7evresindeki yak\u0131nlar\u0131n\u0131n da bu durumdan olduk\u00e7a mutlu oldu\u011funu dile getiren Akdo\u011fan, &#8220;Zaten ailem ve \u00e7evrem m\u00fczikle u\u011fra\u015ft\u0131\u011f\u0131m\u0131 biliyordu, ama b\u00f6yle bir platformda \u00e7al\u0131\u015fmak benim i\u00e7in ayr\u0131 g\u00fczellikte bir olay. E\u015fim zaten beni her anlamda destekliyordu. M\u00fczi\u011fe olan ilgimi ve sevgimi biliyordu. Biliyorsunuz m\u00fczik her yerde yap\u0131lm\u0131yor. Ama buras\u0131 ger\u00e7ekten de benim i\u00e7in tam bir aile ortam\u0131. K\u00fclt\u00fcrel faaliyetlerimizi yapabilece\u011fimiz \u00e7ok g\u00fczel bir platform. Bu anlamda \u00e7ok \u015fansl\u0131y\u0131m diyebilirim&#8221; diye konu\u015ftu.<\/p>\n","protected":false},"excerpt":{"rendered":"<p>Yakla\u015f\u0131k 1,5 y\u0131ld\u0131r Mersin B\u00fcy\u00fck\u015fehir Belediyesi \u00c7evre Koruma Dairesi Ba\u015fkanl\u0131\u011f\u0131&#8217;nda temizlik i\u015f\u00e7isi olarak g\u00f6rev yapmaktayken, B\u00fcy\u00fck\u015fehir Belediyesi taraf\u0131ndan a\u00e7\u0131lan s\u0131nava giren ve yetene\u011finden dolay\u0131 j\u00fcrinin y\u00f6nlendirmesiyle K\u00fclt\u00fcr ve Sosyal \u0130\u015fler &hellip; <a href=\"https:\/\/akdenizolaygazetesi.com\/?p=20750\" class=\"more-link\">Devam\u0131n\u0131 Oku&#8230;<\/a><\/p>\n","protected":false},"author":2,"featured_media":20751,"comment_status":"open","ping_status":"open","sticky":false,"template":"","format":"standard","meta":[],"categories":[1,2,3,5],"tags":[],"_links":{"self":[{"href":"https:\/\/akdenizolaygazetesi.com\/index.php?rest_route=\/wp\/v2\/posts\/20750"}],"collection":[{"href":"https:\/\/akdenizolaygazetesi.com\/index.php?rest_route=\/wp\/v2\/posts"}],"about":[{"href":"https:\/\/akdenizolaygazetesi.com\/index.php?rest_route=\/wp\/v2\/types\/post"}],"author":[{"embeddable":true,"href":"https:\/\/akdenizolaygazetesi.com\/index.php?rest_route=\/wp\/v2\/users\/2"}],"replies":[{"embeddable":true,"href":"https:\/\/akdenizolaygazetesi.com\/index.php?rest_route=%2Fwp%2Fv2%2Fcomments&post=20750"}],"version-history":[{"count":1,"href":"https:\/\/akdenizolaygazetesi.com\/index.php?rest_route=\/wp\/v2\/posts\/20750\/revisions"}],"predecessor-version":[{"id":20752,"href":"https:\/\/akdenizolaygazetesi.com\/index.php?rest_route=\/wp\/v2\/posts\/20750\/revisions\/20752"}],"wp:featuredmedia":[{"embeddable":true,"href":"https:\/\/akdenizolaygazetesi.com\/index.php?rest_route=\/wp\/v2\/media\/20751"}],"wp:attachment":[{"href":"https:\/\/akdenizolaygazetesi.com\/index.php?rest_route=%2Fwp%2Fv2%2Fmedia&parent=20750"}],"wp:term":[{"taxonomy":"category","embeddable":true,"href":"https:\/\/akdenizolaygazetesi.com\/index.php?rest_route=%2Fwp%2Fv2%2Fcategories&post=20750"},{"taxonomy":"post_tag","embeddable":true,"href":"https:\/\/akdenizolaygazetesi.com\/index.php?rest_route=%2Fwp%2Fv2%2Ftags&post=20750"}],"curies":[{"name":"wp","href":"https:\/\/api.w.org\/{rel}","templated":true}]}}