{"id":20753,"date":"2022-09-04T08:49:34","date_gmt":"2022-09-04T05:49:34","guid":{"rendered":"http:\/\/akdenizolaygazetesi.com\/?p=20753"},"modified":"2022-09-04T08:49:34","modified_gmt":"2022-09-04T05:49:34","slug":"toroslar-belediyesinden-universite-ogrencilerini-sevindirecek-egitim-yardimi","status":"publish","type":"post","link":"https:\/\/akdenizolaygazetesi.com\/?p=20753","title":{"rendered":"TOROSLAR BELED\u0130YES\u0130NDEN, \u00dcN\u0130VERS\u0130TE \u00d6\u011eRENC\u0130LER\u0130N\u0130 SEV\u0130ND\u0130RECEK E\u011e\u0130T\u0130M YARDIMI"},"content":{"rendered":"<p>Toroslar Belediyesi, 2022-2023 e\u011fitim \u00f6\u011fretim y\u0131l\u0131nda da \u00fcniversite \u00f6\u011frencilerinin e\u011fitim s\u00fcrecine verdi\u011fi deste\u011fi s\u00fcrd\u00fcr\u00fcyor. Belediye, \u00fcniversiteyi kazanan lisans \u00f6\u011frencilerine 3 bin 200 TL, \u00f6nlisans \u00f6\u011frencilerine ise bin 600 TL yard\u0131m yapacak.<\/p>\n<p>Toroslar Belediye Meclisi&#8217;nin Eyl\u00fcl Ay\u0131 Toplant\u0131s\u0131&#8217;n\u0131n g\u00fcndeminde yer alan \u00fcniversite \u00f6\u011frencilerine e\u011fitim yard\u0131m\u0131 oy birli\u011fiyle kabul edildi.<\/p>\n<p>\u00d6SYM taraf\u0131ndan yap\u0131lan 2022 y\u0131l\u0131 Y\u00fcksek\u00f6\u011fretim Kurumlar\u0131 S\u0131nav\u0131&#8217;nda A\u00e7\u0131k \u00d6\u011fretim Fak\u00fclteleri hari\u00e7 olmak \u00fczere T\u00fcrkiye&#8217;de yerle\u015fik Devlet \u00dcniversitelerinin b\u00f6l\u00fcmlerini kazananlar ile T\u00fcrkiye ve KKTC&#8217;de yerle\u015fik Vak\u0131f \u00dcniversitelerinin b\u00f6l\u00fcmlerini tam burslu kazananlar bu yard\u0131mdan yararlanabilecek.<\/p>\n<p>Ailesi (Anne ve babadan en az birisi) Toroslar&#8217;da ikamet eden ve burs ba\u015fvurusu ko\u015fullar\u0131n\u0131 sa\u011flayan \u00f6\u011frenciler, ilk y\u0131l i\u00e7in ve bir defaya mahsus olmak \u00fczere Toroslar Belediyesinin kar\u015f\u0131l\u0131ks\u0131z e\u011fitim yard\u0131m\u0131 i\u00e7in ba\u015fvuruda bulunabilecek.<\/p>\n<p>&#8220;E\u011fitim Yard\u0131m\u0131m\u0131z\u0131, \u00d6\u011frencilerimize En K\u0131sa Zamanda Ula\u015ft\u0131raca\u011f\u0131z&#8221;<\/p>\n<p>Toroslar Belediye Ba\u015fkan\u0131 Ats\u0131z Af\u015f\u0131n Y\u0131lmaz, e\u011fitim yard\u0131m\u0131n\u0131n \u00f6\u011frencilere ve ailelerine hay\u0131rl\u0131 olmas\u0131n\u0131 dileyerek; &#8220;Gelece\u011fimizin teminat\u0131 gen\u00e7lerimiz i\u00e7in elimizden gelen her \u015feyi yapmaya devam ediyoruz. \u00dcniversitelerin 4 y\u0131ll\u0131k b\u00f6l\u00fcmlerini kazanan \u00f6\u011frencilere 3 bin 200 TL, 2 y\u0131ll\u0131k b\u00f6l\u00fcmleri kazanan \u00f6\u011frencilere de bin 600 TL kar\u015f\u0131l\u0131ks\u0131z yard\u0131mda bulunaca\u011f\u0131z. Eyl\u00fcl ay\u0131 i\u00e7erisindeyiz. Bu yard\u0131mlar\u0131n \u00f6\u011frencilerimize bir an \u00f6nce ula\u015fmas\u0131n\u0131 istiyoruz. Onlar\u0131n y\u00fczlerinde bir tebess\u00fcm b\u0131rakabilirsek ne mutlu bize&#8221; dedi.<\/p>\n<p>Ba\u015fkan Y\u0131lmaz, e\u011fitim yard\u0131m\u0131 ile ilgili ba\u015fvuru \u015fartlar\u0131n\u0131n en yak\u0131n zamanda belediyenin web sitesinden ve sosyal medya hesaplar\u0131ndan yay\u0131nlanaca\u011f\u0131n\u0131n bilgisini de verdi.<\/p>\n<p>&#8220;\u015eehit Jandarma Er Samet A\u011f\u0131r&#8217;\u0131n \u0130smi Toroslar&#8217;da Ya\u015fayacak&#8221;<\/p>\n<p>Toroslar Belediyesi, vatan u\u011fruna canlar\u0131n\u0131 feda eden \u015fehitlerin isimlerini il\u00e7ede bulunan parklarda ya\u015fatmaya devam ediyor.<\/p>\n<p>G\u00fcndem maddelerinin g\u00f6r\u00fc\u015f\u00fclerek karara ba\u011fland\u0131\u011f\u0131 meclis toplant\u0131s\u0131nda, 2015 y\u0131l\u0131nda ge\u00e7irdi\u011fi bir trafik kazas\u0131 sonucu \u015fehit d\u00fc\u015fen Jandarma Er Samet A\u011f\u0131r&#8217;\u0131n isminin, Portakal Mahallesi s\u0131n\u0131rlar\u0131 i\u00e7erisindeki yakla\u015f\u0131k 2 bin 390 metrekarelik alanda yer alan parka verilmesine ili\u015fkin konu da g\u00f6r\u00fc\u015f\u00fclerek oy birli\u011fiyle kabul edildi.<\/p>\n<p>Ba\u015fkan Y\u0131lmaz; &#8220;Vatan\u0131m\u0131z\u0131n b\u00f6l\u00fcnmez b\u00fct\u00fcnl\u00fc\u011f\u00fc ve devletimizin bekas\u0131 u\u011fruna canlar\u0131n\u0131 feda eden \u015fehitlerimiz i\u00e7in ne yapsak az. \u015eehidimiz Jandarma Er Samet A\u011f\u0131r&#8217;\u0131n ismini il\u00e7emizdeki park\u0131m\u0131zda ya\u015fataca\u011f\u0131z. T\u00fcm \u015fehitlerimize Allah&#8217;tan rahmet, ailelerine sab\u0131r diliyoruz&#8221; diye konu\u015ftu.<\/p>\n<p>Toplant\u0131, dilek ve temenniler ile son buldu. Toroslar Belediye Meclisi&#8217;nin Ekim Ay\u0131 Toplant\u0131s\u0131, 04 Ekim Sal\u0131 g\u00fcn\u00fc saat 14.00&#8217;da ger\u00e7ekle\u015ftirilecek.<\/p>\n<p>Ba\u015fkan Y\u0131lmaz&#8217;dan, B\u00fcy\u00fck\u015fehir Belediyesine &#8220;Asfalt&#8221; \u00c7\u0131k\u0131\u015f\u0131<\/p>\n<p>Toroslar Belediye Ba\u015fkan\u0131 Ats\u0131z Af\u015f\u0131n Y\u0131lmaz, asfalt \u00e7al\u0131\u015fmalar\u0131yla ilgili soruya kar\u015f\u0131l\u0131k vererek, kurum ve kurulu\u015flar\u0131n il\u00e7ede y\u00fcr\u00fctt\u00fc\u011f\u00fc alt yap\u0131 \u00e7al\u0131\u015fmalar\u0131 sonucu bozulan, ancak eski hale getirilmeyen yollar\u0131n vatanda\u015flar\u0131 ma\u011fdur etti\u011fini s\u00f6yledi.<\/p>\n<p>G\u00f6reve geldikleri g\u00fcnden bug\u00fcne kadar ge\u00e7ti\u011fimiz 3 bu\u00e7uk y\u0131l i\u00e7erisinde 85 bin ton s\u0131cak asfalt, 500 bin metrekare parke ve sathi kaplama asfalt \u00e7al\u0131\u015fmalar\u0131 yapt\u0131klar\u0131n\u0131 hat\u0131rlatan Ba\u015fkan Y\u0131lmaz, kurum ve kurulu\u015flar aras\u0131ndaki koordinasyonsuz \u00e7al\u0131\u015fma y\u00fcz\u00fcnden yap\u0131lan baz\u0131 yollar\u0131n bozuldu\u011funu s\u00f6yledi.<\/p>\n<p>Bu konuda Mersin B\u00fcy\u00fck\u015fehir Belediyesi&#8217;ne de &#8220;asfalt&#8221; \u00e7\u0131k\u0131\u015f\u0131nda bulunan Ba\u015fkan Y\u0131lmaz; &#8220;Asfalt \u00e7al\u0131\u015fmalar\u0131m\u0131za ge\u00e7ti\u011fimiz hafta ba\u015flad\u0131k. Kurum ve kurulu\u015flar aras\u0131ndaki koordinasyonsuzluk nedeniyle asfalt \u00e7al\u0131\u015fmas\u0131 yapt\u0131\u011f\u0131m\u0131z yerlerde kaz\u0131 \u00e7al\u0131\u015fmalar\u0131 yap\u0131l\u0131yor. G\u00f6zne Mahallemizde \u00e7al\u0131\u015fmalar\u0131m\u0131z\u0131 tamamlad\u0131k. Bizden sonra MESK\u0130 \u00e7al\u0131\u015fmalara ba\u015flad\u0131. B\u00fct\u00fcn yollar\u0131 kaz\u0131d\u0131lar. G\u00f6zne&#8217;de \u00e7al\u0131\u015fmalara ba\u015flamadan \u00f6nce Nerelerde \u00e7al\u0131\u015fma yapacaks\u0131n\u0131z? diye sormam\u0131za ve ona g\u00f6re plan yapal\u0131m dememize ra\u011fmen plan ve programlar\u0131n\u0131 bizimle payla\u015fmad\u0131lar. Mersin B\u00fcy\u00fck\u015fehir Belediye Ba\u015fkan\u0131 Say\u0131n Vahap Se\u00e7er, \u015f\u00f6yle bir ifade sarf etti; &#8220;Biz paray\u0131 \u00f6dedik, Toroslar Belediyesi yapmad\u0131&#8221; dedi. G\u00f6zne&#8217;de yap\u0131lacak asfalt\u0131n maliyeti 20 milyon TL, B\u00fcy\u00fck\u015fehir Belediyesinin bize g\u00f6nderdi\u011fi miktar 500 bin TL. G\u00f6nderdikleri parayla bu \u00e7al\u0131\u015fmay\u0131 yapmam\u0131z m\u00fcmk\u00fcn de\u011fil. Cari asfalt fiyatlar\u0131n\u0131 dikkate alm\u0131yorlar ve \u00e7ok d\u00fc\u015f\u00fck bedeller \u00f6demek istiyorlar. Vatanda\u015f\u0131m\u0131z\u0131n ya\u015fad\u0131\u011f\u0131 s\u0131k\u0131nt\u0131 in\u015fallah ortadan kalkar. \u00d6ncelikle en \u00e7ok ihtiya\u00e7 olan mahallelerimizde bu \u00e7al\u0131\u015fmalar\u0131m\u0131z\u0131 ger\u00e7ekle\u015ftirece\u011fiz ve peyderpey tamamlayaca\u011f\u0131z&#8221; \u015feklinde konu\u015ftu.<\/p>\n<p>&#8220;Milli De\u011ferlerimiz Etraf\u0131nda Birle\u015fmek Bizim G\u00f6revimiz&#8221;<\/p>\n<p>Malazgirt Zaferi&#8217;nin 951&#8217;inci y\u0131l\u0131 sebebiyle Ahlat ve Malazgirt&#8217;te d\u00fczenlenen kutlama program\u0131na kat\u0131ld\u0131klar\u0131n\u0131 da belirten Ba\u015fkan Y\u0131lmaz, 30 A\u011fustos Zafer Bayram\u0131&#8217;n\u0131n 100. y\u0131l\u0131n\u0131 da Toroslar&#8217;da co\u015fkuyla ger\u00e7ekle\u015ftirmenin mutlulu\u011funu ya\u015fad\u0131klar\u0131n\u0131 s\u00f6yledi.<\/p>\n<p>Ba\u015fkan Y\u0131lmaz; &#8220;30 A\u011fustos Zafer Haftas\u0131&#8217;n\u0131 il\u00e7emizde konserler, futbol turnuvas\u0131 ve g\u00fcre\u015f etkinliklerimizle ta\u00e7land\u0131rd\u0131k. Kat\u0131lan herkese te\u015fekk\u00fcr ediyorum. 30 A\u011fustos g\u00fcn\u00fc binlerce ki\u015fi Toroslar Cumhuriyet Alan\u0131&#8217;ndan &#8220;Ya\u015fas\u0131n Kuvay\u0131 Milliye Ruhu&#8221;, &#8220;Ya\u015fas\u0131n Cumhuriyet&#8221; ve &#8220;Ya\u015fas\u0131n Tam Ba\u011f\u0131ms\u0131z T\u00fcrkiye&#8221; diye hayk\u0131rd\u0131. Bu bizim i\u00e7in g\u00fc\u00e7t\u00fcr ve de\u011ferdir. Toplumumuzla, gen\u00e7lerimizle birlikte milli de\u011ferlerimiz etraf\u0131ndan birle\u015fmek bizim g\u00f6revimiz. \u0130n\u015fallah hep beraber daha g\u00fczel g\u00fcnler ve bayramlar ya\u015faca\u011f\u0131z&#8221; ifadelerini kulland\u0131.<\/p>\n","protected":false},"excerpt":{"rendered":"<p>Toroslar Belediyesi, 2022-2023 e\u011fitim \u00f6\u011fretim y\u0131l\u0131nda da \u00fcniversite \u00f6\u011frencilerinin e\u011fitim s\u00fcrecine verdi\u011fi deste\u011fi s\u00fcrd\u00fcr\u00fcyor. Belediye, \u00fcniversiteyi kazanan lisans \u00f6\u011frencilerine 3 bin 200 TL, \u00f6nlisans \u00f6\u011frencilerine ise bin 600 TL yard\u0131m &hellip; <a href=\"https:\/\/akdenizolaygazetesi.com\/?p=20753\" class=\"more-link\">Devam\u0131n\u0131 Oku&#8230;<\/a><\/p>\n","protected":false},"author":2,"featured_media":20754,"comment_status":"open","ping_status":"open","sticky":false,"template":"","format":"standard","meta":[],"categories":[7,34,1,2,5,6],"tags":[],"_links":{"self":[{"href":"https:\/\/akdenizolaygazetesi.com\/index.php?rest_route=\/wp\/v2\/posts\/20753"}],"collection":[{"href":"https:\/\/akdenizolaygazetesi.com\/index.php?rest_route=\/wp\/v2\/posts"}],"about":[{"href":"https:\/\/akdenizolaygazetesi.com\/index.php?rest_route=\/wp\/v2\/types\/post"}],"author":[{"embeddable":true,"href":"https:\/\/akdenizolaygazetesi.com\/index.php?rest_route=\/wp\/v2\/users\/2"}],"replies":[{"embeddable":true,"href":"https:\/\/akdenizolaygazetesi.com\/index.php?rest_route=%2Fwp%2Fv2%2Fcomments&post=20753"}],"version-history":[{"count":1,"href":"https:\/\/akdenizolaygazetesi.com\/index.php?rest_route=\/wp\/v2\/posts\/20753\/revisions"}],"predecessor-version":[{"id":20755,"href":"https:\/\/akdenizolaygazetesi.com\/index.php?rest_route=\/wp\/v2\/posts\/20753\/revisions\/20755"}],"wp:featuredmedia":[{"embeddable":true,"href":"https:\/\/akdenizolaygazetesi.com\/index.php?rest_route=\/wp\/v2\/media\/20754"}],"wp:attachment":[{"href":"https:\/\/akdenizolaygazetesi.com\/index.php?rest_route=%2Fwp%2Fv2%2Fmedia&parent=20753"}],"wp:term":[{"taxonomy":"category","embeddable":true,"href":"https:\/\/akdenizolaygazetesi.com\/index.php?rest_route=%2Fwp%2Fv2%2Fcategories&post=20753"},{"taxonomy":"post_tag","embeddable":true,"href":"https:\/\/akdenizolaygazetesi.com\/index.php?rest_route=%2Fwp%2Fv2%2Ftags&post=20753"}],"curies":[{"name":"wp","href":"https:\/\/api.w.org\/{rel}","templated":true}]}}