{"id":20756,"date":"2022-09-04T14:12:11","date_gmt":"2022-09-04T11:12:11","guid":{"rendered":"http:\/\/akdenizolaygazetesi.com\/?p=20756"},"modified":"2022-09-04T14:12:11","modified_gmt":"2022-09-04T11:12:11","slug":"buyuksehir-vatandasin-aci-gununde-her-asamada-yaninda","status":"publish","type":"post","link":"https:\/\/akdenizolaygazetesi.com\/?p=20756","title":{"rendered":"B\u00dcY\u00dcK\u015eEH\u0130R VATANDA\u015eIN ACI G\u00dcN\u00dcNDE HER A\u015eAMADA YANINDA"},"content":{"rendered":"<p>Mersin B\u00fcy\u00fck\u015fehir Belediyesi Mezarl\u0131k \u0130\u015fleri Dairesi, b\u00fcnyesinde bulunan 57 cenaze nakil arac\u0131 ile ac\u0131l\u0131 g\u00fcnlerinde vatanda\u015flar\u0131n yan\u0131nda oluyor, t\u00fcm i\u015flemlerini yerini getiriyor. &#8216;Kayb\u0131m\u0131z Bir Kalbimiz Bir&#8217; slogan\u0131yla hareket eden ve mezarl\u0131k hizmetlerinin yan\u0131 s\u0131ra, hem \u015fehir d\u0131\u015f\u0131 hem de yurtd\u0131\u015f\u0131na cenaze nakil hizmeti veren ekipler, ayl\u0131k ortalama 800-900 aras\u0131 nakil i\u015flemi ger\u00e7ekle\u015ftiriyor.<br \/>\nS\u00fcre\u00e7 kapsam\u0131nda yap\u0131lmas\u0131 gereken t\u00fcm i\u015fler yerine getiriliyor<br \/>\nCenaze hizmetlerinde mesai kavram\u0131 g\u00f6zetmeksizin \u00e7al\u0131\u015fan ekipler; cenaze nakil, taziye \u00e7ad\u0131r\u0131, y\u0131kama ve defin i\u015flemlerini eksiksiz olarak y\u00fcr\u00fct\u00fcyor. Ge\u00e7ti\u011fimiz aylarda al\u0131nan 10 yeni ara\u00e7la birlikte cenaze nakil ara\u00e7 say\u0131s\u0131n\u0131 57&#8217;ye \u00e7\u0131kartan Mezarl\u0131k \u0130\u015fleri Dairesi, cenaze yak\u0131n\u0131 B\u00fcy\u00fck\u015fehir&#8217;e ula\u015ft\u0131\u011f\u0131 andan itibaren, s\u00fcre\u00e7 kapsam\u0131nda yap\u0131lmas\u0131 gereken t\u00fcm i\u015flemleri \u00fcstleniyor. Ekipler, \u015fehir d\u0131\u015f\u0131 ve yurtd\u0131\u015f\u0131na da cenaze nakil hizmeti veriyor.<br \/>\nU\u00e7ak ile T\u00fcrk Hava Yollar\u0131&#8217;n\u0131n ula\u015ft\u0131\u011f\u0131 her noktaya hizmet veren B\u00fcy\u00fck\u015fehir Belediyesi, hem kara hem de hava yolu ile 2022 y\u0131l\u0131 i\u00e7erisinde toplam 690 cenazenin naklini ger\u00e7ekle\u015ftirdi. Ekipler, \u015fehir i\u00e7inde ise 3 bin 432 cenaze nakil i\u015flemi yapt\u0131.<br \/>\nHer y\u0131l \u00f6zel g\u00fcnlerde ve dini bayramlarda Mersin genelinde mezarl\u0131k ziyaretlerini ger\u00e7ekle\u015ftiren vatanda\u015flara \u00e7i\u00e7ek ve su da\u011f\u0131t\u0131l\u0131rken, mezarl\u0131k ziyaretini yapmakta zorlanan ya\u015fl\u0131, engelli ve hamile vatanda\u015flar da, mezarl\u0131k i\u00e7erisinde yer alan \u00fccretsiz servis ara\u00e7lar\u0131yla, mezarl\u0131k ziyaretlerini rahatl\u0131kla ger\u00e7ekle\u015ftirebiliyor.<br \/>\n&#8220;Amac\u0131m\u0131z, vatanda\u015flar\u0131m\u0131z\u0131n ac\u0131s\u0131na ortak olmak&#8221;<br \/>\nCenaze ve Defin Hizmetleri \u015eube M\u00fcd\u00fcr\u00fc Z\u00fclk\u00fcf Akt\u00fcrk, &#8220;Mersin B\u00fcy\u00fck\u015fehir Belediyesi olarak, cenaze haberini ald\u0131ktan sonra cenaze nakil ara\u00e7lar\u0131m\u0131zla nakilden defnine kadar her a\u015famada hizmet veriyoruz. Definden sonra ise vatanda\u015flar\u0131m\u0131za \u00e7ad\u0131r, masa, sandalye, i\u00e7ecek ve yiyecek hizmeti veriyoruz&#8221; dedi.<br \/>\n23 tanesi merkez, 34 tanesi ise il\u00e7elerde olmak \u00fczere 57 cenaze nakil ara\u00e7lar\u0131 oldu\u011funu ifade eden Akt\u00fcrk, vatanda\u015flar\u0131n ula\u015fabilecekleri kanallar\u0131 payla\u015farak, &#8220;Vatanda\u015flar\u0131m\u0131z; Teksin, 188, Alo 185 ya da web sayfam\u0131zdan bize rahat\u00e7a ula\u015fabilirler. 7\/24 hizmet veriyoruz. Parolam\u0131z; &#8216;Kayb\u0131m\u0131z Bir, Kalbimiz Bir&#8217;. Biz bu d\u00fc\u015f\u00fcnceyle g\u00f6rev yap\u0131yoruz. Bizim buradaki amac\u0131m\u0131z, vatanda\u015flar\u0131m\u0131z\u0131n bir nebze de olsa ac\u0131s\u0131na ortak olmak ve onlarla bir oldu\u011fumuzu, onlar\u0131n hizmetinde ve yan\u0131nda oldu\u011fumuzu hissettirmektir&#8221; diye konu\u015ftu.<\/p>\n","protected":false},"excerpt":{"rendered":"<p>Mersin B\u00fcy\u00fck\u015fehir Belediyesi Mezarl\u0131k \u0130\u015fleri Dairesi, b\u00fcnyesinde bulunan 57 cenaze nakil arac\u0131 ile ac\u0131l\u0131 g\u00fcnlerinde vatanda\u015flar\u0131n yan\u0131nda oluyor, t\u00fcm i\u015flemlerini yerini getiriyor. &#8216;Kayb\u0131m\u0131z Bir Kalbimiz Bir&#8217; slogan\u0131yla hareket eden ve &hellip; <a href=\"https:\/\/akdenizolaygazetesi.com\/?p=20756\" class=\"more-link\">Devam\u0131n\u0131 Oku&#8230;<\/a><\/p>\n","protected":false},"author":2,"featured_media":20757,"comment_status":"open","ping_status":"open","sticky":false,"template":"","format":"standard","meta":[],"categories":[3],"tags":[],"_links":{"self":[{"href":"https:\/\/akdenizolaygazetesi.com\/index.php?rest_route=\/wp\/v2\/posts\/20756"}],"collection":[{"href":"https:\/\/akdenizolaygazetesi.com\/index.php?rest_route=\/wp\/v2\/posts"}],"about":[{"href":"https:\/\/akdenizolaygazetesi.com\/index.php?rest_route=\/wp\/v2\/types\/post"}],"author":[{"embeddable":true,"href":"https:\/\/akdenizolaygazetesi.com\/index.php?rest_route=\/wp\/v2\/users\/2"}],"replies":[{"embeddable":true,"href":"https:\/\/akdenizolaygazetesi.com\/index.php?rest_route=%2Fwp%2Fv2%2Fcomments&post=20756"}],"version-history":[{"count":1,"href":"https:\/\/akdenizolaygazetesi.com\/index.php?rest_route=\/wp\/v2\/posts\/20756\/revisions"}],"predecessor-version":[{"id":20758,"href":"https:\/\/akdenizolaygazetesi.com\/index.php?rest_route=\/wp\/v2\/posts\/20756\/revisions\/20758"}],"wp:featuredmedia":[{"embeddable":true,"href":"https:\/\/akdenizolaygazetesi.com\/index.php?rest_route=\/wp\/v2\/media\/20757"}],"wp:attachment":[{"href":"https:\/\/akdenizolaygazetesi.com\/index.php?rest_route=%2Fwp%2Fv2%2Fmedia&parent=20756"}],"wp:term":[{"taxonomy":"category","embeddable":true,"href":"https:\/\/akdenizolaygazetesi.com\/index.php?rest_route=%2Fwp%2Fv2%2Fcategories&post=20756"},{"taxonomy":"post_tag","embeddable":true,"href":"https:\/\/akdenizolaygazetesi.com\/index.php?rest_route=%2Fwp%2Fv2%2Ftags&post=20756"}],"curies":[{"name":"wp","href":"https:\/\/api.w.org\/{rel}","templated":true}]}}