{"id":20759,"date":"2022-09-04T14:13:35","date_gmt":"2022-09-04T11:13:35","guid":{"rendered":"http:\/\/akdenizolaygazetesi.com\/?p=20759"},"modified":"2022-09-04T14:13:35","modified_gmt":"2022-09-04T11:13:35","slug":"toroslar-ve-tarsusa-2-yeni-kres-daha-acildi","status":"publish","type":"post","link":"https:\/\/akdenizolaygazetesi.com\/?p=20759","title":{"rendered":"TOROSLAR VE TARSUS&#8217;A 2 YEN\u0130 KRE\u015e DAHA A\u00c7ILDI"},"content":{"rendered":"<p>Mersin B\u00fcy\u00fck\u015fehir Belediyesi&#8217;nin Toroslar Halkkent Sosyal Ya\u015fam Merkezi i\u00e7erisinde ve Tarsus \u015eehit \u0130shak Mevkiinde a\u00e7\u0131lan kre\u015fler i\u00e7in haz\u0131rl\u0131klar\u0131 t\u00fcm h\u0131z\u0131yla devam ediyor. Kre\u015fler, haz\u0131rl\u0131klar\u0131n tamamlanmas\u0131yla birlikte, 2022-2023 E\u011fitim \u00d6\u011fretim D\u00f6nemi i\u00e7in ilk miniklerini bekliyor olacak. Di\u011fer yandan Adile Teyze ve M\u00fcnir \u00d6zkul Kre\u015fleri&#8217;nde ise yeni e\u011fitim ve \u00f6\u011fretim y\u0131l\u0131 i\u00e7in haz\u0131rl\u0131klar tamamland\u0131.<br \/>\n\u00c7al\u0131\u015fan annelerin en fazla ihtiya\u00e7 duydu\u011fu kre\u015f sorununa \u00e7\u00f6z\u00fcm olan, Adile Teyze ve M\u00fcnir \u00d6zkul kre\u015flerine ek 2 yeni kre\u015f i\u00e7in kollar\u0131 s\u0131vayan B\u00fcy\u00fck\u015fehir Belediyesi, Toroslar Halkkent Sosyal Ya\u015fam Merkezi ve Tarsus \u015eehit \u0130shak Mevkiinde 2 yeni kre\u015f daha a\u00e7\u0131yor. \u00d6zellikle dar gelirli ve \u00e7al\u0131\u015fan ailelerin yo\u011funlukta oldu\u011fu Halkkent Sosyal Ya\u015fam Merkezi&#8217;nin \u00f6\u011frenci kapasitesi 45, Tarsus&#8217;ta a\u00e7\u0131lacak olan kre\u015fin ise 70 olarak belirlendi. Kre\u015fler ve ba\u015fvuru hakk\u0131nda bilgi almak isteyenler, Kre\u015f \u0130leti\u015fim Numaras\u0131 olan 0538 682 77 58&#8217;i arayarak bilgi alabilecek.<br \/>\n&#8220;Kre\u015flerdeki toplam \u00f6\u011frenci say\u0131m\u0131z\u0131 190&#8217;n\u0131n \u00fczerine \u00e7\u0131kartaca\u011f\u0131z&#8221;<br \/>\n\u00c7ocuk Geli\u015fim Merkezleri Koordinat\u00f6r\u00fc \u00d6zlem Tan\u0131\u015f\u0131k, mevcut 2 kre\u015fte haz\u0131rl\u0131klar\u0131n tamamland\u0131\u011f\u0131n\u0131 ve yeni a\u00e7\u0131lan 2 kre\u015fte ise son a\u015famaya geldi\u011fini belirterek, &#8220;\u00d6\u011fretmenlerimiz heyecanla \u00e7ocuklar\u0131m\u0131z\u0131 bekliyor. Yeni e\u011fitim \u00f6\u011fretim y\u0131l\u0131nda Mersin B\u00fcy\u00fck\u015fehir Belediyesi&#8217;nin 4 \u00c7ocuk Geli\u015fim Merkezi, aktif bir halde \u00e7ocuklar\u0131m\u0131za hizmet verecek. Daha \u00f6nce a\u00e7\u0131lan Adile Teyze ve M\u00fcnir \u00d6zkul \u00c7ocuk Geli\u015fim Merkezimizde toplam \u00f6\u011frenci kapasitesi 75 iken, yeni a\u00e7\u0131lacak \u00e7ocuk geli\u015fim merkezlerimizle birlikte toplam \u00f6\u011frenci kapasitesini 190&#8217;n\u0131n \u00fczerine \u00e7\u0131kartaca\u011f\u0131z. Halkkent&#8217;teki \u00c7ocuk Geli\u015fim Merkezimizde \u00f6\u011frenci kapasitesi 45, Tarsus&#8217;taki merkezimizde 70 olacak&#8221; dedi.<br \/>\n&#8220;Kre\u015flerde \u00e7ocuklar\u0131n t\u00fcm geli\u015fim alanlar\u0131 takip ediliyor&#8221;<br \/>\nKre\u015flerde verilen e\u011fitimin i\u00e7eri\u011fine de de\u011finen Tan\u0131\u015f\u0131k, &#8220;\u00c7ocuk Geli\u015fim Merkezlerimizde, alan\u0131ndan mezun \u00f6\u011fretmenlerimizle birlikte, \u00e7ocuklar\u0131n geli\u015fim alanlar\u0131na y\u00f6nelik; sosyal ve psikolojik \u00f6z bak\u0131m, psikomotor geli\u015fimleri, duygusal geli\u015fimlerine y\u00f6nelik \u00e7al\u0131\u015fmalar ve etkinlikler d\u00fczenliyor. T\u00fcm y\u0131l boyunca bu etkinlikler \u00f6\u011fretmenlerimiz taraf\u0131ndan uygulanmakla birlikte, \u00e7ocuklar\u0131n t\u00fcm geli\u015fim alanlar\u0131 da takip ediliyor. Bu konuda ailelere geri d\u00f6n\u00fctler veriyoruz. Ayn\u0131 zamanda, \u00e7ocuklar\u0131m\u0131z\u0131n bireysel geli\u015fimlerini daha iyi destekleyebilmek ad\u0131na, ailelerle bireysel g\u00f6r\u00fc\u015fmeler de yap\u0131yoruz&#8221; diye konu\u015ftu.<\/p>\n","protected":false},"excerpt":{"rendered":"<p>Mersin B\u00fcy\u00fck\u015fehir Belediyesi&#8217;nin Toroslar Halkkent Sosyal Ya\u015fam Merkezi i\u00e7erisinde ve Tarsus \u015eehit \u0130shak Mevkiinde a\u00e7\u0131lan kre\u015fler i\u00e7in haz\u0131rl\u0131klar\u0131 t\u00fcm h\u0131z\u0131yla devam ediyor. Kre\u015fler, haz\u0131rl\u0131klar\u0131n tamamlanmas\u0131yla birlikte, 2022-2023 E\u011fitim \u00d6\u011fretim D\u00f6nemi &hellip; <a href=\"https:\/\/akdenizolaygazetesi.com\/?p=20759\" class=\"more-link\">Devam\u0131n\u0131 Oku&#8230;<\/a><\/p>\n","protected":false},"author":2,"featured_media":20760,"comment_status":"open","ping_status":"open","sticky":false,"template":"","format":"standard","meta":[],"categories":[34,1,3],"tags":[],"_links":{"self":[{"href":"https:\/\/akdenizolaygazetesi.com\/index.php?rest_route=\/wp\/v2\/posts\/20759"}],"collection":[{"href":"https:\/\/akdenizolaygazetesi.com\/index.php?rest_route=\/wp\/v2\/posts"}],"about":[{"href":"https:\/\/akdenizolaygazetesi.com\/index.php?rest_route=\/wp\/v2\/types\/post"}],"author":[{"embeddable":true,"href":"https:\/\/akdenizolaygazetesi.com\/index.php?rest_route=\/wp\/v2\/users\/2"}],"replies":[{"embeddable":true,"href":"https:\/\/akdenizolaygazetesi.com\/index.php?rest_route=%2Fwp%2Fv2%2Fcomments&post=20759"}],"version-history":[{"count":1,"href":"https:\/\/akdenizolaygazetesi.com\/index.php?rest_route=\/wp\/v2\/posts\/20759\/revisions"}],"predecessor-version":[{"id":20761,"href":"https:\/\/akdenizolaygazetesi.com\/index.php?rest_route=\/wp\/v2\/posts\/20759\/revisions\/20761"}],"wp:featuredmedia":[{"embeddable":true,"href":"https:\/\/akdenizolaygazetesi.com\/index.php?rest_route=\/wp\/v2\/media\/20760"}],"wp:attachment":[{"href":"https:\/\/akdenizolaygazetesi.com\/index.php?rest_route=%2Fwp%2Fv2%2Fmedia&parent=20759"}],"wp:term":[{"taxonomy":"category","embeddable":true,"href":"https:\/\/akdenizolaygazetesi.com\/index.php?rest_route=%2Fwp%2Fv2%2Fcategories&post=20759"},{"taxonomy":"post_tag","embeddable":true,"href":"https:\/\/akdenizolaygazetesi.com\/index.php?rest_route=%2Fwp%2Fv2%2Ftags&post=20759"}],"curies":[{"name":"wp","href":"https:\/\/api.w.org\/{rel}","templated":true}]}}