{"id":20777,"date":"2022-09-05T13:09:54","date_gmt":"2022-09-05T10:09:54","guid":{"rendered":"http:\/\/akdenizolaygazetesi.com\/?p=20777"},"modified":"2022-09-05T13:09:54","modified_gmt":"2022-09-05T10:09:54","slug":"chpli-antmenden-suleyman-soylu-ve-mhpli-olcay-kilavuza-sert-yanit","status":"publish","type":"post","link":"https:\/\/akdenizolaygazetesi.com\/?p=20777","title":{"rendered":"CHP&#8217;L\u0130 ANTMEN&#8217;DEN S\u00dcLEYMAN SOYLU VE MHP&#8217;L\u0130 OLCAY KILAVUZ&#8217;A SERT YANIT"},"content":{"rendered":"<p>Mersin Milletvekili olarak se\u00e7ilmi\u015f bir Milletvekili var Anayasa\u2019n\u0131n 80 maddesi T\u00fcrkiye B\u00fcy\u00fck Millet Meclisi \u00fcyeleri, se\u00e7ildikleri b\u00f6lgeyi veya kendilerini se\u00e7enleri de\u011fil, b\u00fct\u00fcn Milleti temsil ederler der Yani Hangi partiden olursa olsun bir milletvekili ayr\u0131ms\u0131z , amas\u0131z , fakats\u0131z t\u00fcm milleti temsil eder , etmek zorundad\u0131r.<\/p>\n<p>\u0130smini anmayaca\u011f\u0131m , asl\u0131nda hakaretler savurmasa ve ger\u00e7e\u011fe ayk\u0131r\u0131 beyanlarda bulunmasa hi\u00e7 muhatap almayaca\u011f\u0131m bu Milletvekili 85 milyonun de\u011fil sadece kendi gibi d\u00fc\u015f\u00fcnmesini istedi\u011fi se\u00e7menine \u015firin g\u00f6z\u00fckmek i\u00e7in Mersin B\u00fcy\u00fck\u015fehir Belediyemize iftira etmeyi kendine tek ama\u00e7 ve g\u00f6rev edinmi\u015ftir. Bu yetmemi\u015f Biz Cumhuriyet Halk Partisi\u2019nin 3 milletvekilini de kendi d\u00fczlemine \u00e7ekerek siyasi reklam yapmaya \u00e7al\u0131\u015fmaktad\u0131r.<\/p>\n<p>Ona denecek tek \u015fey var asl\u0131nda \u201chadi oradan\u201d\u2026<\/p>\n<p>Say\u0131n Bas\u0131n mensuplar\u0131<\/p>\n<p>Bu Milletvekili Mersin\u2019in bar\u0131\u015f\u0131na , huzuruna , mutlulu\u011funa d\u00fc\u015fmand\u0131r. Bu milletvekili Mersin B\u00fcy\u00fck\u015fehir Belediyemize iftiralar atarak halk\u0131 kin ve d\u00fc\u015fmanl\u0131\u011fa tahrik etmeye \u00e7al\u0131\u015fmaktad\u0131r.<\/p>\n<p>Bu Milletvekili \u0131srarla Mersin B\u00fcy\u00fck \u015eehir Belediyesi ve CHP\u2019li \u0130l\u00e7e Belediyelerine \u00e7amur atmaya , s\u00f6zde Belediyelerimizi ter\u00f6r ve ter\u00f6rizm ile irtibatland\u0131rmaya \u00e7al\u0131\u015fmaktad\u0131r.<\/p>\n<p>\u0130stedi\u011fi kadar \u00e7amur atsa bu konuda Belediyelerimizde izi kalmaz.<\/p>\n<p>Neden mi ?<\/p>\n<p>Belediyelerde i\u015f\u00e7i istihdam\u0131 Kamu Kurum ve Kurulu\u015flar\u0131na \u0130\u015f\u00e7i Al\u0131nmas\u0131nda Uygulanacak Usul ve Esaslar Hakk\u0131nda Y\u00f6netmelik h\u00fck\u00fcmlerine g\u00f6re yap\u0131l\u0131r.<\/p>\n<p>Belediyeler Y\u00f6netmeli\u011fi 6.maddesine g\u00f6re i\u015f\u00e7i ihtiya\u00e7lar\u0131n\u0131, i\u015f kolu, meslek pozisyonu, \u00f6\u011frenim, i\u015f tecr\u00fcbesi, \u00fccret, sosyal yard\u0131mlar gibi ayr\u0131nt\u0131larla yaz\u0131l\u0131 veya elektronik ortamda Kurumdan  (\u0130\u015eKUR\u2019dan) talep etmek ve 8 inci madde h\u00fck\u00fcmleri sakl\u0131 kalmak \u00fczere Kurum taraf\u0131ndan g\u00f6nderilenler aras\u0131ndan kar\u015f\u0131lamak zorundad\u0131r.<\/p>\n<p>Ayn\u0131 Y\u00f6netmeli\u011fi 4.maddesi gere\u011fince Belediyeler : Affa u\u011fram\u0131\u015f olsa bile Devletin g\u00fcvenli\u011fine kar\u015f\u0131 su\u00e7lar, anayasal d\u00fczene ve bu d\u00fczenin i\u015fleyi\u015fine kar\u015f\u0131 su\u00e7lar, milli savunmaya kar\u015f\u0131 su\u00e7lar, Devlet s\u0131rlar\u0131na kar\u015f\u0131 su\u00e7lar ve casusluk, zimmet, irtikap, r\u00fc\u015fvet, h\u0131rs\u0131zl\u0131k, doland\u0131r\u0131c\u0131l\u0131k, sahtecilik, g\u00fcveni k\u00f6t\u00fcye kullanma, hileli iflas, ihaleye fesat kar\u0131\u015ft\u0131rma, edimin ifas\u0131na fesat kar\u0131\u015ft\u0131rma, su\u00e7tan kaynaklanan malvarl\u0131\u011f\u0131 de\u011ferlerini aklama veya ka\u00e7ak\u00e7\u0131l\u0131k su\u00e7lar\u0131ndan mahkum olanlar\u0131 i\u015fe alamazlar.<\/p>\n<p>\u0130\u015f\u00e7i al\u0131m\u0131nda \u00f6nce Adli Sicil kayd\u0131na bak\u0131l\u0131r ve ayr\u0131ca i\u015fe girecekler i\u00e7in \u0130\u00e7i\u015fleri Bakanl\u0131\u011f\u0131 taraf\u0131ndan g\u00fcvenlik soru\u015fturmas\u0131 yap\u0131l\u0131r.<\/p>\n<p>E\u011fer Belediyelerimizde bir ter\u00f6rist \u00e7al\u0131\u015f\u0131yorsa bunun su\u00e7u Adli Sicil kayd\u0131n\u0131 tutan Adalet Bakanl\u0131\u011f\u0131 ve g\u00fcvenlik soru\u015fturmas\u0131n\u0131 yanl\u0131\u015f yapan \u0130\u00e7i\u015fleri Bakanl\u0131\u011f\u0131d\u0131r.<\/p>\n<p>De\u011ferli Bas\u0131n Mensuplar\u0131<\/p>\n<p>Bir de deyim yerinde ise \u201d bozac\u0131n\u0131n \u015fahidi \u015f\u0131rac\u0131\u201d var.<\/p>\n<p>Son zamanlarda yarg\u0131ya intikal eden pek \u00e7ok kriminal \u015fah\u0131s ile resimleri bas\u0131nda yay\u0131nlana bir \u0130\u00e7i\u015fleri Bakan\u0131 var. Bu Bakan bizlerin soru \u00f6nergelerine ya hi\u00e7 cevap vermez, ya da mevzuata g\u00f6re i\u015flem yap\u0131lm\u0131\u015ft\u0131r der ge\u00e7er. \u0130ktidara geldi\u011fimizde yap\u0131lanlar\u0131n mevzuata uygun yap\u0131l\u0131p yap\u0131lmad\u0131\u011f\u0131n\u0131 elbette kontrol edece\u011fiz. Konumuz \u015fimdi bu de\u011fil.<\/p>\n<p>Ad\u0131 ge\u00e7en Milletvekili bir soru \u00f6nergesi ile Mersin B\u00fcy\u00fck\u015fehir Belediyemiz ve CHP\u2019li Belediyelere \u00e7amur atmaya malzeme istiyor , bundan bahsettim ;<\/p>\n<p>\u0130\u00e7i\u015fleri Bakan\u0131 ne cevap veriyor ?<\/p>\n<p>Mersin B\u00fcy\u00fck\u015fehir Belediyesi ve il\u00e7e Belediyeleri personeli aras\u0131nda 33 ki\u015fi PKK\/KCK, 5 ki\u015fi FET\u00d6\/PDY ve 2 ki\u015fi H\u0130ZBULLAH ter\u00f6r \u00f6rg\u00fct\u00fc mensubu oldu\u011fu gerek\u00e7esiyle g\u00f6zalt\u0131na al\u0131nm\u0131\u015f, 14 ki\u015fi adli makamlarca tutuklanm\u0131\u015ft\u0131r.<\/p>\n<p>Ayr\u0131ca; PKK\/KCK ter\u00f6r \u00f6rg\u00fct\u00fc i\u00e7erisinde faaliyet y\u00fcr\u00fctmekte iken \u00f6len ya da ter\u00f6r su\u00e7lar\u0131ndan tutuklu\/h\u00fck\u00fcml\u00fc bulunan \u015fah\u0131slar\u0131n yak\u0131nlar\u0131ndan 33 ki\u015fi halen Mersin B\u00fcy\u00fck\u015fehir Belediyesinde \u00e7al\u0131\u015fmaktad\u0131r.<\/p>\n<p>Cevaba bak\u0131n Hakk\u0131nda kesinle\u015fmi\u015f mahkumiyet karar\u0131 bulunan ter\u00f6ristler Belediyelerde \u00e7al\u0131\u015ft\u0131r\u0131lm\u0131\u015ft\u0131r demiyor ; Mersin\u2019de B\u00fcy\u00fck\u015fehir ve parti ayr\u0131m\u0131 yap\u0131lmadan 40 ki\u015fi ter\u00f6r \u00f6rg\u00fct\u00fc mensubu oldu\u011fu gerek\u00e7esi ile g\u00f6z alt\u0131na al\u0131nm\u0131\u015f diyor ;  hangi Belediyeler belli de\u011fil<\/p>\n<p>14 ki\u015fi tutuklanm\u0131\u015f ; yine . hangi Belediyelerden belirtilmemi\u015f<\/p>\n<p>Bir de ter\u00f6r su\u00e7lusu 33 ki\u015finin yak\u0131n\u0131 B\u00fcy\u00fck\u015fehir belediyesinde \u00e7al\u0131\u015f\u0131yormu\u015f. Yaz\u0131kt\u0131r , g\u00fcnaht\u0131r nerde kald\u0131 cezalar\u0131n \u015fahsili\u011fi prensibi ? Adam\u0131n ailesinde bir su\u00e7lu varsa onu da m\u0131 i\u00e7eri atal\u0131m , adam\u0131n soyunu sopunu nerden bilsin Belediyeler.<\/p>\n<p>\u0130\u00e7i\u015fleri Bakan\u0131\u2019na soruyorum isim vermeyece\u011fim 15 Temmuz Darbe Giri\u015fimi sonras\u0131 ordudan ihra\u00e7 edilen ve darbe giri\u015fimine kalk\u0131\u015fan Yurtta Sulh Konseyinin \u00fcyesi oldu\u011fu gerek\u00e7esiyle 141 kez a\u011f\u0131rla\u015ft\u0131r\u0131lm\u0131\u015f m\u00fcebbet hapis cezas\u0131na \u00e7arpt\u0131r\u0131lan vatan haininin karde\u015fi  B\u00fcy\u00fckel\u00e7i olarak atanm\u0131\u015f m\u0131d\u0131r , atanmam\u0131\u015f m\u0131d\u0131r ?<\/p>\n<p>Say\u0131n Bas\u0131n Mensuplar\u0131<\/p>\n<p>Meclis\u2019te s\u00f6yledim bir kez daha s\u00f6ylece\u011fim: T\u00fcrkiye\u2019de bir yalanlar ittifak\u0131, iftiralar birlikteli\u011fi, haysiyet cellatl\u0131\u011f\u0131 koalisyonun var  \u00dclkemizin kurucu ve kurtar\u0131c\u0131 Partisi CHP\u2019yi utanmadan s\u0131k\u0131lmadan PKK ile yan yana anmaya c\u00fcret edenler ter\u00f6risti belediyede bo\u015funa aramas\u0131n; ben adres vereyim; gitsin, ter\u00f6rist ba\u015f\u0131n\u0131n karde\u015fini devletin kanal\u0131 TRT\u2019ye \u00e7\u0131kartanlar\u0131n aras\u0131nda aras\u0131n.<\/p>\n<p>Mersin bir bar\u0131\u015f kentidir , birlikte ya\u015fama k\u00fclt\u00fcr\u00fcn\u00fcn i\u00e7selle\u015ftirildi\u011fi bir huzur kenttir. Kimsenin de nefret diliyle, \u0131rk\u00e7\u0131 s\u00f6ylemlerle, \u015fiddete e\u011filimli yap\u0131lar\u0131yla \u00fclke ve Mersin\u2019deki bar\u0131\u015f ve karde\u015flik iklimine bozmaya hakk\u0131 yoktur<\/p>\n<p>Bunlar, \u00fclkemizdeki bar\u0131\u015f ve karde\u015flik i\u00e7in \u00e7ok a\u00e7\u0131k bir engel olu\u015fturuyorlar. Bitmi\u015f siyasetlerini ayakta tutmak, oylar\u0131n\u0131n erimesine engel olmak i\u00e7in bu halk\u0131 birbirine d\u00fc\u015f\u00fcrmeye \u00e7al\u0131\u015f\u0131yorlar.<\/p>\n<p>Halka hizmet etmek i\u00e7in gece g\u00fcnd\u00fcz \u00e7al\u0131\u015fan belediye ba\u015fkanlar\u0131m\u0131za iftira at\u0131yorlar. B\u00fcy\u00fck\u015fehir Belediye Ba\u015fkan\u0131m\u0131z Vahap Se\u00e7er ve CHP\u2019li \u0130l\u00e7e Belediye Ba\u015fkanlar\u0131m\u0131z ranta de\u011fil halka ve ayr\u0131m yapmadan t\u00fcm Mersinli\u2019lere hizmet diyor.<\/p>\n<p>Esas dertleri Belediyelerimizin hizmetlerinden rahats\u0131z olmalar\u0131d\u0131r. <\/p>\n<p>Ama az kald\u0131 ne yaparlarsa yaps\u0131nlar gidiyorlar. Geliyor gelmekte olan \u2026<\/p>\n","protected":false},"excerpt":{"rendered":"<p>Mersin Milletvekili olarak se\u00e7ilmi\u015f bir Milletvekili var Anayasa\u2019n\u0131n 80 maddesi T\u00fcrkiye B\u00fcy\u00fck Millet Meclisi \u00fcyeleri, se\u00e7ildikleri b\u00f6lgeyi veya kendilerini se\u00e7enleri de\u011fil, b\u00fct\u00fcn Milleti temsil ederler der Yani Hangi partiden olursa &hellip; <a href=\"https:\/\/akdenizolaygazetesi.com\/?p=20777\" class=\"more-link\">Devam\u0131n\u0131 Oku&#8230;<\/a><\/p>\n","protected":false},"author":2,"featured_media":20778,"comment_status":"open","ping_status":"open","sticky":false,"template":"","format":"standard","meta":[],"categories":[2,3,6],"tags":[],"_links":{"self":[{"href":"https:\/\/akdenizolaygazetesi.com\/index.php?rest_route=\/wp\/v2\/posts\/20777"}],"collection":[{"href":"https:\/\/akdenizolaygazetesi.com\/index.php?rest_route=\/wp\/v2\/posts"}],"about":[{"href":"https:\/\/akdenizolaygazetesi.com\/index.php?rest_route=\/wp\/v2\/types\/post"}],"author":[{"embeddable":true,"href":"https:\/\/akdenizolaygazetesi.com\/index.php?rest_route=\/wp\/v2\/users\/2"}],"replies":[{"embeddable":true,"href":"https:\/\/akdenizolaygazetesi.com\/index.php?rest_route=%2Fwp%2Fv2%2Fcomments&post=20777"}],"version-history":[{"count":1,"href":"https:\/\/akdenizolaygazetesi.com\/index.php?rest_route=\/wp\/v2\/posts\/20777\/revisions"}],"predecessor-version":[{"id":20779,"href":"https:\/\/akdenizolaygazetesi.com\/index.php?rest_route=\/wp\/v2\/posts\/20777\/revisions\/20779"}],"wp:featuredmedia":[{"embeddable":true,"href":"https:\/\/akdenizolaygazetesi.com\/index.php?rest_route=\/wp\/v2\/media\/20778"}],"wp:attachment":[{"href":"https:\/\/akdenizolaygazetesi.com\/index.php?rest_route=%2Fwp%2Fv2%2Fmedia&parent=20777"}],"wp:term":[{"taxonomy":"category","embeddable":true,"href":"https:\/\/akdenizolaygazetesi.com\/index.php?rest_route=%2Fwp%2Fv2%2Fcategories&post=20777"},{"taxonomy":"post_tag","embeddable":true,"href":"https:\/\/akdenizolaygazetesi.com\/index.php?rest_route=%2Fwp%2Fv2%2Ftags&post=20777"}],"curies":[{"name":"wp","href":"https:\/\/api.w.org\/{rel}","templated":true}]}}