{"id":20786,"date":"2022-09-06T12:28:40","date_gmt":"2022-09-06T09:28:40","guid":{"rendered":"http:\/\/akdenizolaygazetesi.com\/?p=20786"},"modified":"2022-09-06T12:28:40","modified_gmt":"2022-09-06T09:28:40","slug":"buyuksehir-ses-yarismasina-ev-sahipligi-yapti","status":"publish","type":"post","link":"https:\/\/akdenizolaygazetesi.com\/?p=20786","title":{"rendered":"B\u00dcY\u00dcK\u015eEH\u0130R, SES YARI\u015eMASINA EV SAH\u0130PL\u0130\u011e\u0130 YAPTI"},"content":{"rendered":"<p>Mersin B\u00fcy\u00fck\u015fehir Belediyesi Kad\u0131n ve Aile Hizmetleri Dairesi Ba\u015fkanl\u0131\u011f\u0131&#8217;na ba\u011fl\u0131 Tarsus Gen\u00e7lik Kamp\u0131, T\u00fcrkiye&#8217;de ilk kez d\u00fczenlenen &#8216;Mikrofon Bende M\u00fczik Kamp\u0131 ve Ses Yar\u0131\u015fmas\u0131&#8217; etkinli\u011fine ev sahipli\u011fi yapt\u0131.<br \/>\nK\u00fclt\u00fcr Bakanl\u0131\u011f\u0131 taraf\u0131ndan tescili al\u0131nan ve Melisa G\u00fcna\u015ft\u0131 Yanat, G\u00fcl Havva \u00c7ak\u0131c\u0131, Nail \u015eencan, Derya Karao\u011flu ve Serkan Karao\u011flu&#8217;nun y\u00f6netim kurulu \u00fcyeli\u011fini yapt\u0131klar\u0131 &#8216;Mikrofon Bende M\u00fczik Kamp\u0131 ve Ses Yar\u0131\u015fmas\u0131&#8217;na, T\u00fcrkiye&#8217;nin farkl\u0131 \u015fehirlerinden 30 yar\u0131\u015fmac\u0131 kat\u0131ld\u0131.<br \/>\nT\u00fcrk m\u00fczi\u011fine yeni sesler kazand\u0131rmay\u0131 ama\u00e7layan &#8216;M\u00fczik Kamp\u0131&#8217; iki g\u00fcn s\u00fcrd\u00fc. B\u00fcy\u00fck\u015fehir Belediyesi&#8217;nin katk\u0131lar\u0131yla ger\u00e7ekle\u015fen programda, Gen\u00e7lik Kamp\u0131&#8217;n\u0131n do\u011fal ortam\u0131nda hem \u00e7al\u0131\u015fma, hem de dinlenme \u015fans\u0131 bulan yar\u0131\u015fmac\u0131lar, final gecesinde ise sahne ald\u0131lar.<br \/>\nMehmet B\u00fclent \u00c7imentepe, \u015eebnem \u00d6zsaran ve Ayg\u00fcn Karado\u011fan&#8217;\u0131n j\u00fcri \u00fcyeli\u011fini yapt\u0131klar\u0131 yar\u0131\u015fmada sahne alan yar\u0131\u015fmac\u0131lar; pop\u00fcler m\u00fczikten duygusal \u015fark\u0131lara, t\u00fcrk\u00fclerden fantezi eserlere kadar farkl\u0131 t\u00fcrlerdeki par\u00e7alarla geceye renk katt\u0131lar.<\/p>\n<p>T\u00fcm yar\u0131\u015fmac\u0131lara kat\u0131l\u0131m belgesi da\u011f\u0131t\u0131ld\u0131<\/p>\n<p>&#8216;Mikrofon Bende M\u00fczik Kamp\u0131 ve Ses Yar\u0131\u015fmas\u0131&#8217;nda yap\u0131lan oylama sonunda Serkan Karao\u011flu birinci, Zana Acar ikinci, Erden \u00dcnal ise \u00fc\u00e7\u00fcnc\u00fc oldu. J\u00fcri \u00f6zel \u00f6d\u00fclleri ise Serhat \u00c7al\u0131\u015f\u0131r, Murat \u00dcta\u00e7 ve Mehmet Turan&#8217;a verildi. T\u00fcm yar\u0131\u015fmac\u0131lara program sonunda kat\u0131l\u0131m belgeleri da\u011f\u0131t\u0131ld\u0131.<\/p>\n<p>&#8220;Belediyemiz k\u00fclt\u00fcr ve sanata \u00e7ok \u00f6nem veriyor&#8221;<\/p>\n<p>Kad\u0131n ve Aile Hizmetleri Dairesi Ba\u015fkan\u0131 \u015eerife Haso\u011flu Dokucu t\u00f6rende yapt\u0131\u011f\u0131 konu\u015fmada, &#8220;Ba\u015fkan\u0131m\u0131z Vahap Se\u00e7er ad\u0131na, hepinize ho\u015f geldiniz demek istiyorum. Belediyemiz, sanat\u00e7\u0131lara ger\u00e7ekten \u00e7ok \u00f6nem veriyor. &#8216;Mikrofon Bende Yar\u0131\u015fmas\u0131&#8217;n\u0131n ilkinin burada olmas\u0131 da, bizim i\u00e7in onur verici bir olay&#8221; dedi.<\/p>\n<p>&#8220;Bu tarz yar\u0131\u015fmalar ilgi g\u00f6r\u00fcyor&#8221;<\/p>\n<p>Yar\u0131\u015fmaya g\u00f6zlemci olarak kat\u0131lan Yap\u0131mc\u0131 Murat Yontan, projenin ilgi \u00e7ekici oldu\u011funu belirterek, &#8220;Bilindi\u011fi \u00fczere bu tarz yar\u0131\u015fmalar ilgi ile izlenmekte. Halk\u0131m\u0131z da bu tarz yar\u0131\u015fmalara b\u00fcy\u00fck ilgi g\u00f6stermekte. Biz de g\u00f6zlemlemek i\u00e7in kat\u0131ld\u0131k buraya. Kat\u0131l\u0131mc\u0131lar\u0131n enerjileri \u00e7ok g\u00fczel, haz\u0131rl\u0131k \u00e7ok g\u00fczel&#8221; diye konu\u015ftu.<\/p>\n<p>&#8220;Amat\u00f6r ruhla, profesyonel bir i\u015f yap\u0131lm\u0131\u015f&#8221;<\/p>\n<p>Yar\u0131\u015fman\u0131n j\u00fcri \u00fcyelerinden m\u00fczisyen Ayg\u00fcn Karado\u011fan, &#8220;Amat\u00f6r ruhla \u00e7ok profesyonel bir i\u015f yap\u0131lm\u0131\u015f. Bu olu\u015fumda eme\u011fi ge\u00e7en herkese \u00e7ok te\u015fekk\u00fcr ediyorum. Gen\u00e7lerimize ve m\u00fczik a\u015f\u0131klar\u0131na bu olana\u011f\u0131n verilmesi, m\u00fczik ad\u0131na \u00e7ok \u00f6nemli&#8221; dedi.<\/p>\n<p>&#8220;Bu proje benim hayalimdi&#8221;<\/p>\n<p>Mikrofon Bende M\u00fczik Kamp\u0131 projesi y\u00f6neticilerinden Melisa G\u00fcna\u015ft\u0131 Yanat &#8220;Bu proje benim hayalimdi. \u00c7ocuklu\u011fumdan beri diyordum ki; dans kamp\u0131 var, yoga kamp\u0131 var, neden m\u00fczik kamp\u0131 yok? \u015eu an 30 yar\u0131\u015fmac\u0131 arkada\u015f\u0131m\u0131zla beraber buraday\u0131z, \u00e7ok mutluyuz. Bu projenin tescilini de ald\u0131k K\u00fclt\u00fcr Bakanl\u0131\u011f\u0131&#8217;ndan. T\u00fcrkiye&#8217;de bir ilk, asl\u0131nda d\u00fcnyada da yok. Mersin B\u00fcy\u00fck\u015fehir Belediyesi&#8217;ne ve Ba\u015fkan\u0131m\u0131z Say\u0131n Vahap Se\u00e7er&#8217;e te\u015fekk\u00fcr\u00fc bir bor\u00e7 biliyorum&#8221; \u015feklinde konu\u015ftu.<\/p>\n<p>&#8220;\u00c7ocu\u011fumuz olarak bak\u0131yoruz&#8221;<\/p>\n<p>Yine proje y\u00f6neticilerinden G\u00fcl Havva \u00c7ak\u0131c\u0131 da, &#8220;Bizim i\u00e7in \u00e7ok de\u011ferli bir proje. \u00d6zelikle ben ve Melisa Yanat bu projeye \u00e7ocu\u011fumuz olarak bak\u0131yoruz. Bu \u00e7ocu\u011fu b\u00fcy\u00fctmek ad\u0131na sizlere, j\u00fcri \u00fcyelerimize, de\u011fer veren, destek veren t\u00fcm arkada\u015flar\u0131m\u0131za; Mersin B\u00fcy\u00fck\u015fehir Belediyesi&#8217;ne, Say\u0131n Vahap Se\u00e7er&#8217;e ve \u015eerife han\u0131ma sonsuz te\u015fekk\u00fcrlerimizi sunuyoruz&#8221; ifadelerini kulland\u0131.<\/p>\n","protected":false},"excerpt":{"rendered":"<p>Mersin B\u00fcy\u00fck\u015fehir Belediyesi Kad\u0131n ve Aile Hizmetleri Dairesi Ba\u015fkanl\u0131\u011f\u0131&#8217;na ba\u011fl\u0131 Tarsus Gen\u00e7lik Kamp\u0131, T\u00fcrkiye&#8217;de ilk kez d\u00fczenlenen &#8216;Mikrofon Bende M\u00fczik Kamp\u0131 ve Ses Yar\u0131\u015fmas\u0131&#8217; etkinli\u011fine ev sahipli\u011fi yapt\u0131. K\u00fclt\u00fcr Bakanl\u0131\u011f\u0131 &hellip; <a href=\"https:\/\/akdenizolaygazetesi.com\/?p=20786\" class=\"more-link\">Devam\u0131n\u0131 Oku&#8230;<\/a><\/p>\n","protected":false},"author":2,"featured_media":20787,"comment_status":"open","ping_status":"open","sticky":false,"template":"","format":"standard","meta":[],"categories":[34,1,2,3,5],"tags":[],"_links":{"self":[{"href":"https:\/\/akdenizolaygazetesi.com\/index.php?rest_route=\/wp\/v2\/posts\/20786"}],"collection":[{"href":"https:\/\/akdenizolaygazetesi.com\/index.php?rest_route=\/wp\/v2\/posts"}],"about":[{"href":"https:\/\/akdenizolaygazetesi.com\/index.php?rest_route=\/wp\/v2\/types\/post"}],"author":[{"embeddable":true,"href":"https:\/\/akdenizolaygazetesi.com\/index.php?rest_route=\/wp\/v2\/users\/2"}],"replies":[{"embeddable":true,"href":"https:\/\/akdenizolaygazetesi.com\/index.php?rest_route=%2Fwp%2Fv2%2Fcomments&post=20786"}],"version-history":[{"count":1,"href":"https:\/\/akdenizolaygazetesi.com\/index.php?rest_route=\/wp\/v2\/posts\/20786\/revisions"}],"predecessor-version":[{"id":20788,"href":"https:\/\/akdenizolaygazetesi.com\/index.php?rest_route=\/wp\/v2\/posts\/20786\/revisions\/20788"}],"wp:featuredmedia":[{"embeddable":true,"href":"https:\/\/akdenizolaygazetesi.com\/index.php?rest_route=\/wp\/v2\/media\/20787"}],"wp:attachment":[{"href":"https:\/\/akdenizolaygazetesi.com\/index.php?rest_route=%2Fwp%2Fv2%2Fmedia&parent=20786"}],"wp:term":[{"taxonomy":"category","embeddable":true,"href":"https:\/\/akdenizolaygazetesi.com\/index.php?rest_route=%2Fwp%2Fv2%2Fcategories&post=20786"},{"taxonomy":"post_tag","embeddable":true,"href":"https:\/\/akdenizolaygazetesi.com\/index.php?rest_route=%2Fwp%2Fv2%2Ftags&post=20786"}],"curies":[{"name":"wp","href":"https:\/\/api.w.org\/{rel}","templated":true}]}}